{"id":34499,"date":"2025-04-18T16:48:13","date_gmt":"2025-04-18T16:48:13","guid":{"rendered":"https:\/\/www.europesays.com\/fr\/34499\/"},"modified":"2025-04-18T16:48:13","modified_gmt":"2025-04-18T16:48:13","slug":"un-homme-interpelle-gare-montparnasse-a-paris-avec-un-pactole-qui-posait-probleme-aux-policiers","status":"publish","type":"post","link":"https:\/\/www.europesays.com\/fr\/34499\/","title":{"rendered":"Un homme interpell\u00e9 gare Montparnasse \u00e0 Paris avec un pactole qui posait probl\u00e8me aux policiers"},"content":{"rendered":"<p>            Par<br \/>\n        <strong><br \/>\n            <a href=\"https:\/\/actu.fr\/auteur\/redaction-paris\" title=\"Consulter tous les articles de R\u00e9daction Paris\" target=\"_blank\" rel=\"noopener\">R\u00e9daction Paris<\/a><br \/>\n        <\/strong><\/p>\n<p>        Publi\u00e9 le<\/p>\n<p>            17 avr. 2025 \u00e0 15h39        <\/p>\n<p>Nouveau record pour les policiers. Lundi 14\u00a0avril 2025, les forces de l\u2019ordre ont interpell\u00e9, en <a href=\"https:\/\/actu.fr\/tag\/gare-montparnasse\" target=\"_blank\" rel=\"noopener\">gare Montparnasse<\/a> \u00e0 Paris, lors d\u2019une \u00ab\u2009op\u00e9ration de s\u00e9curisation\u2009\u00bb, un individu en <strong>possession de 40\u2009000\u00a0euros<\/strong> dont il ne pouvait justifier l\u2019origine, a fait savoir la <a href=\"https:\/\/actu.fr\/tag\/prefecture-de-police-de-paris\" target=\"_blank\" rel=\"noopener\">pr\u00e9fecture de police<\/a> sur X.<\/p>\n<p>Toujours pouvoir justifier la provenance de sommes importantes<\/p>\n<p class=\" wall-content\">Ce n\u2019est pas la premi\u00e8re fois que ce type de d\u00e9couverte se produit. Pas plus tard que vendredi 11\u00a0avril 2025, c\u2019est <a href=\"https:\/\/actu.fr\/ile-de-france\/paris_75056\/paris-interpellee-dans-le-metro-avec-28-000-euros-sur-elle-combien-d-argent-liquide-peut-on-avoir-sur-soi_62503319.html\" target=\"_blank\" rel=\"noopener\">dans le m\u00e9tro qu\u2019une usag\u00e8re avait \u00e9t\u00e9 contr\u00f4l\u00e9e<\/a>.\u00a0Dans son sac, <strong>28\u2009000\u00a0euros en esp\u00e8ces<\/strong>.\u00a0Se trouvant dans l\u2019incapacit\u00e9 d\u2019en d\u00e9clarer la provenance, elle avait \u00e9t\u00e9 interpell\u00e9e.<\/p>\n<p class=\" wall-content\">Comme\u00a0<a href=\"https:\/\/actu.fr\/paris\/dernieres-actus\" target=\"_blank\" rel=\"noopener\">actu Paris<\/a> vous le rappelez alors, s\u2019il n\u2019y a <strong>pas officiellement de somme maximum<\/strong> que l\u2019on peut transporter sur soi en liquide, certaines r\u00e8gles sont \u00e0 respecter pour \u00e9viter de conna\u00eetre le m\u00eame sort que les deux personnes cit\u00e9es plus haut. Parmi elles\u2009: \u00eatre capable de justifier la provenance des billets gr\u00e2ce \u00e0 des documents officiels de type (relev\u00e9s bancaires, factures, etc.).<\/p>\n<p class=\" wall-content\">M\u00eame situation dans la sph\u00e8re priv\u00e9e. D\u00e9tenir chez soi <strong>plus de 10\u2009000\u00a0euros en liquide<\/strong> sans pouvoir expliquer d\u2019o\u00f9 vient l\u2019argent peut exposer \u00e0 des suspicions des autorit\u00e9s.<\/p>\n<p class=\" wall-content\">Suivez toute l\u2019actualit\u00e9 de vos villes et m\u00e9dias favoris en vous inscrivant \u00e0 <a href=\"https:\/\/moncompte.actu.fr\" title=\"D\u00e9couvez Mon Actu\" rel=\"nofollow noopener\" data-trk=\"{&quot;cta&quot;:{&quot;action&quot;:&quot;https:\\\/\\\/moncompte.actu.fr&quot;,&quot;category&quot;:&quot;mon compte&quot;,&quot;from&quot;:&quot;article footer&quot;,&quot;name&quot;:&quot;Mon actu&quot;,&quot;type&quot;:&quot;cta&quot;}}\" target=\"_blank\">Mon Actu<\/a>.<\/p>\n","protected":false},"excerpt":{"rendered":"Par R\u00e9daction Paris Publi\u00e9 le 17 avr. 2025 \u00e0 15h39 Nouveau record pour les policiers. Lundi 14\u00a0avril 2025,&hellip;\n","protected":false},"author":2,"featured_media":34500,"comment_status":"","ping_status":"","sticky":false,"template":"","format":"standard","meta":{"footnotes":""},"categories":[1888],"tags":[11,1261,1777,674,118,1011,27,8037,12,626,1931,25],"class_list":{"0":"post-34499","1":"post","2":"type-post","3":"status-publish","4":"format-standard","5":"has-post-thumbnail","7":"category-paris","8":"tag-actualites","9":"tag-argent","10":"tag-eu","11":"tag-europe","12":"tag-faits-divers","13":"tag-fr","14":"tag-france","15":"tag-gare-montparnasse","16":"tag-news","17":"tag-paris","18":"tag-prefecture-de-police-de-paris","19":"tag-republique-francaise"},"share_on_mastodon":{"url":"https:\/\/pubeurope.com\/@fr\/114359992789471098","error":""},"_links":{"self":[{"href":"https:\/\/www.europesays.com\/fr\/wp-json\/wp\/v2\/posts\/34499","targetHints":{"allow":["GET"]}}],"collection":[{"href":"https:\/\/www.europesays.com\/fr\/wp-json\/wp\/v2\/posts"}],"about":[{"href":"https:\/\/www.europesays.com\/fr\/wp-json\/wp\/v2\/types\/post"}],"author":[{"embeddable":true,"href":"https:\/\/www.europesays.com\/fr\/wp-json\/wp\/v2\/users\/2"}],"replies":[{"embeddable":true,"href":"https:\/\/www.europesays.com\/fr\/wp-json\/wp\/v2\/comments?post=34499"}],"version-history":[{"count":0,"href":"https:\/\/www.europesays.com\/fr\/wp-json\/wp\/v2\/posts\/34499\/revisions"}],"wp:featuredmedia":[{"embeddable":true,"href":"https:\/\/www.europesays.com\/fr\/wp-json\/wp\/v2\/media\/34500"}],"wp:attachment":[{"href":"https:\/\/www.europesays.com\/fr\/wp-json\/wp\/v2\/media?parent=34499"}],"wp:term":[{"taxonomy":"category","embeddable":true,"href":"https:\/\/www.europesays.com\/fr\/wp-json\/wp\/v2\/categories?post=34499"},{"taxonomy":"post_tag","embeddable":true,"href":"https:\/\/www.europesays.com\/fr\/wp-json\/wp\/v2\/tags?post=34499"}],"curies":[{"name":"wp","href":"https:\/\/api.w.org\/{rel}","templated":true}]}}