{"id":344996,"date":"2025-08-26T11:02:10","date_gmt":"2025-08-26T11:02:10","guid":{"rendered":"https:\/\/www.europesays.com\/fr\/344996\/"},"modified":"2025-08-26T11:02:10","modified_gmt":"2025-08-26T11:02:10","slug":"lunion-europeenne-dit-avoir-le-droit-souverain-de-reglementer-la-tech","status":"publish","type":"post","link":"https:\/\/www.europesays.com\/fr\/344996\/","title":{"rendered":"l\u2019Union europ\u00e9enne dit avoir le \u00abdroit souverain\u00bb de r\u00e9glementer la tech"},"content":{"rendered":"<p>            <a href=\"https:\/\/www.lefigaro.fr\/secteur\/high-tech\/laurent-alexandre-en-tant-que-medecin-je-remarque-que-l-ia-est-deja-quatre-fois-meilleure-que-moi-20250823\" class=\"fig-ranking-profile-link\" aria-label=\"Laurent Alexandre\u00a0: \u00abEn tant que m\u00e9decin, je remarque que l\u2019IA est d\u00e9j\u00e0 quatre fois meilleure que moi\u00bb (article Premium)\" title=\"Laurent Alexandre\u00a0: \u00abEn tant que m\u00e9decin, je remarque que l\u2019IA est d\u00e9j\u00e0 quatre fois meilleure que moi\u00bb (article Premium)\" data-fig-domain=\"LEFIGARO\" rel=\"nofollow noopener\" target=\"_blank\"><\/p>\n<p>        Laurent Alexandre\u00a0: \u00abEn tant que m\u00e9decin, je remarque que l\u2019IA est d\u00e9j\u00e0 quatre fois meilleure que moi\u00bb<\/p>\n<p>                                                <\/a><\/p>\n<p>        <img   class=\"fig-img fig-ranking-profile-media-small-picture__photo\" alt=\"Laurent Alexandre\u00a0: \u00abEn tant que m\u00e9decin, je remarque que l\u2019IA est d\u00e9j\u00e0 quatre fois meilleure que moi\u00bb\" height=\"1065\" width=\"1894\"\/><\/p>\n<p class=\"fig-ranking-profile-standfirst\">\n    <strong>RENCONTRE<\/strong> &#8211; \u00ab Sans mobilisation g\u00e9n\u00e9rale, nous allons nous prendre un tsunami\u00a0!\u00a0\u00bb Le c\u00e9l\u00e8bre chirurgien reconverti dans la sant\u00e9 num\u00e9rique et les technologies novatrices ne cesse d\u2019alerter les Fran\u00e7ais sur les bouleversements soci\u00e9taux profonds que l\u2019intelligence artificielle s\u2019appr\u00eate \u00e0 produire.\n<\/p>\n<p>            <a href=\"https:\/\/www.lefigaro.fr\/societes\/c-est-l-oeil-de-sauron-dans-le-seigneur-des-anneaux-donald-trump-seme-la-terreur-dans-les-entreprises-20250825\" class=\"fig-ranking-profile-link\" aria-label=\"\u00ab\u00a0C\u2019est l\u2019\u0152il de Sauron dans Le Seigneur des anneaux\u00a0\u00bb\u00a0: Donald Trump s\u00e8me la terreur dans les entreprises am\u00e9ricaines (article Premium)\" title=\"\u00ab\u00a0C\u2019est l\u2019\u0152il de Sauron dans Le Seigneur des anneaux\u00a0\u00bb\u00a0: Donald Trump s\u00e8me la terreur dans les entreprises am\u00e9ricaines (article Premium)\" data-fig-domain=\"LEFIGARO\" rel=\"nofollow noopener\" target=\"_blank\"><\/p>\n<p>        \u00ab\u00a0C\u2019est l\u2019\u0152il de Sauron dans Le Seigneur des anneaux\u00a0\u00bb\u00a0: Donald Trump s\u00e8me la terreur dans les entreprises am\u00e9ricaines<\/p>\n<p>                                                <\/a><\/p>\n<p>        <img   class=\"fig-img fig-ranking-profile-media-small-picture__photo\" alt=\"\u00ab\u00a0C\u2019est l\u2019\u0152il de Sauron dans Le Seigneur des anneaux\u00a0\u00bb\u00a0: Donald Trump s\u00e8me la terreur dans les entreprises am\u00e9ricaines\" height=\"2001\" width=\"3000\"\/><\/p>\n<p class=\"fig-ranking-profile-standfirst\">\n    <strong>R\u00c9CIT &#8211; <\/strong>Depuis son retour \u00e0 la Maison-Blanche, le pr\u00e9sident am\u00e9ricain multiplie les incursions dans les affaires des soci\u00e9t\u00e9s am\u00e9ricaines. Leurs patrons esp\u00e8rent \u00e9viter la foudre ou tentent d\u2019entrer dans les bonnes gr\u00e2ces du pr\u00e9sident.<\/p>\n","protected":false},"excerpt":{"rendered":"Laurent Alexandre\u00a0: \u00abEn tant que m\u00e9decin, je remarque que l\u2019IA est d\u00e9j\u00e0 quatre fois meilleure que moi\u00bb RENCONTRE&hellip;\n","protected":false},"author":2,"featured_media":344997,"comment_status":"","ping_status":"","sticky":false,"template":"","format":"standard","meta":{"footnotes":""},"categories":[1586],"tags":[11,75,1777,674,1779,1011,27,1074,12,25,16033,1778,364],"class_list":{"0":"post-344996","1":"post","2":"type-post","3":"status-publish","4":"format-standard","5":"has-post-thumbnail","7":"category-europe","8":"tag-actualites","9":"tag-donald-trump","10":"tag-eu","11":"tag-europe","12":"tag-european-union","13":"tag-fr","14":"tag-france","15":"tag-guerre-commerciale","16":"tag-news","17":"tag-republique-francaise","18":"tag-tech","19":"tag-ue","20":"tag-union-europeenne"},"share_on_mastodon":{"url":"https:\/\/pubeurope.com\/@fr\/115094732391176920","error":""},"_links":{"self":[{"href":"https:\/\/www.europesays.com\/fr\/wp-json\/wp\/v2\/posts\/344996","targetHints":{"allow":["GET"]}}],"collection":[{"href":"https:\/\/www.europesays.com\/fr\/wp-json\/wp\/v2\/posts"}],"about":[{"href":"https:\/\/www.europesays.com\/fr\/wp-json\/wp\/v2\/types\/post"}],"author":[{"embeddable":true,"href":"https:\/\/www.europesays.com\/fr\/wp-json\/wp\/v2\/users\/2"}],"replies":[{"embeddable":true,"href":"https:\/\/www.europesays.com\/fr\/wp-json\/wp\/v2\/comments?post=344996"}],"version-history":[{"count":0,"href":"https:\/\/www.europesays.com\/fr\/wp-json\/wp\/v2\/posts\/344996\/revisions"}],"wp:featuredmedia":[{"embeddable":true,"href":"https:\/\/www.europesays.com\/fr\/wp-json\/wp\/v2\/media\/344997"}],"wp:attachment":[{"href":"https:\/\/www.europesays.com\/fr\/wp-json\/wp\/v2\/media?parent=344996"}],"wp:term":[{"taxonomy":"category","embeddable":true,"href":"https:\/\/www.europesays.com\/fr\/wp-json\/wp\/v2\/categories?post=344996"},{"taxonomy":"post_tag","embeddable":true,"href":"https:\/\/www.europesays.com\/fr\/wp-json\/wp\/v2\/tags?post=344996"}],"curies":[{"name":"wp","href":"https:\/\/api.w.org\/{rel}","templated":true}]}}