{"id":345002,"date":"2025-08-26T11:05:11","date_gmt":"2025-08-26T11:05:11","guid":{"rendered":"https:\/\/www.europesays.com\/fr\/345002\/"},"modified":"2025-08-26T11:05:11","modified_gmt":"2025-08-26T11:05:11","slug":"jean-luc-melenchon-reconnait-une-montee-de-lantisemitisme-en-france-depuis-les-attaques-du-7-octobre","status":"publish","type":"post","link":"https:\/\/www.europesays.com\/fr\/345002\/","title":{"rendered":"Jean-Luc M\u00e9lenchon reconna\u00eet \u00abune mont\u00e9e de l&rsquo;antis\u00e9mitisme\u00bb en France depuis les attaques du 7 octobre"},"content":{"rendered":"<p>Le leader insoumis s\u2019est aussi d\u00e9clar\u00e9 \u00abtotalement solidaire du pr\u00e9sident de la R\u00e9publique\u00bb face aux critiques de l\u2019ambassadeur am\u00e9ricain en France Charles Kushner sur \u00abl\u2019absence d\u2019action suffisante\u00bb contre l\u2019antis\u00e9mitisme d\u2019Emmanuel Macron.<\/p>\n<p class=\"fig-paragraph\"><a href=\"http:\/\/www.lefigaro.fr\/politique\/jean-luc-melenchon-appelle-a-la-greve-generale-le-10-septembre-20250822\" target=\"_blank\" data-fig-type=\"NewsFlash\" rel=\"noopener\" data-gtm-custom-categorie=\"navigation\" data-gtm-custom-action=\"crossclick\" data-gtm-custom-label=\"Contextuel\" data-gtm-event=\"customEventSPE\" data-fig-domain=\"LEFIGARO\">Jean-Luc M\u00e9lenchon<\/a>\u00a0a reconnu ce mardi \u00abune mont\u00e9e de l&rsquo;antis\u00e9mitisme\u00bb en France depuis les attaques du Hamas le 7 octobre 2023, tout en estimant que l&rsquo;antis\u00e9mitisme est \u00abencourag\u00e9\u00bb par \u00abl&rsquo;assimilation\u00bb qui est faite avec les critiques \u00e0 l&rsquo;encontre du gouvernement isra\u00e9lien de Benyamin Netanyahou.<\/p>\n<p class=\"fig-paragraph\">\u00abNous sommes malheureusement dans un pays o\u00f9 l&rsquo;antis\u00e9mitisme a \u00e9t\u00e9 encourag\u00e9 par l&rsquo;assimilation qui a \u00e9t\u00e9 faite avec la critique de Netanyahou et ceux qui le critiquaient ont \u00e9t\u00e9 trait\u00e9s d&rsquo;antis\u00e9mites, le pape, le secr\u00e9taire g\u00e9n\u00e9ral de l&rsquo;ONU et m\u00eame le pr\u00e9sident Macron qui en quelque sorte a \u00e9t\u00e9 l&rsquo;arroseur arros\u00e9 de cette histoire\u00bb, a d\u00e9clar\u00e9 le leader de La France insoumise sur France inter. \u00abOui, il y a une mont\u00e9e de l&rsquo;antis\u00e9mitisme dans notre pays\u00bb, a ajout\u00e9 le fondateur du parti LFI qui avait \u00e9crit il y a quelques mois que \u00abl&rsquo;antis\u00e9mitisme reste r\u00e9siduel en France\u00bb et est r\u00e9guli\u00e8rement accus\u00e9 d&rsquo;entretenir volontairement une certaine ambigu\u00eft\u00e9 sur cette question.<\/p>\n<p>                                    <a class=\"fig-a11y-skip a11y-hidden\" href=\"#fig-a11y-skip-main-inarticle\"><br \/>\n        Passer la publicit\u00e9<br \/>\n    <\/a><\/p>\n<p>\u00abQue veulent ces gens \u00e0 la fin\u00a0? D\u00e9cider de la politique de notre pays \u00e0 notre place\u00a0?\u00bb<\/p>\n<p class=\"fig-paragraph\">Le leader insoumis s&rsquo;est aussi d\u00e9clar\u00e9 \u00abtotalement solidaire du pr\u00e9sident de la R\u00e9publique\u00bb face aux critiques de l&rsquo;ambassadeur am\u00e9ricain en France\u00a0<a href=\"http:\/\/www.lefigaro.fr\/international\/a-paris-les-debuts-fracassants-de-l-americain-charles-kushner-en-diplomatie-20250825\" target=\"_blank\" data-fig-type=\"Article\" rel=\"noopener\" data-gtm-custom-categorie=\"navigation\" data-gtm-custom-action=\"crossclick\" data-gtm-custom-label=\"Contextuel\" data-gtm-event=\"customEventSPE\" data-fig-domain=\"LEFIGARO\">Charles Kushner<\/a>\u00a0sur \u00abl&rsquo;absence d&rsquo;action suffisante\u00bb contre l&rsquo;antis\u00e9mitisme d&rsquo;Emmanuel Macron.<\/p>\n<p class=\"fig-paragraph\">\u00abIl est inadmissible que la mode soit devenue que l&rsquo;ambassadeur d&rsquo;Isra\u00ebl se prononce sur la politique int\u00e9rieure de la France. Il est insupportable que l&rsquo;ambassadeur des \u00c9tats-Unis en fasse autant. Que veulent ces gens \u00e0 la fin\u00a0? D\u00e9cider de la politique de notre pays \u00e0 notre place\u00a0?\u00bb, a d\u00e9nonc\u00e9 M\u00e9lenchon. Le chef de l&rsquo;\u00c9tat, dont l&rsquo;intention de reconna\u00eetre un \u00c9tat palestinien ulc\u00e8re Isra\u00ebl et les \u00c9tats-Unis, \u00aba bien fait de convoquer cet ambassadeur et j&rsquo;estime que le mieux serait que cet ambassadeur rentre chez lui\u00bb, a-t-il ajout\u00e9.<\/p>\n<p class=\"fig-paragraph\">Lundi, le repr\u00e9sentant Kushner, absent, s&rsquo;est vu signifier que les critiques \u00e9mises \u00abconstituaient une ing\u00e9rence dans les affaires int\u00e9rieures (de la France) et dressaient un constat qui ne correspondait pas \u00e0 la r\u00e9alit\u00e9\u00bb.\u00a0<a href=\"http:\/\/www.lefigaro.fr\/international\/israel-benyamin-netanyahou-accuse-emmanuel-macron-de-se-ranger-du-cote-d-une-organisation-terroriste-20250514\" target=\"_blank\" data-fig-type=\"NewsFlash\" rel=\"noopener\" data-gtm-custom-categorie=\"navigation\" data-gtm-custom-action=\"crossclick\" data-gtm-custom-label=\"Contextuel\" data-gtm-event=\"customEventSPE\" data-fig-domain=\"LEFIGARO\">Benyamin Netanyahou<\/a>\u00a0avait lui-m\u00eame accus\u00e9 le 19 ao\u00fbt Emmanuel Macron \u00abd&rsquo;alimenter le feu antis\u00e9mite\u00bb avec son intention de reconna\u00eetre l&rsquo;\u00c9tat palestinien lors de la prochaine Assembl\u00e9e g\u00e9n\u00e9rale de l&rsquo;ONU fin septembre.<\/p>\n","protected":false},"excerpt":{"rendered":"Le leader insoumis s\u2019est aussi d\u00e9clar\u00e9 \u00abtotalement solidaire du pr\u00e9sident de la R\u00e9publique\u00bb face aux critiques de l\u2019ambassadeur&hellip;\n","protected":false},"author":2,"featured_media":345003,"comment_status":"","ping_status":"","sticky":false,"template":"","format":"standard","meta":{"footnotes":""},"categories":[4],"tags":[11,6155,1011,27,3081,12,25],"class_list":{"0":"post-345002","1":"post","2":"type-post","3":"status-publish","4":"format-standard","5":"has-post-thumbnail","7":"category-france","8":"tag-actualites","9":"tag-antisemitisme","10":"tag-fr","11":"tag-france","12":"tag-jean-luc-melenchon","13":"tag-news","14":"tag-republique-francaise"},"share_on_mastodon":{"url":"https:\/\/pubeurope.com\/@fr\/115094744102589371","error":""},"_links":{"self":[{"href":"https:\/\/www.europesays.com\/fr\/wp-json\/wp\/v2\/posts\/345002","targetHints":{"allow":["GET"]}}],"collection":[{"href":"https:\/\/www.europesays.com\/fr\/wp-json\/wp\/v2\/posts"}],"about":[{"href":"https:\/\/www.europesays.com\/fr\/wp-json\/wp\/v2\/types\/post"}],"author":[{"embeddable":true,"href":"https:\/\/www.europesays.com\/fr\/wp-json\/wp\/v2\/users\/2"}],"replies":[{"embeddable":true,"href":"https:\/\/www.europesays.com\/fr\/wp-json\/wp\/v2\/comments?post=345002"}],"version-history":[{"count":0,"href":"https:\/\/www.europesays.com\/fr\/wp-json\/wp\/v2\/posts\/345002\/revisions"}],"wp:featuredmedia":[{"embeddable":true,"href":"https:\/\/www.europesays.com\/fr\/wp-json\/wp\/v2\/media\/345003"}],"wp:attachment":[{"href":"https:\/\/www.europesays.com\/fr\/wp-json\/wp\/v2\/media?parent=345002"}],"wp:term":[{"taxonomy":"category","embeddable":true,"href":"https:\/\/www.europesays.com\/fr\/wp-json\/wp\/v2\/categories?post=345002"},{"taxonomy":"post_tag","embeddable":true,"href":"https:\/\/www.europesays.com\/fr\/wp-json\/wp\/v2\/tags?post=345002"}],"curies":[{"name":"wp","href":"https:\/\/api.w.org\/{rel}","templated":true}]}}