{"id":345019,"date":"2025-08-26T11:18:10","date_gmt":"2025-08-26T11:18:10","guid":{"rendered":"https:\/\/www.europesays.com\/fr\/345019\/"},"modified":"2025-08-26T11:18:10","modified_gmt":"2025-08-26T11:18:10","slug":"colette-sido-ed-flavie-fouchard","status":"publish","type":"post","link":"https:\/\/www.europesays.com\/fr\/345019\/","title":{"rendered":"Colette, Sido (\u00e9d. Flavie Fouchard)"},"content":{"rendered":"<p><strong>\u00c9dition de Flavie Fouchard<\/strong><a href=\"https:\/\/editions.flammarion.com\/Auteurs\/colette\" rel=\"nofollow noopener\" target=\"_blank\"><\/p>\n<p>\u00ab\u00a0Tu as h\u00e9rit\u00e9 de mes go\u00fbts, mon tr\u00e9sor ch\u00e9ri. Tu aimes les cataclysmes, le bruit du vent dans les arbres, l\u2019amour des beaux arbres, des fleuves, de la mer\u2026\u00a0\u00bb \u00e9crit Sidonie \u00e0 sa fille dans une lettre de 1907. En miroir, Colette offre de sa m\u00e8re, dans\u00a0Sido, le portrait d\u2019une femme libre et passionn\u00e9e, \u00e0 l\u2019\u00e9coute de ses enfants, de la nature et des animaux.<\/p>\n<p>Autour d\u2019elle gravitent son mari \u2013 l\u2019\u00e9nigmatique \u00ab\u00a0Capitaine\u00a0\u00bb, amoureux des livres \u2013, ses deux filles et les \u00ab\u00a0Sauvages\u00a0\u00bb, les deux fr\u00e8res de Colette, qui d\u00e9sertent la maison pour battre la campagne\u2026<\/p>\n<p>Accompagn\u00e9s de photographies reproduites dans cette \u00e9dition, les trois \u00ab\u00a0po\u00e8mes en prose\u00a0\u00bb de\u00a0Sido r\u00e9inventent une enfance bienheureuse, o\u00f9 s\u2019expriment tour \u00e0 tour la nostalgie et la c\u00e9l\u00e9bration de la vie.<\/p>\n<p><strong><a href=\"https:\/\/r.cantook.com\/eden\/sample\/aHR0cHM6Ly93d3cuZWRlbmxpdnJlcy5mci9zYW1wbGUvODEwNDAwL3dlYl9yZWFkZXJfbWFuaWZlc3Q_Zm9ybWF0X25hdHVyZT1lcHViJnNpZ2lkPTE3MjYzMTY1MzYmc2lnbmF0dXJlPTVkYzAyYTgzNDc4NjUxNDNjZmIwNGI1ZDNhZDE3M2YxNWI2MTYxNDU5MjNmYzVlYTY1ZThkMjBiZjFlZTM2ZTg\" rel=\"nofollow noopener\" target=\"_blank\">Feuilleter l&rsquo;ouvrage\u2026<\/a><\/strong><\/p>\n","protected":false},"excerpt":{"rendered":"\u00c9dition de Flavie Fouchard \u00ab\u00a0Tu as h\u00e9rit\u00e9 de mes go\u00fbts, mon tr\u00e9sor ch\u00e9ri. Tu aimes les cataclysmes, le&hellip;\n","protected":false},"author":2,"featured_media":345020,"comment_status":"","ping_status":"","sticky":false,"template":"","format":"standard","meta":{"footnotes":""},"categories":[1357],"tags":[1379,58,59,1011,27,1380],"class_list":{"0":"post-345019","1":"post","2":"type-post","3":"status-publish","4":"format-standard","5":"has-post-thumbnail","7":"category-livres","8":"tag-books","9":"tag-divertissement","10":"tag-entertainment","11":"tag-fr","12":"tag-france","13":"tag-livres"},"share_on_mastodon":{"url":"https:\/\/pubeurope.com\/@fr\/115094795390049375","error":""},"_links":{"self":[{"href":"https:\/\/www.europesays.com\/fr\/wp-json\/wp\/v2\/posts\/345019","targetHints":{"allow":["GET"]}}],"collection":[{"href":"https:\/\/www.europesays.com\/fr\/wp-json\/wp\/v2\/posts"}],"about":[{"href":"https:\/\/www.europesays.com\/fr\/wp-json\/wp\/v2\/types\/post"}],"author":[{"embeddable":true,"href":"https:\/\/www.europesays.com\/fr\/wp-json\/wp\/v2\/users\/2"}],"replies":[{"embeddable":true,"href":"https:\/\/www.europesays.com\/fr\/wp-json\/wp\/v2\/comments?post=345019"}],"version-history":[{"count":0,"href":"https:\/\/www.europesays.com\/fr\/wp-json\/wp\/v2\/posts\/345019\/revisions"}],"wp:featuredmedia":[{"embeddable":true,"href":"https:\/\/www.europesays.com\/fr\/wp-json\/wp\/v2\/media\/345020"}],"wp:attachment":[{"href":"https:\/\/www.europesays.com\/fr\/wp-json\/wp\/v2\/media?parent=345019"}],"wp:term":[{"taxonomy":"category","embeddable":true,"href":"https:\/\/www.europesays.com\/fr\/wp-json\/wp\/v2\/categories?post=345019"},{"taxonomy":"post_tag","embeddable":true,"href":"https:\/\/www.europesays.com\/fr\/wp-json\/wp\/v2\/tags?post=345019"}],"curies":[{"name":"wp","href":"https:\/\/api.w.org\/{rel}","templated":true}]}}