{"id":345021,"date":"2025-08-26T11:19:11","date_gmt":"2025-08-26T11:19:11","guid":{"rendered":"https:\/\/www.europesays.com\/fr\/345021\/"},"modified":"2025-08-26T11:19:11","modified_gmt":"2025-08-26T11:19:11","slug":"voter-pour-la-chute-du-gouvernement-ce-serait-voter-contre-les-interets-de-la-france-avertissent-les-republicains","status":"publish","type":"post","link":"https:\/\/www.europesays.com\/fr\/345021\/","title":{"rendered":"\u00ab\u00a0Voter pour la chute du gouvernement, ce serait voter contre les int\u00e9r\u00eats de la France\u00a0\u00bb, avertissent Les R\u00e9publicains"},"content":{"rendered":"<p>   \u00ab\u00a0Le pari risqu\u00e9\u00a0\u00bb du premier ministre \u00e0 la une de la presse nationale             <\/p>\n<p class=\"post__live-container--answer-text post__space-node\">Le premier ministre a annonc\u00e9, lundi, qu\u2019il engagerait la responsabilit\u00e9 de son gouvernement le 8\u00a0septembre sur son plan d\u2019\u00e9conomie budg\u00e9taire, suscitant la surprise de la presse tout comme celle des formations politiques.<\/p>\n<p class=\"post__live-container--answer-text post__space-node\">Une annonce qui, sans surprise, elle, a fait la une des journaux nationaux, tous s\u2019accordant sur le \u00ab\u00a0pari\u00a0\u00bb risqu\u00e9 du premier ministre. \u00ab\u00a0Pour susciter un \u00e9lectrochoc, il faut jouer de l\u2019effet de surprise\u00a0\u00bb, \u00e9crit<a href=\"https:\/\/www.lesechos.fr\/politique-societe\/gouvernement\/francois-bayrou-le-risque-tout-2182710\" target=\"_blank\" rel=\"noopener nofollow\" title=\"Nouvelle fen\u00eatre\"> Les Echos<\/a>. \u00ab\u00a0Son budget allait \u00eatre refus\u00e9, la censure vot\u00e9e, il \u00e9tait condamn\u00e9. Restait le coup de poker, ce vote de confiance qui permettrait peut-\u00eatre de cr\u00e9er un sursaut, et \u00e0 d\u00e9faut lui donnerait l\u2019occasion de sortir par le haut. Ne pas attendre le couperet\u00a0: le devancer\u00a0\u00bb, analyse le journal \u00e9conomique. \u00ab\u00a0La meilleure d\u00e9fense, c\u2019est l\u2019attaque\u00a0\u00bb, rench\u00e9rit le journaliste Guillaume Tabard, <a href=\"https:\/\/www.lefigaro.fr\/politique\/guillaume-tabard-le-perilleux-quitte-ou-double-de-francois-bayrou-20250825\" target=\"_blank\" rel=\"noopener nofollow\" title=\"Nouvelle fen\u00eatre\">dans un \u00e9ditorial du Figaro<\/a> (class\u00e9 \u00e0 droite), \u00e9voquant le \u00ab\u00a0coup de poker\u00a0\u00bb de Fran\u00e7ois Bayrou.<\/p>\n<p class=\"post__live-container--answer-text post__space-node\">Pour Lib\u00e9ration, plus qu\u2019un coup de poker, cette action est \u00ab\u00a0une op\u00e9ration kamikaze\u00a0\u00bb, selon<a href=\"https:\/\/www.liberation.fr\/politique\/discours-de-francois-bayrou-un-coup-de-poker-pour-teinter-sa-chute-de-panache-20250825_AHT2GG3FT5CHRFZSOSO3GKIMKY\/?redirected=1\" target=\"_blank\" rel=\"noopener nofollow\" title=\"Nouvelle fen\u00eatre\"> le \u00ab\u00a0billet\u00a0\u00bb du journaliste Jonathan Bouchet-Petersen<\/a> \u2013 terme \u00e9galement repris par Nicolas Charbonneau dans un \u00e9ditorial du<a href=\"https:\/\/www.leparisien.fr\/politique\/lheure-de-verite-25-08-2025-CIHCIRABTBGINHLAE4PHFD3DFY.php\" target=\"_blank\" rel=\"noopener nofollow\" title=\"Nouvelle fen\u00eatre\"> Parisien<\/a>. La une de Lib\u00e9ration ne m\u00e9nage pas le premier ministre\u00a0: \u00ab\u00a0Vote de confiance, Bayrou s\u2019auto-dissout\u00a0\u00bb. C\u2019est aussi l\u2019avis du journal (class\u00e9 \u00e0 gauche) L\u2019Humanit\u00e9, qui estime que le premier ministre a \u00ab\u00a0organis\u00e9 sa propre chute\u00a0\u00bb ajoutant que le \u00ab<a href=\"https:\/\/www.humanite.fr\/politique\/censure\/bayrou-le-compte-a-rebours\" target=\"_blank\" rel=\"noopener nofollow\" title=\"Nouvelle fen\u00eatre\">\u00a0compte \u00e0 rebours\u00a0\u00bb \u00e9tait d\u00e9sormais \u00ab\u00a0enclench\u00e9\u00a0\u00bb. <\/a>Dans un \u00e9ditorial sal\u00e9, Maud Vergnol d\u00e9nonce le \u00ab\u00a0cynisme\u00a0\u00bb d\u2019une telle d\u00e9cision qui sonne \u00ab\u00a0comme un aveu d\u2019\u00e9chec\u00a0\u00bb.<\/p>\n<p class=\"post__live-container--answer-text post__space-node\">Lib\u00e9ration se moque aussi de ce qu\u2019il nomme les <a href=\"https:\/\/www.liberation.fr\/politique\/conference-de-presse-de-francois-bayrou-les-derniers-jours-dun-condamne-20250825_UHYNJDRGGJDVLD7PC37YJC2GEQ\/\" target=\"_blank\" rel=\"noopener nofollow\" title=\"Nouvelle fen\u00eatre\">\u00ab\u00a0derniers jours d\u2019un condamn\u00e9\u00a0\u00bb<\/a>, sans pour autant oublier les diff\u00e9rents chantiers lanc\u00e9s par Fran\u00e7ois Bayrou, cet \u00ab\u00a0\u00e9ni\u00e8me fossoyeur de l\u2019Assurance-maladie\u00a0\u00bb, selon le m\u00e9decin et \u00e9crivain Christian Lehman, qui tient une chronique dans le quotidien.<\/p>\n<p class=\"post__live-container--answer-text post__space-node\">Le quotidien La Croix \u00e9crit en une de son journal papier\u00a0: \u00ab\u00a0Attention, dangers\u00a0\u00bb, mais reste ensuite plut\u00f4t factuel et descriptif sur l\u2019annonce faite par le premier ministre. Fran\u00e7ois Bayrou avait envisag\u00e9, le 15\u00a0juillet, la suppression de deux jours f\u00e9ri\u00e9s pour r\u00e9duire le d\u00e9ficit \u2013 estimant que pour augmenter la production, il \u00e9tait n\u00e9cessaire que les Fran\u00e7ais travaillent plus\u00a0; le journal pose donc la question\u00a0: <a href=\"https:\/\/www.la-croix.com\/economie\/les-francais-travaillent-ils-vraiment-moins-que-les-autres-20250825\" target=\"_blank\" rel=\"noopener nofollow\" title=\"Nouvelle fen\u00eatre\">\u00ab\u00a0Les Fran\u00e7ais travaillent-ils vraiment moins que les autres\u00a0?<\/a>\u00a0\u00bb.<\/p>\n<p class=\"post__live-container--answer-text post__space-node\">Enfin, outre le coup de poker, c\u2019est bien \u00ab\u00a0le panache\u00a0\u00bb du premier ministre qui est mis en avant de mani\u00e8re tant\u00f4t s\u00e9rieuse tant\u00f4t ironique. En effet, la chute du gouvernement Bayrou \u00e9tait sans doute \u00ab\u00a0pr\u00e9visible\u00a0\u00bb, comme le rappelle <a href=\"https:\/\/www.lopinion.fr\/politique\/bayrou-chronique-dune-crise-annoncee\" target=\"_blank\" rel=\"noopener nofollow\" title=\"Nouvelle fen\u00eatre\">L\u2019Opinion<\/a>, alors que le premier ministre avait braqu\u00e9 les oppositions et les partenaires sociaux\u00a0; en choisissant lui-m\u00eame la date de sa possible\u00a0porte de sortie, le premier ministre reprend en main son destin. Finalement, \u00ab\u00a0le vieux briscard qu\u2019on pensait conna\u00eetre ne cesse de faire mentir son image\u00a0\u00bb, <a href=\"https:\/\/www.lesechos.fr\/politique-societe\/gouvernement\/francois-bayrou-le-risque-tout-2182710\" target=\"_blank\" rel=\"noopener nofollow\" title=\"Nouvelle fen\u00eatre\">estiment Les Echos.<\/a><\/p>\n<p>         Minh Dr\u00e9an  <\/p>\n","protected":false},"excerpt":{"rendered":"\u00ab\u00a0Le pari risqu\u00e9\u00a0\u00bb du premier ministre \u00e0 la une de la presse nationale Le premier ministre a annonc\u00e9,&hellip;\n","protected":false},"author":2,"featured_media":345022,"comment_status":"","ping_status":"","sticky":false,"template":"","format":"standard","meta":{"footnotes":""},"categories":[1356],"tags":[58,59,1011,27,252,1364],"class_list":{"0":"post-345021","1":"post","2":"type-post","3":"status-publish","4":"format-standard","5":"has-post-thumbnail","7":"category-television","8":"tag-divertissement","9":"tag-entertainment","10":"tag-fr","11":"tag-france","12":"tag-television","13":"tag-tv"},"share_on_mastodon":{"url":"https:\/\/pubeurope.com\/@fr\/115094799265280649","error":""},"_links":{"self":[{"href":"https:\/\/www.europesays.com\/fr\/wp-json\/wp\/v2\/posts\/345021","targetHints":{"allow":["GET"]}}],"collection":[{"href":"https:\/\/www.europesays.com\/fr\/wp-json\/wp\/v2\/posts"}],"about":[{"href":"https:\/\/www.europesays.com\/fr\/wp-json\/wp\/v2\/types\/post"}],"author":[{"embeddable":true,"href":"https:\/\/www.europesays.com\/fr\/wp-json\/wp\/v2\/users\/2"}],"replies":[{"embeddable":true,"href":"https:\/\/www.europesays.com\/fr\/wp-json\/wp\/v2\/comments?post=345021"}],"version-history":[{"count":0,"href":"https:\/\/www.europesays.com\/fr\/wp-json\/wp\/v2\/posts\/345021\/revisions"}],"wp:featuredmedia":[{"embeddable":true,"href":"https:\/\/www.europesays.com\/fr\/wp-json\/wp\/v2\/media\/345022"}],"wp:attachment":[{"href":"https:\/\/www.europesays.com\/fr\/wp-json\/wp\/v2\/media?parent=345021"}],"wp:term":[{"taxonomy":"category","embeddable":true,"href":"https:\/\/www.europesays.com\/fr\/wp-json\/wp\/v2\/categories?post=345021"},{"taxonomy":"post_tag","embeddable":true,"href":"https:\/\/www.europesays.com\/fr\/wp-json\/wp\/v2\/tags?post=345021"}],"curies":[{"name":"wp","href":"https:\/\/api.w.org\/{rel}","templated":true}]}}