{"id":345023,"date":"2025-08-26T11:20:14","date_gmt":"2025-08-26T11:20:14","guid":{"rendered":"https:\/\/www.europesays.com\/fr\/345023\/"},"modified":"2025-08-26T11:20:14","modified_gmt":"2025-08-26T11:20:14","slug":"sa-maison-de-160-m%c2%b2-avec-un-immense-jardin-a-marsac-sur-lisle","status":"publish","type":"post","link":"https:\/\/www.europesays.com\/fr\/345023\/","title":{"rendered":"sa maison de 160 m\u00b2 avec un immense jardin \u00e0 Marsac-sur-l\u2019Isle"},"content":{"rendered":"\n<p>Kendji Girac aurait pu s\u2019installer dans une villa \u00e0 Los Angeles ou un duplex dans les beaux quartiers parisiens. Il a pr\u00e9f\u00e9r\u00e9 une maison discr\u00e8te en Dordogne, pas tr\u00e8s loin de l\u00e0 o\u00f9 il a grandi, entre deux caravanes. Depuis sa victoire dans The Voice, le chanteur a certes connu la gloire, mais sans jamais s\u2019\u00e9loigner de sa famille ni de sa culture. Il partage aujourd\u2019hui sa vie entre l\u2019agglom\u00e9ration de P\u00e9rigueux, la r\u00e9gion parisienne et le sud de la France, toujours entour\u00e9 des siens, toujours fid\u00e8le \u00e0 ses habitudes.<\/p>\n<p>    Une maison de 160 m\u00b2 pr\u00e8s de P\u00e9rigueux, pour toute la famille <\/p>\n<p>C\u2019est en <strong>2016<\/strong> que <a href=\"https:\/\/www.lejournaldelamaison.fr\/le-journal-de-la-maison\/reportages-maisons\/maisons-reportages-maisons\/kendji-girac-dit-adieu-caravane-decouvrez-vie-dans-maison-essonne-502281.html\" rel=\"nofollow noopener\" target=\"_blank\">Kendji Girac<\/a> devient propri\u00e9taire d\u2019une <strong>belle maison de 160 m\u00b2 \u00e0 Marsac-sur-l\u2019Isle<\/strong>, tout pr\u00e8s de <strong>P\u00e9rigueux, en Dordogne<\/strong>, r\u00e9gion o\u00f9 il a <strong>pass\u00e9 son enfance<\/strong>. La demeure est entour\u00e9e d\u2019un <strong>terrain d\u2019un hectare<\/strong>, un espace essentiel pour accueillir sa famille nombreuse&#8230; et sa caravane.<\/p>\n<p>Selon Marie France, l\u2019id\u00e9e de cet achat vient de <strong>ses parents<\/strong>, qui avaient d\u00e9j\u00e0 rep\u00e9r\u00e9 la demeure en 2015 et de sa famille, qui souhaitaient <strong>s\u2019installer de fa\u00e7on plus stable<\/strong>. La maison sert aujourd\u2019hui de refuge estival, notamment depuis la naissance de <strong>sa fille Eva Alba<\/strong> en janvier 2021. Le vainqueur de The Voice envisagerait m\u00eame d\u2019y faire construire un <strong>studio d\u2019enregistrement et une salle de sport<\/strong>, selon France Bleu P\u00e9rigord.<\/p>\n<p>    Kendji Girac, toujours attach\u00e9 \u00e0 sa caravane <\/p>\n<p>Ceux qui imaginent l\u2019interpr\u00e8te de Color Gitano dans une <strong>villa de luxe<\/strong> risquent d\u2019\u00eatre surpris. Le chanteur l\u2019a r\u00e9p\u00e9t\u00e9 plusieurs fois dans les m\u00e9dias\u00a0: il continue <strong>d\u2019habiter majoritairement dans <a href=\"https:\/\/www.lejournaldelamaison.fr\/le-journal-de-la-maison\/reportages-maisons\/maisons-reportages-maisons\/kendji-girac-nous-ouvre-les-portes-de-sa-caravane-484422.html#item=1\" rel=\"nofollow noopener\" target=\"_blank\">sa caravane<\/a>.<\/strong> Il pr\u00e9cise pour Le Parisien\u00a0: <strong>\u00ab\u00a0Je vis toujours comme un gitan.<\/strong> Peu de gens imaginent que je vis encore comme \u00e7a, mais <strong>c\u2019est mon \u00e9quilibre\u00a0\u00bb.<\/strong><\/p>\n<p>Il alterne les nuits dans <a href=\"https:\/\/www.lejournaldelamaison.fr\/le-journal-de-la-maison\/reportages-maisons\/maisons-reportages-maisons\/kendji-girac-sa-grande-maison-de-160mc2b2-quil-renove-en-dordogne-484350.html#item=1\" rel=\"nofollow noopener\" target=\"_blank\">sa maison<\/a> ou dans sa caravane<strong> selon son envie,<\/strong> mais ce dernier espace garde une place bien particuli\u00e8re dans sa vie. <strong>\u00ab\u00a0Parfois je dors dans la maison, parfois dans la caravane,<\/strong> c\u2019est un refuge dans lequel je me sens bien, et j\u2019adore y entendre le bruit de la pluie qui me berce\u00a0\u00bb, explique-t-il pour Le Parisien.<\/p>\n<blockquote class=\"instagram-media \" style=\"background: #ffffff;border: 0;margin: 1px;width: 100%;padding: 0;max-width: 500px;\" data-instgrm-permalink=\"https:\/\/www.instagram.com\/p\/DNGhpMINzyN\/\" data-instgrm-version=\"14\"\/><p>    Paris, Sanary et ailleurs : un quotidien entre plusieurs adresses <\/p>\n<p>Avant d\u2019acheter sa maison en Dordogne, le musicien a d\u2019abord tent\u00e9 <strong>l\u2019exp\u00e9rience parisienne.<\/strong> Il avait<strong> <a href=\"https:\/\/www.lejournaldelamaison.fr\/le-journal-de-la-maison\/reportages-maisons\/appartements\/kendji-girac-son-appartement-parisien-484637.html\" rel=\"nofollow noopener\" target=\"_blank\">lou\u00e9 un appartement<\/a> dans le 8e arrondissement,<\/strong> rue de la Bo\u00e9tie, pour environ <strong>4 000 euros par mois.<\/strong> L\u2019exp\u00e9rience a tourn\u00e9 court : au bout d\u2019une semaine, il a rendu les cl\u00e9s, <strong>se sentant \u00ab\u00a0seul\u00a0\u00bb et \u00ab\u00a0abandonn\u00e9\u00a0\u00bb.<\/strong><\/p>\n<p>Depuis, il a fait l\u2019acquisition, selon Le Parisien, <strong>\u00ab\u00a0d\u2019un petit pavillon dans une ville moyenne de grande banlieue parisienne\u00a0\u00bb,<\/strong> o\u00f9 vivent aussi <strong>ses parents, son fr\u00e8re a\u00een\u00e9, ses deux s\u0153urs, avec leurs conjoints et leurs enfants.<\/strong> Autour de cette petite maison de banlieue \u00ab\u00a0au grand toit de tuiles marron\u00a0\u00bb, stationnent, bien s\u00fbr, <strong>plusieurs caravanes dans le jardin.<\/strong> L\u00a0\u00bb\u00e9t\u00e9, il passe \u00e9galement <strong>ses vacances dans sa r\u00e9sidence secondaire \u00e0 <a href=\"https:\/\/www.lejournaldelamaison.fr\/le-journal-de-la-maison\/reportages-maisons\/maisons-reportages-maisons\/kendji-girac-maison-secondaire-sanary-sur-mer-var-484898.html\" rel=\"nofollow noopener\" target=\"_blank\">Sanary-sur-Mer<\/a>, <\/strong>dans le Var, baign\u00e9 par le soleil du sud de la France.<\/p>\n<p>                <script async src=\"\/\/www.instagram.com\/embed.js\"><\/script><\/p>\n","protected":false},"excerpt":{"rendered":"Kendji Girac aurait pu s\u2019installer dans une villa \u00e0 Los Angeles ou un duplex dans les beaux quartiers&hellip;\n","protected":false},"author":2,"featured_media":345024,"comment_status":"","ping_status":"","sticky":false,"template":"","format":"standard","meta":{"footnotes":""},"categories":[1355],"tags":[58,59,1011,27,1361,873],"class_list":{"0":"post-345023","1":"post","2":"type-post","3":"status-publish","4":"format-standard","5":"has-post-thumbnail","7":"category-musique","8":"tag-divertissement","9":"tag-entertainment","10":"tag-fr","11":"tag-france","12":"tag-music","13":"tag-musique"},"share_on_mastodon":{"url":"https:\/\/pubeurope.com\/@fr\/115094803620842241","error":""},"_links":{"self":[{"href":"https:\/\/www.europesays.com\/fr\/wp-json\/wp\/v2\/posts\/345023","targetHints":{"allow":["GET"]}}],"collection":[{"href":"https:\/\/www.europesays.com\/fr\/wp-json\/wp\/v2\/posts"}],"about":[{"href":"https:\/\/www.europesays.com\/fr\/wp-json\/wp\/v2\/types\/post"}],"author":[{"embeddable":true,"href":"https:\/\/www.europesays.com\/fr\/wp-json\/wp\/v2\/users\/2"}],"replies":[{"embeddable":true,"href":"https:\/\/www.europesays.com\/fr\/wp-json\/wp\/v2\/comments?post=345023"}],"version-history":[{"count":0,"href":"https:\/\/www.europesays.com\/fr\/wp-json\/wp\/v2\/posts\/345023\/revisions"}],"wp:featuredmedia":[{"embeddable":true,"href":"https:\/\/www.europesays.com\/fr\/wp-json\/wp\/v2\/media\/345024"}],"wp:attachment":[{"href":"https:\/\/www.europesays.com\/fr\/wp-json\/wp\/v2\/media?parent=345023"}],"wp:term":[{"taxonomy":"category","embeddable":true,"href":"https:\/\/www.europesays.com\/fr\/wp-json\/wp\/v2\/categories?post=345023"},{"taxonomy":"post_tag","embeddable":true,"href":"https:\/\/www.europesays.com\/fr\/wp-json\/wp\/v2\/tags?post=345023"}],"curies":[{"name":"wp","href":"https:\/\/api.w.org\/{rel}","templated":true}]}}