{"id":345025,"date":"2025-08-26T11:21:17","date_gmt":"2025-08-26T11:21:17","guid":{"rendered":"https:\/\/www.europesays.com\/fr\/345025\/"},"modified":"2025-08-26T11:21:17","modified_gmt":"2025-08-26T11:21:17","slug":"valeur-sentimentale-simpose-valeur-sure-de-la-rentree","status":"publish","type":"post","link":"https:\/\/www.europesays.com\/fr\/345025\/","title":{"rendered":"\u201cValeur sentimentale\u201d s\u2019impose valeur s\u00fbre de la rentr\u00e9e"},"content":{"rendered":"<p>      Le dernier Grand Prix cannois engrange 105\u00a0000\u00a0entr\u00e9es. Mais l\u2019autre film de la Croisette, \u201cAlpha\u201d, de Julia Ducournau, a du mal au d\u00e9marrage. \u201cLes Bad Guys 2\u201d et \u201cF1\u201d continuent de tourner \u00e0 plein r\u00e9gime.              <a href=\"https:\/\/www.europesays.com\/fr\/wp-content\/uploads\/2025\/08\/b74b01e_upload-1-wtd471slmgjb-telerama-019803-002.jpg\" data-pswp-width=\"\" data-pswp-height=\"\" class=\"media__hd\" target=\"_blank\">      <img decoding=\"async\" fetchpriority=\"high\" src=\"https:\/\/www.europesays.com\/fr\/wp-content\/uploads\/2025\/08\/b74b01e_upload-1-wtd471slmgjb-telerama-019803-002.jpg\" class=\"media__picture js-media-zoom-main \" alt=\"\u00ab Valeur Sentimentale\u00a0\u00bb, de Joachim Trier, fait carton plein\u00a0: premier pour les nouveaut\u00e9s et \u00e0 Paris et troisi\u00e8me au niveau national. Avec Inga Ibsdotter Lilleaas et Elle Fanning.\" title=\"Mer Film\/Eye Eye Pictures\/Lumen Films\/MK Productions\/Zentropa productions\/Komplizen Films\/Arte France Cin\u00e9ma\"\/>      <\/p>\n<p class=\"media__legend\"> \u00ab Valeur Sentimentale\u00a0\u00bb, de Joachim Trier, fait carton plein\u00a0: premier pour les nouveaut\u00e9s et \u00e0 Paris et troisi\u00e8me au niveau national. Avec Inga Ibsdotter Lilleaas et Elle Fanning.  Mer Film\/Eye Eye Pictures\/Lumen Films\/MK Productions\/Zentropa productions\/Komplizen Films\/Arte France Cin\u00e9ma  <\/p>\n<p>     <\/a>                    <\/p>\n<p class=\"author author--simple\">Par  <a class=\"author author--link\" href=\"https:\/\/www.telerama.fr\/recherche\/articles?q=Bertrand+Lott\" rel=\"nofollow noopener\" target=\"_blank\"> Bertrand Lott <\/a>    <\/p>\n<p class=\"publication__date\">Publi\u00e9 le 26 ao\u00fbt 2025 \u00e0 10h57<\/p>\n<p>   Partager   <\/p>\n<ul class=\"sharing-popin--results\">\n<li class=\"sharing-popin--item sharing-popin--item-container\"> Partage  <\/li>\n<li data-share=\"linkedin\" class=\"sharing-popin--item\">  LinkedIn <\/li>\n<li data-share=\"facebook\" class=\"sharing-popin--item\">  Facebook <\/li>\n<li data-share=\"mail\" data-social=\"mail\" class=\"sharing-popin--item\">  Envoyer par email <\/li>\n<li data-share=\"copy\" class=\"sharing-popin--item\">  Copier le lien <\/li>\n<\/ul>\n<p>        Favoris       <\/p>\n<p>                <a class=\"openapp__link\" data-event=\"click-open-app\" data-deep-link=\"tlrm:\/\/element?id=\/cinema\/box-office-valeur-sentimentale-s-impose-valeur-sure-de-la-rentree-7027055.php&amp;source=deeplink_site\">  Lire dans l&rsquo;application<br \/>\n  <\/a>                               <\/p>\n<p class=\"paragraph\">Tr\u00e8s belle dynamique pour le drame familial <a target=\"_blank\" href=\"https:\/\/www.telerama.fr\/cinema\/valeur-sentimentale-de-joachim-trier-une-bouleversante-histoire-de-famille-cruellement-desunie-1151_cri-7040234.php\" rel=\"nofollow noopener\">Valeur sentimentale<\/a>, qui s\u2019impose en t\u00eate des nouveaut\u00e9s du box-office, prend la troisi\u00e8me place du classement national de la p\u00e9riode en ayant boulevers\u00e9 105\u00a0000\u00a0cin\u00e9philes dans 252\u00a0salles au terme de son premier week-end et se positionne m\u00eame largement au premier rang sur Paris. C\u2019est le meilleur amor\u00e7age pour son r\u00e9alisateur Joachim Trier, loin devant <a target=\"_blank\" href=\"https:\/\/www.telerama.fr\/cinema\/films\/julie-en-12-chapitres,n6895126.php\" rel=\"nofollow noopener\">Julie (en 12\u00a0chapitres)<\/a> et ses 49\u00a0000\u00a0entr\u00e9es en\u00a02021. C\u2019est, par ailleurs, au-dessus de <a target=\"_blank\" href=\"https:\/\/www.telerama.fr\/cinema\/all-we-imagine-as-light-une-chronique-indienne-intime-et-lumineuse_cri-7034699.php\" rel=\"nofollow noopener\">All We Imagine as Light<\/a> (58\u00a0000\u00a0entr\u00e9es) mais au-dessous de <a target=\"_blank\" href=\"https:\/\/www.telerama.fr\/cinema\/la-zone-d-interet-de-jonathan-glazer-cesar-2025-du-meilleur-film-etranger-une-uvre-necessaire-sur-la-shoah-ou-un-exercice-contestable-4347_cri-7030620.php\" rel=\"nofollow noopener\">La Zone d\u2019int\u00e9r\u00eat<\/a> (199\u00a0000\u00a0entr\u00e9es), les deux pr\u00e9c\u00e9dents Grand Prix du <a target=\"_blank\" href=\"https:\/\/www.telerama.fr\/cinema\/cannes-2025-la-palme-d-or-et-tout-le-palmares-du-festival-7025859.php\" rel=\"nofollow noopener\">Festival de Cannes<\/a>. B\u00e9n\u00e9ficiant d\u2019excellentes critiques presse et spectateurs, le bouche-\u00e0-oreille devrait lui permettre de se maintenir sur des bases \u00e9lev\u00e9es au moins jusqu\u2019\u00e0 la fin septembre.<\/p>\n<p class=\"paragraph\">Dans un tout autre registre, <a target=\"_blank\" href=\"https:\/\/www.telerama.fr\/cinema\/la-nuit-des-clowns-d-eli-craig-notre-critique_cri-7040239.php\" rel=\"nofollow noopener\">La Nuit des clowns<\/a> a terrifi\u00e9 99\u00a0000\u00a0adeptes dans 300\u00a0cin\u00e9mas, soit le septi\u00e8me meilleur lancement horrifique de\u00a02025. Les amateurs d\u2019action fran\u00e7aise, eux, se sont moins mobilis\u00e9s vers <a target=\"_blank\" href=\"https:\/\/www.telerama.fr\/cinema\/les-orphelins-une-arme-fatale-a-la-francaise-qui-rate-son-tir_cri-7040246.php\" rel=\"nofollow noopener\">Les Orphelins<\/a>, d\u2019Olivier Schneider, malgr\u00e9 une exposition plus cons\u00e9quente (425\u00a0\u00e9crans). Il fait \u00e9galement moins bien que <a target=\"_blank\" href=\"https:\/\/www.telerama.fr\/cinema\/rapide-de-morgan-s-dalibert-notre-critique_cri-7038264.php\" rel=\"nofollow noopener\">Rapide<\/a> (82\u00a0000), r\u00e9cente production du m\u00eame genre, \u00e9galement avec <a target=\"_blank\" href=\"https:\/\/www.telerama.fr\/cinema\/de-balle-perdue-a-rapide-alban-lenoir-faux-bagarreur-et-vrai-rigolo-7025333.php\" rel=\"nofollow noopener\">Alban Lenoir<\/a>.<\/p>\n<p class=\"edito__prefixe\">   \u00c0 lire aussi :   <\/p>\n<p class=\"edito__text-container\">     <a alt=\"Lire aussi\" href=\"https:\/\/www.telerama.fr\/cinema\/2025-annee-noire-dans-les-salles-de-cinema-jusqu-ici-tout-va-mal-mais-7026945.php\" class=\"article__title--edito\" rel=\"nofollow noopener\" target=\"_blank\">2025, ann\u00e9e noire dans les salles de cin\u00e9ma\u00a0? Jusqu\u2019ici tout va mal, mais\u2026<\/a>  <\/p>\n<p class=\"paragraph\"><a target=\"_blank\" href=\"https:\/\/www.telerama.fr\/cinema\/avec-alpha-julia-ducournau-signe-un-melodrame-degoulinant-de-pathos_cri-7040242.php\" rel=\"nofollow noopener\">Alpha<\/a>, la nouvelle proposition auteur gore de Julia Ducournau, peine aussi \u00e0 convaincre, n\u2019ayant r\u00e9uni que 43\u00a0000\u00a0curieux en cinq jours dans 360\u00a0salles (bien qu\u2019ayant pris la troisi\u00e8me place \u00e0 Paris). C\u2019est autant que son premier long m\u00e9trage <a target=\"_blank\" href=\"https:\/\/www.telerama.fr\/cinema\/films\/grave,509336.php\" rel=\"nofollow noopener\">Grave<\/a> (2016), diffus\u00e9 alors dans seulement 79\u00a0salles, et c\u2019est derri\u00e8re sa Palme d\u2019or, <a target=\"_blank\" href=\"https:\/\/www.telerama.fr\/cinema\/films\/titane,n6911153.php\" rel=\"nofollow noopener\">Titane<\/a> (55\u00a0000\u00a0entr\u00e9es dans 199\u00a0salles) qui, en juillet\u00a02021, avait \u00e9t\u00e9 nettement frein\u00e9 par la pand\u00e9mie de Covid-19.<\/p>\n<p class=\"paragraph\">Du c\u00f4t\u00e9 des continuations, le film d\u2019animation <a target=\"_blank\" href=\"https:\/\/www.telerama.fr\/cinema\/les-bad-guys-2-de-pierre-perifel-et-juan-pablo-sans-notre-critique_cri-7040012.php\" rel=\"nofollow noopener\">Les Bad Guys\u00a02<\/a> s\u2019illustre \u00e0 nouveau avec une fr\u00e9quentation quasi stable lors de son quatri\u00e8me week-end et le million de tickets vendus d\u00e9sormais d\u00e9pass\u00e9. Pour <a target=\"_blank\" href=\"https:\/\/www.telerama.fr\/cinema\/f1-de-joseph-kosinski-brad-pitt-roule-des-mecaniques-dans-un-film-au-ras-des-paquerettes_cri-7039536.php\" rel=\"nofollow noopener\">F1<\/a>, c\u2019est le cap des 3\u00a0millions qui vient d\u2019\u00eatre franchi gr\u00e2ce \u00e0 un maintien \u00e9galement toujours excellent.<\/p>\n<p class=\"paragraph\">Soulignons enfin la jolie carri\u00e8re sur la dur\u00e9e du drame de Baltasar Korm\u00e1kur, <a target=\"_blank\" href=\"https:\/\/www.telerama.fr\/cinema\/touch-de-baltasar-kormakur-notre-critique_cri-7040015.php\" rel=\"nofollow noopener\">Touch<\/a>, qui, avec 78\u00a0000\u00a0entr\u00e9es cumul\u00e9es en vingt-cinq jours, est assur\u00e9 d\u2019atteindre la barre symbolique des 100\u00a0000\u00a0entr\u00e9es.<\/p>\n","protected":false},"excerpt":{"rendered":"Le dernier Grand Prix cannois engrange 105\u00a0000\u00a0entr\u00e9es. Mais l\u2019autre film de la Croisette, \u201cAlpha\u201d, de Julia Ducournau, a&hellip;\n","protected":false},"author":2,"featured_media":345026,"comment_status":"","ping_status":"","sticky":false,"template":"","format":"standard","meta":{"footnotes":""},"categories":[1354],"tags":[58,59,1346,1011,27,1360],"class_list":{"0":"post-345025","1":"post","2":"type-post","3":"status-publish","4":"format-standard","5":"has-post-thumbnail","7":"category-films","8":"tag-divertissement","9":"tag-entertainment","10":"tag-films","11":"tag-fr","12":"tag-france","13":"tag-movies"},"share_on_mastodon":{"url":"https:\/\/pubeurope.com\/@fr\/115094807634590939","error":""},"_links":{"self":[{"href":"https:\/\/www.europesays.com\/fr\/wp-json\/wp\/v2\/posts\/345025","targetHints":{"allow":["GET"]}}],"collection":[{"href":"https:\/\/www.europesays.com\/fr\/wp-json\/wp\/v2\/posts"}],"about":[{"href":"https:\/\/www.europesays.com\/fr\/wp-json\/wp\/v2\/types\/post"}],"author":[{"embeddable":true,"href":"https:\/\/www.europesays.com\/fr\/wp-json\/wp\/v2\/users\/2"}],"replies":[{"embeddable":true,"href":"https:\/\/www.europesays.com\/fr\/wp-json\/wp\/v2\/comments?post=345025"}],"version-history":[{"count":0,"href":"https:\/\/www.europesays.com\/fr\/wp-json\/wp\/v2\/posts\/345025\/revisions"}],"wp:featuredmedia":[{"embeddable":true,"href":"https:\/\/www.europesays.com\/fr\/wp-json\/wp\/v2\/media\/345026"}],"wp:attachment":[{"href":"https:\/\/www.europesays.com\/fr\/wp-json\/wp\/v2\/media?parent=345025"}],"wp:term":[{"taxonomy":"category","embeddable":true,"href":"https:\/\/www.europesays.com\/fr\/wp-json\/wp\/v2\/categories?post=345025"},{"taxonomy":"post_tag","embeddable":true,"href":"https:\/\/www.europesays.com\/fr\/wp-json\/wp\/v2\/tags?post=345025"}],"curies":[{"name":"wp","href":"https:\/\/api.w.org\/{rel}","templated":true}]}}