{"id":345027,"date":"2025-08-26T11:22:15","date_gmt":"2025-08-26T11:22:15","guid":{"rendered":"https:\/\/www.europesays.com\/fr\/345027\/"},"modified":"2025-08-26T11:22:15","modified_gmt":"2025-08-26T11:22:15","slug":"peut-on-encore-attraper-la-peste-aujourdhui","status":"publish","type":"post","link":"https:\/\/www.europesays.com\/fr\/345027\/","title":{"rendered":"Peut-on encore attraper la peste aujourd\u2019hui ?"},"content":{"rendered":"<p>             <a href=\"https:\/\/ma-sante.news\/wp-content\/uploads\/2025\/08\/retour-peste-france-europe-amerique-californie-risques-dangers-symptomes-peste-Ma-Sante-.jpg\" data-caption=\"La peste continue de circuler en Californie, port\u00e9e par des puces infect\u00e9es vivant sur des rongeurs sauvages comme les rats ou les \u00e9cureuils. \u00a9 Adobe Stock\" target=\"_blank\" rel=\"noopener\"><img loading=\"lazy\" decoding=\"async\" width=\"696\" height=\"466\" class=\"entry-thumb td-modal-image\" src=\"data:image\/svg+xml,%3Csvg%20xmlns=\" http:=\"\" data-lazy- data-lazy- alt=\"Un homme casqu\u00e9 qui a peur du retour la peste en Europe.\" title=\"retour peste france europe ame\u0301rique californie risques dangers sympto\u0302mes peste Ma Sante\u0301\" data-lazy-src=\"https:\/\/www.europesays.com\/fr\/wp-content\/uploads\/2025\/08\/retour-peste-france-europe-amerique-californie-risques-dangers-symptomes-peste-Ma-Sante--696x466.jpg\"\/><\/a>La peste continue de circuler en Californie, port\u00e9e par des puces infect\u00e9es vivant sur des rongeurs sauvages comme les rats ou les \u00e9cureuils. \u00a9 Adobe Stock                                    \t\t\t             <a class=\"gofollow\" data-track=\"MjgsMCw2MA==\" href=\"https:\/\/ma-sante.news\/inscrivez-vous-a-notre-newsletter\/\" target=\"_blank\" rel=\"noopener\"><img loading=\"lazy\" decoding=\"async\" width=\"1068\" height=\"131\" src=\"data:image\/svg+xml,%3Csvg%20xmlns=\" http:=\"\" data-lazy-src=\"https:\/\/www.europesays.com\/fr\/wp-content\/uploads\/2025\/03\/banniere-newsletter.png\"\/><\/a> <\/p>\n<p><a href=\"https:\/\/ma-sante.news\/peut-on-toujours-mourir-de-la-peste-aujourdhui\/\" target=\"_blank\" rel=\"noopener\">La peste<\/a>. Le simple mot renvoie \u00e0 l\u2019une des plus grandes trag\u00e9dies humaines : la peste noire du XIV\u1d49 si\u00e8cle, qui a tu\u00e9 pr\u00e8s de 25 millions de personnes en Europe, <a href=\"https:\/\/www.who.int\/fr\/news-room\/fact-sheets\/detail\/plague\" target=\"_blank\" rel=\"noopener\">soit un tiers de la population d\u2019alors, selon l\u2019OMS (Organisation mondiale de la sant\u00e9)<\/a>. Depuis, cette maladie provoqu\u00e9e par la bact\u00e9rie Yersinia pestis reste grav\u00e9e dans l\u2019imaginaire collectif comme un fl\u00e9au absolu.<\/p>\n<p>Mais en 2025, <a href=\"https:\/\/ma-sante.news\/tuberculose-peste-lepre-retour-maladies-disparues-2964\/\" target=\"_blank\" rel=\"noopener\">faut-il vraiment craindre son retour ?<\/a> La question se pose \u00e0 nouveau apr\u00e8s qu\u2019un Californien a \u00e9t\u00e9 test\u00e9 positif \u00e0 la peste bubonique cet \u00e9t\u00e9, probablement apr\u00e8s une piq\u00fbre de puce infect\u00e9e lors d\u2019un s\u00e9jour en camping. La nouvelle a fait le tour du monde, r\u00e9veillant de vieilles peurs.<\/p>\n<p>        La peste : de quoi parle-t-on exactement ?     <strong>La peste existe encore, mais elle est rare<\/strong>    <\/p>\n<p>Contrairement \u00e0 ce que beaucoup pensent, la peste n\u2019a jamais totalement disparu. Selon l\u2019OMS, environ 200 \u00e0 500 cas humains sont recens\u00e9s chaque ann\u00e9e dans le monde, principalement en Afrique subsaharienne (R\u00e9publique d\u00e9mocratique du Congo, Madagascar), mais aussi en Asie et en Am\u00e9rique (\u00c9tats-Unis, P\u00e9rou).<\/p>\n<p>En France, aucun cas humain n\u2019a \u00e9t\u00e9 signal\u00e9 depuis plus d\u2019un si\u00e8cle. La derni\u00e8re \u00e9pid\u00e9mie sur le territoire remonte au d\u00e9but du XX\u1d49 si\u00e8cle \u00e0 Marseille, lorsque la peste est arriv\u00e9e par bateau. Depuis, le pays est consid\u00e9r\u00e9 comme exempt de circulation active de la maladie selon Sant\u00e9 publique France.<\/p>\n<p>Aux \u00c9tats-Unis, la bact\u00e9rie circule encore dans certains rongeurs sauvages de l\u2019Ouest, comme les \u00e9cureuils ou les chiens de prairie. Entre 1970 et 2020, environ 500 cas humains ont \u00e9t\u00e9 recens\u00e9s dans le pays, soit moins de 10 par an en moyenne, selon le CDC (Centers for Disease Control and Prevention).<\/p>\n<p>        <strong>Les sympt\u00f4mes de la peste actuelle<\/strong>    <\/p>\n<p>La peste aujourd\u2019hui peut se pr\u00e9senter sous trois formes principales :<\/p>\n<ul class=\"wp-block-list\">\n<li>Peste bubonique (la plus fr\u00e9quente, ~80 % des cas) : fi\u00e8vre brutale, <a href=\"https:\/\/ma-sante.news\/maux-de-tete-comment-reconnaitre-une-vraie-migraine\/\" target=\"_blank\" rel=\"noopener\">maux de t\u00eate<\/a>, <a href=\"https:\/\/ma-sante.news\/fatigue-persistante-et-si-la-cause-etait-un-mini-avc\/\" target=\"_blank\" rel=\"noopener\">grande fatigue<\/a>, apparition de ganglions enfl\u00e9s et tr\u00e8s douloureux appel\u00e9s bubons, douleurs musculaires, naus\u00e9es.<\/li>\n<li>Peste septic\u00e9mique : fi\u00e8vre \u00e9lev\u00e9e, douleurs abdominales, vomissements, taches violac\u00e9es sur la peau (purpura), risque de choc septique.<\/li>\n<li>Peste pulmonaire (la plus grave et la plus contagieuse) : fi\u00e8vre brutale, toux avec crachats sanglants, douleurs thoraciques, grande difficult\u00e9 respiratoire, d\u00e9c\u00e8s possible en 24 \u00e0 72 h sans traitement.<\/li>\n<\/ul>\n<p>Les sympt\u00f4mes apparaissent g\u00e9n\u00e9ralement 2 \u00e0 6 jours apr\u00e8s l\u2019exposition. <\/p>\n<p>        Peste : faut-il s\u2019attendre \u00e0 un retour en Europe ?\u00a0    <strong>Pourquoi ce n\u2019est plus une menace mondiale<\/strong>    <\/p>\n<p>La diff\u00e9rence majeure avec le Moyen \u00c2ge, c\u2019est la m\u00e9decine moderne. Aujourd\u2019hui, la peste est parfaitement <a href=\"https:\/\/ma-sante.news\/antibioresistance-ce-fleau-inquiete-les-autorites-de-sante-europeennes\/\" target=\"_blank\" rel=\"noopener\">traitable par antibiotiques<\/a> si elle est d\u00e9tect\u00e9e rapidement. Selon l\u2019OMS, le taux de mortalit\u00e9 chute \u00e0 moins de 10 % avec une prise en charge rapide, contre plus de 70 % sans traitement.<\/p>\n<p>Les syst\u00e8mes de sant\u00e9 modernes permettent aussi une surveillance efficace. En France comme en Europe, les laboratoires de microbiologie et les services de veille sanitaire sont capables de d\u00e9tecter un cas suspect en quelques heures. La peste n\u2019est plus une maladie hors de contr\u00f4le, c\u2019est une maladie rare et ma\u00eetrisable rappellent les professionnels de sant\u00e9.<\/p>\n<p>        <strong>Les risques d\u2019un retour massif sont-ils r\u00e9els ?<\/strong>    <\/p>\n<p>La grande crainte, notamment apr\u00e8s la pand\u00e9mie de Covid-19, est celle d\u2019<a href=\"https:\/\/ma-sante.news\/virus-emergents-faut-il-craindre-dautres-pandemies\/\" target=\"_blank\" rel=\"noopener\">une r\u00e9surgence \u00e9pid\u00e9mique mondiale<\/a>. Mais les sp\u00e9cialistes se veulent rassurants :<\/p>\n<ul class=\"wp-block-list\">\n<li>La peste se transmet par piq\u00fbre de puce infect\u00e9e ou, plus rarement, d\u2019homme \u00e0 homme par voie respiratoire (forme pulmonaire). Cette transmission reste limit\u00e9e par rapport \u00e0 des virus <a href=\"https:\/\/ma-sante.news\/grippe-fin-epidemie-grave-enfin-en-france-metropole\/\" target=\"_blank\" rel=\"noopener\">tr\u00e8s contagieux comme la grippe<\/a> ou <a href=\"https:\/\/ma-sante.news\/covid-long-linstitut-pasteur-revele-que-le-sars%e2%80%91cov%e2%80%912-persiste-dans-le-cerveau-jusqua-80-jours\/\" target=\"_blank\" rel=\"noopener\">le SARS-CoV-2<\/a>.<\/li>\n<li>Les foyers connus de peste font l\u2019objet d\u2019une surveillance r\u00e9guli\u00e8re, notamment par l\u2019OMS et les CDC.<\/li>\n<li>Les cas sont isol\u00e9s et ne d\u00e9bouchent quasiment jamais sur des \u00e9pid\u00e9mies dans les pays disposant d\u2019un syst\u00e8me de sant\u00e9 efficace.<\/li>\n<\/ul>\n<p>En clair, aucun sc\u00e9nario r\u00e9aliste ne permet d\u2019imaginer un retour de la peste noire telle qu\u2019au Moyen \u00c2ge.<\/p>\n<p>        <strong>Ce qu\u2019il faut savoir pour se prot\u00e9ger<\/strong>    <\/p>\n<p>M\u00eame si le risque est infime en Europe, il existe quelques consignes de base pour les voyageurs dans les zones o\u00f9 la peste circule encore :<\/p>\n<ul class=\"wp-block-list\">\n<li>\u00c9viter le contact avec les rongeurs sauvages et ne jamais manipuler d\u2019animaux morts.<\/li>\n<li>Prot\u00e9ger ses animaux de compagnie avec des traitements anti-puces adapt\u00e9s.<\/li>\n<li>Utiliser des r\u00e9pulsifs cutan\u00e9s dans les zones rurales \u00e0 risque (Madagascar, certaines r\u00e9gions am\u00e9ricaines).<\/li>\n<li>Consulter rapidement un m\u00e9decin en cas de fi\u00e8vre brutale et ganglions enfl\u00e9s apr\u00e8s un s\u00e9jour en zone end\u00e9mique.<\/li>\n<\/ul>\n<p>        Alors, faut-il avoir peur ?    <\/p>\n<p>La r\u00e9ponse est non. La peste n\u2019est pas un danger imminent pour la population fran\u00e7aise ou europ\u00e9enne. Elle reste une maladie rare, localis\u00e9e, et d\u00e9sormais ma\u00eetrisable gr\u00e2ce aux antibiotiques et \u00e0 la surveillance sanitaire.<\/p>\n<p>Mais elle nous rappelle une v\u00e9rit\u00e9 : les maladies infectieuses n\u2019ont pas disparu. <a href=\"https:\/\/ma-sante.news\/covid-19-est-on-vraiment-au-bout-de-lepidemie\/\" target=\"_blank\" rel=\"noopener\">Comme l\u2019a montr\u00e9 le Covid-19<\/a>, la vigilance reste essentielle. La peste, elle, n\u2019est plus le fl\u00e9au de jadis, mais un t\u00e9moignage vivant de l\u2019importance de la sant\u00e9 publique mondiale.<\/p>\n<blockquote class=\"wp-block-quote is-layout-flow wp-block-quote-is-layout-flow\">\n<p><strong>\u00c0 SAVOIR<\/strong><\/p>\n<p>Des souches de Yersinia pestis r\u00e9sistantes aux antibiotiques ont \u00e9t\u00e9 identifi\u00e9es ces derni\u00e8res ann\u00e9es, notamment en Asie et en Afrique. Certaines poss\u00e8dent des plasmides porteurs de plusieurs g\u00e8nes de r\u00e9sistance, rendant les traitements classiques moins efficaces (PubMed, 2022). Un ph\u00e9nom\u00e8ne rare mais surveill\u00e9 de pr\u00e8s par l\u2019OMS et les chercheurs, car il pourrait compliquer la prise en charge dans certaines r\u00e9gions du globe.<\/p>\n<\/blockquote>\n<p>  <a class=\"gofollow\" data-track=\"MTIsMCw2MA==\" href=\"https:\/\/ma-sante.news\/annonceurs\/\" target=\"_blank\" rel=\"noopener\"><img loading=\"lazy\" decoding=\"async\" width=\"2560\" height=\"2133\" src=\"data:image\/svg+xml,%3Csvg%20xmlns=\" http:=\"\" data-lazy-src=\"https:\/\/www.europesays.com\/fr\/wp-content\/uploads\/2025\/03\/pub-annonceurs-4-scaled.jpg\"\/><\/a>    <img loading=\"lazy\" decoding=\"async\" width=\"755\" height=\"495\" src=\"data:image\/svg+xml,%3Csvg%20xmlns=\" http:=\"\" data-lazy-src=\"https:\/\/www.europesays.com\/fr\/wp-content\/uploads\/2025\/03\/Image1.jpg\"\/>Inscrivez-vous \u00e0 notre newsletter <br \/>Ma Sant\u00e9                      <\/p>\n","protected":false},"excerpt":{"rendered":"La peste continue de circuler en Californie, port\u00e9e par des puces infect\u00e9es vivant sur des rongeurs sauvages comme&hellip;\n","protected":false},"author":2,"featured_media":345028,"comment_status":"","ping_status":"","sticky":false,"template":"","format":"standard","meta":{"footnotes":""},"categories":[10],"tags":[1011,27,72,13383,19872,13848,71],"class_list":{"0":"post-345027","1":"post","2":"type-post","3":"status-publish","4":"format-standard","5":"has-post-thumbnail","7":"category-sante","8":"tag-fr","9":"tag-france","10":"tag-health","11":"tag-maladie-infectieuse","12":"tag-maladie-rare","13":"tag-peste","14":"tag-sante"},"share_on_mastodon":{"url":"https:\/\/pubeurope.com\/@fr\/115094811091072987","error":""},"_links":{"self":[{"href":"https:\/\/www.europesays.com\/fr\/wp-json\/wp\/v2\/posts\/345027","targetHints":{"allow":["GET"]}}],"collection":[{"href":"https:\/\/www.europesays.com\/fr\/wp-json\/wp\/v2\/posts"}],"about":[{"href":"https:\/\/www.europesays.com\/fr\/wp-json\/wp\/v2\/types\/post"}],"author":[{"embeddable":true,"href":"https:\/\/www.europesays.com\/fr\/wp-json\/wp\/v2\/users\/2"}],"replies":[{"embeddable":true,"href":"https:\/\/www.europesays.com\/fr\/wp-json\/wp\/v2\/comments?post=345027"}],"version-history":[{"count":0,"href":"https:\/\/www.europesays.com\/fr\/wp-json\/wp\/v2\/posts\/345027\/revisions"}],"wp:featuredmedia":[{"embeddable":true,"href":"https:\/\/www.europesays.com\/fr\/wp-json\/wp\/v2\/media\/345028"}],"wp:attachment":[{"href":"https:\/\/www.europesays.com\/fr\/wp-json\/wp\/v2\/media?parent=345027"}],"wp:term":[{"taxonomy":"category","embeddable":true,"href":"https:\/\/www.europesays.com\/fr\/wp-json\/wp\/v2\/categories?post=345027"},{"taxonomy":"post_tag","embeddable":true,"href":"https:\/\/www.europesays.com\/fr\/wp-json\/wp\/v2\/tags?post=345027"}],"curies":[{"name":"wp","href":"https:\/\/api.w.org\/{rel}","templated":true}]}}