{"id":345033,"date":"2025-08-26T11:25:10","date_gmt":"2025-08-26T11:25:10","guid":{"rendered":"https:\/\/www.europesays.com\/fr\/345033\/"},"modified":"2025-08-26T11:25:10","modified_gmt":"2025-08-26T11:25:10","slug":"comment-chanel-securise-ses-matieres-premieres","status":"publish","type":"post","link":"https:\/\/www.europesays.com\/fr\/345033\/","title":{"rendered":"comment Chanel s\u00e9curise ses mati\u00e8res premi\u00e8res"},"content":{"rendered":"<p><strong>ENTRETIEN &#8211;<\/strong> Alors que les copies de fragrances de luxe font flor\u00e8s sur les r\u00e9seaux sociaux, la marque pr\u00e9serve ses cr\u00e9ations en se r\u00e9servant des ingr\u00e9dients exclusifs, gr\u00e2ce \u00e0 la mise en place de fili\u00e8res \u00ab\u00a0propri\u00e9taires\u00a0\u00bb. Explications avec Olivier Polge, le parfumeur cr\u00e9ateur de la maison.<\/p>\n<p class=\"fig-paragraph\">Sur TikTok, on ne les appelle plus des copies mais<a href=\"http:\/\/www.lefigaro.fr\/style\/on-achete-bien-plus-qu-une-simple-goutte-a-appliquer-dans-le-cou-pourquoi-les-parfums-de-luxe-n-ont-pas-de-prix-20250511\" data-fig-type=\"Article\" data-gtm-custom-categorie=\"navigation\" data-gtm-custom-action=\"crossclick\" data-gtm-custom-label=\"Contextuel\" data-gtm-event=\"customEventSPE\" data-fig-domain=\"LEFIGARO\" rel=\"nofollow noopener\" target=\"_blank\">\u00a0des \u00ab\u00a0dupes\u00a0\u00bb<\/a>. Si le terme para\u00eet moins frauduleux, il s\u2019agit pourtant bien de reproductions (\u00ab\u00a0duplicate\u00a0\u00bb en anglais) qui n\u2019ont souvent rien \u00e0 voir avec les formules d\u2019origine. Largement pl\u00e9biscit\u00e9es par\u00a0<a href=\"http:\/\/www.lefigaro.fr\/industrie-mode\/parfums-la-generation-z-veut-seduire-et-sentir-autrement-20231125\" data-fig-type=\"Article\" data-gtm-custom-categorie=\"navigation\" data-gtm-custom-action=\"crossclick\" data-gtm-custom-label=\"Contextuel\" data-gtm-event=\"customEventSPE\" data-fig-domain=\"LEFIGARO\" rel=\"nofollow noopener\" target=\"_blank\">une Gen Z<\/a>\u00a0s\u00e9duite par leurs prix tr\u00e8s bas (certaines s\u2019affichent \u00e0 moins de 2\u00a0euros), ces caricatures approximatives cartonnent sur les r\u00e9seaux sociaux &#8211; le #perfumedupe fr\u00f4le m\u00eame les 500\u00a0millions de vues sur TikTok- et selon une r\u00e9cente \u00e9tude men\u00e9e pour la f\u00e9d\u00e9ration des entreprises de beaut\u00e9 (Febea), 31\u00a0% des Fran\u00e7ais auraient achet\u00e9 un dupe cosm\u00e9tique au cours de l\u2019ann\u00e9e.<\/p>\n<p class=\"fig-paragraph\">Pourtant, derri\u00e8re l\u2019image d\u2019un \u00ab\u00a0bon plan\u00a0\u00bb d\u00e9nich\u00e9 sur internet et dans les enseignes discount, ces produits viennent bousculer\u00a0<a href=\"http:\/\/www.lefigaro.fr\/style\/je-ne-porte-jamais-deux-fois-de-suite-le-meme-parfum-quand-se-parfumer-tourne-a-l-obsession-20250203\" data-fig-type=\"Article\" data-gtm-custom-categorie=\"navigation\" data-gtm-custom-action=\"crossclick\" data-gtm-custom-label=\"Contextuel\" data-gtm-event=\"customEventSPE\" data-fig-domain=\"LEFIGARO\" rel=\"nofollow noopener\" target=\"_blank\">la valeur per\u00e7ue du parfum<\/a>\u00a0en ab\u00eemant, entre autres, l\u2019ensemble d\u2019un long processus cr\u00e9atif. D\u2019autant que les droits d\u2019auteur ne permettent pas de prot\u00e9ger les odeurs, contrairement au flacon et au nom. Certaines marques\u2026<\/p>\n<p class=\"fig-premium-paywall__infos\">\n        Cet article est r\u00e9serv\u00e9 aux abonn\u00e9s.        Il vous reste 90% \u00e0 d\u00e9couvrir.\n    <\/p>\n<p>                <img  data- alt=\"Le Figaro\" class=\"fig-img--complete fig-img\"\/><\/p>\n<p class=\"fig-premium-paywall__title\">Vente Flash<\/p>\n<p class=\"fig-premium-paywall__subtitle\">4,99\u20ac par mois pendant 12 mois. Sans engagement<\/p>\n<p class=\"fig-premium-paywall__connect\">\n                D\u00e9j\u00e0 abonn\u00e9\u00a0?                <a class=\"fig-premium-paywall__connect-link\" href=\"https:\/\/connect.lefigaro.fr\/login?client=horizon_web&amp;type=main&amp;redirect_uri=https%3A%2F%2Fwww.lefigaro.fr%2Fstyle%2Fface-a-l-ampleur-du-phenomene-nous-avons-achete-un-dupe-d-un-de-nos-parfums-c-est-une-tromperie-assez-extraordinaire-comment-chanel-securise-ses-matieres-premieres-20250826\" data-js-gtm=\"{&quot;customCategorie&quot;: &quot;conversion&quot;, &quot;customAction&quot;: &quot;before_Landing_Connexion_paywall_auto&quot;, &quot;customLabel&quot;: &quot;bGVmaWdhcm8uZnJfXzFmMDgxYTI1LWExYjgtNmE5NC04M2ZmLThiZjVlZTc5OWIwOV9fQXJ0aWNsZQ==_\u00ab\u00a0Face \u00e0 l\u2019ampleur du ph\u00e9nom\u00e8ne, nous avons achet\u00e9 un dupe d\u2019un de nos parfums. C\u2019est une tromperie assez extraordinaire\u00a0\u00bb\u00a0: comment Chanel s\u00e9curise ses mati\u00e8res premi\u00e8res_355&quot;, &quot;customIDSPE&quot;: &quot;bGVmaWdhcm8uZnJfXzFmMDgxYTI1LWExYjgtNmE5NC04M2ZmLThiZjVlZTc5OWIwOV9fQXJ0aWNsZQ==&quot;, &quot;event&quot;: &quot;customEventSPE&quot;}\" rel=\"nofollow noopener\" target=\"_blank\"><br \/>\n                    Connectez-vous<br \/>\n                <\/a>\n            <\/p>\n","protected":false},"excerpt":{"rendered":"ENTRETIEN &#8211; Alors que les copies de fragrances de luxe font flor\u00e8s sur les r\u00e9seaux sociaux, la marque&hellip;\n","protected":false},"author":2,"featured_media":345034,"comment_status":"","ping_status":"","sticky":false,"template":"","format":"standard","meta":{"footnotes":""},"categories":[7],"tags":[1890,47452,1011,27,48115,43,40,41,39,42,44],"class_list":{"0":"post-345033","1":"post","2":"type-post","3":"status-publish","4":"format-standard","5":"has-post-thumbnail","7":"category-sciences-et-technologies","8":"tag-chanel","9":"tag-eau-de-parfum","10":"tag-fr","11":"tag-france","12":"tag-gabrielle-chanel","13":"tag-science","14":"tag-science-and-technology","15":"tag-sciences","16":"tag-sciences-et-technologies","17":"tag-technologies","18":"tag-technology"},"share_on_mastodon":{"url":"https:\/\/pubeurope.com\/@fr\/115094823298827867","error":""},"_links":{"self":[{"href":"https:\/\/www.europesays.com\/fr\/wp-json\/wp\/v2\/posts\/345033","targetHints":{"allow":["GET"]}}],"collection":[{"href":"https:\/\/www.europesays.com\/fr\/wp-json\/wp\/v2\/posts"}],"about":[{"href":"https:\/\/www.europesays.com\/fr\/wp-json\/wp\/v2\/types\/post"}],"author":[{"embeddable":true,"href":"https:\/\/www.europesays.com\/fr\/wp-json\/wp\/v2\/users\/2"}],"replies":[{"embeddable":true,"href":"https:\/\/www.europesays.com\/fr\/wp-json\/wp\/v2\/comments?post=345033"}],"version-history":[{"count":0,"href":"https:\/\/www.europesays.com\/fr\/wp-json\/wp\/v2\/posts\/345033\/revisions"}],"wp:featuredmedia":[{"embeddable":true,"href":"https:\/\/www.europesays.com\/fr\/wp-json\/wp\/v2\/media\/345034"}],"wp:attachment":[{"href":"https:\/\/www.europesays.com\/fr\/wp-json\/wp\/v2\/media?parent=345033"}],"wp:term":[{"taxonomy":"category","embeddable":true,"href":"https:\/\/www.europesays.com\/fr\/wp-json\/wp\/v2\/categories?post=345033"},{"taxonomy":"post_tag","embeddable":true,"href":"https:\/\/www.europesays.com\/fr\/wp-json\/wp\/v2\/tags?post=345033"}],"curies":[{"name":"wp","href":"https:\/\/api.w.org\/{rel}","templated":true}]}}