{"id":345037,"date":"2025-08-26T11:27:11","date_gmt":"2025-08-26T11:27:11","guid":{"rendered":"https:\/\/www.europesays.com\/fr\/345037\/"},"modified":"2025-08-26T11:27:11","modified_gmt":"2025-08-26T11:27:11","slug":"le-president-chinois-xi-jinping-loue-limportance-strategique-des-relations-avec-la-russie-avant-la-visite-de-vladimir-poutine","status":"publish","type":"post","link":"https:\/\/www.europesays.com\/fr\/345037\/","title":{"rendered":"le pr\u00e9sident chinois, Xi Jinping, loue l\u2019importance strat\u00e9gique des relations avec la Russie, avant la visite de Vladimir Poutine"},"content":{"rendered":"<p>   Le pr\u00e9sident nationaliste polonais met son veto \u00e0 une loi prolongeant les aides aux r\u00e9fugi\u00e9s ukrainiens             <\/p>\n<p class=\"post__live-container--answer-text post__space-node\">Karol Nawrocki a mis lundi son veto \u00e0 un projet de loi prolongeant les aides aux r\u00e9fugi\u00e9s ukrainiens vivant en Pologne, proposant de les limiter aux Ukrainiens ayant un emploi. Ces aides \u00ab\u00a0devraient \u00eatre r\u00e9serv\u00e9es uniquement aux Ukrainiens qui s\u2019appliquent \u00e0 travailler en Pologne\u00a0\u00bb, a-t-il d\u00e9clar\u00e9 \u00e0 la presse, ajoutant qu\u2019il \u00ab\u00a0ne changerait pas d\u2019avis\u00a0\u00bb.<\/p>\n<p class=\"post__live-container--answer-text post__space-node\">Apr\u00e8s l\u2019invasion de l\u2019Ukraine par la Russie en f\u00e9vrier\u00a02022, la Pologne a accueilli plus de 1\u00a0million de r\u00e9fugi\u00e9s ukrainiens, principalement des femmes et des enfants. La Pologne, alli\u00e9 fid\u00e8le de Kiev, est aussi le principal pays de transit des armes et de l\u2019aide humanitaire occidentales \u00e0 l\u2019Ukraine.<\/p>\n<p class=\"post__live-container--answer-text post__space-node\">Le projet de loi, propos\u00e9 par le gouvernement pro-europ\u00e9en et adopt\u00e9 par le Parlement, pr\u00e9voyait la prolongation jusqu\u2019au 4\u00a0mars\u00a02026 de la protection temporaire accord\u00e9e aux citoyens ukrainiens fuyant la guerre.<\/p>\n<p class=\"post__live-container--answer-text post__space-node\">Il devait r\u00e9gler de nombreux sujets, comme les b\u00e9n\u00e9fices sociaux, les questions relatives aux permis des s\u00e9jours, l\u2019exercice de certains m\u00e9tiers par les Ukrainiens, ou prolonger le paiement par la Pologne des abonnements pour le r\u00e9seau de communication am\u00e9ricain Starlink, essentiel pour les communications militaires en Ukraine.<\/p>\n<p class=\"post__live-container--answer-text post__space-node\">La loi actuelle concernant ces domaines expire \u00e0 la fin de septembre. Pendant la campagne \u00e9lectorale, M.\u00a0Nawrocki a livr\u00e9 bataille pour r\u00e9duire les b\u00e9n\u00e9fices sociaux aux Ukrainiens et leurs enfants vivant en Pologne. Selon lui, les r\u00e9fugi\u00e9s ukrainiens ne travaillant pas ne devraient plus b\u00e9n\u00e9ficier de la couverture m\u00e9dicale gratuite\u00a0: \u00ab\u00a0Cela nous place dans une situation o\u00f9 les citoyens polonais, dans leur propre pays, sont trait\u00e9s moins bien que nos invit\u00e9s ukrainiens.\u00a0\u00bb<\/p>\n<p class=\"post__live-container--answer-text post__space-node\">M.\u00a0Nawrocki a assur\u00e9 que sa d\u00e9cision ne remettait pas en question les objectifs strat\u00e9giques de l\u2019Etat polonais, en l\u2019occurrence le soutien \u00e0 l\u2019Ukraine, car c\u2019est \u00ab\u00a0Vladimir Poutine et la F\u00e9d\u00e9ration de Russie [qui] sont \u00e0 l\u2019origine de ce conflit et l\u2019Ukraine est victime dans cette guerre\u00a0\u00bb.<\/p>\n","protected":false},"excerpt":{"rendered":"Le pr\u00e9sident nationaliste polonais met son veto \u00e0 une loi prolongeant les aides aux r\u00e9fugi\u00e9s ukrainiens Karol Nawrocki&hellip;\n","protected":false},"author":2,"featured_media":345038,"comment_status":"","ping_status":"","sticky":false,"template":"","format":"standard","meta":{"footnotes":""},"categories":[5],"tags":[11,1011,27,14,12,28],"class_list":{"0":"post-345037","1":"post","2":"type-post","3":"status-publish","4":"format-standard","5":"has-post-thumbnail","7":"category-international","8":"tag-actualites","9":"tag-fr","10":"tag-france","11":"tag-international","12":"tag-news","13":"tag-world"},"share_on_mastodon":{"url":"https:\/\/pubeurope.com\/@fr\/115094830665670777","error":""},"_links":{"self":[{"href":"https:\/\/www.europesays.com\/fr\/wp-json\/wp\/v2\/posts\/345037","targetHints":{"allow":["GET"]}}],"collection":[{"href":"https:\/\/www.europesays.com\/fr\/wp-json\/wp\/v2\/posts"}],"about":[{"href":"https:\/\/www.europesays.com\/fr\/wp-json\/wp\/v2\/types\/post"}],"author":[{"embeddable":true,"href":"https:\/\/www.europesays.com\/fr\/wp-json\/wp\/v2\/users\/2"}],"replies":[{"embeddable":true,"href":"https:\/\/www.europesays.com\/fr\/wp-json\/wp\/v2\/comments?post=345037"}],"version-history":[{"count":0,"href":"https:\/\/www.europesays.com\/fr\/wp-json\/wp\/v2\/posts\/345037\/revisions"}],"wp:featuredmedia":[{"embeddable":true,"href":"https:\/\/www.europesays.com\/fr\/wp-json\/wp\/v2\/media\/345038"}],"wp:attachment":[{"href":"https:\/\/www.europesays.com\/fr\/wp-json\/wp\/v2\/media?parent=345037"}],"wp:term":[{"taxonomy":"category","embeddable":true,"href":"https:\/\/www.europesays.com\/fr\/wp-json\/wp\/v2\/categories?post=345037"},{"taxonomy":"post_tag","embeddable":true,"href":"https:\/\/www.europesays.com\/fr\/wp-json\/wp\/v2\/tags?post=345037"}],"curies":[{"name":"wp","href":"https:\/\/api.w.org\/{rel}","templated":true}]}}