{"id":345040,"date":"2025-08-26T11:29:14","date_gmt":"2025-08-26T11:29:14","guid":{"rendered":"https:\/\/www.europesays.com\/fr\/345040\/"},"modified":"2025-08-26T11:29:14","modified_gmt":"2025-08-26T11:29:14","slug":"les-republicains-accorderont-leur-confiance-a-francois-bayrou-le-rn-dezingue-bruno-retailleau","status":"publish","type":"post","link":"https:\/\/www.europesays.com\/fr\/345040\/","title":{"rendered":"Les R\u00e9publicains accorderont leur confiance \u00e0 Fran\u00e7ois Bayrou, le RN d\u00e9zingue Bruno Retailleau"},"content":{"rendered":"<p>        <img decoding=\"async\" loading=\"lazy\" src=\"https:\/\/www.europesays.com\/fr\/wp-content\/uploads\/2025\/08\/1d44d60_1731061225450-000-36kr93c.jpg\"  width=\"728\" height=\"409\" alt=\"Bruno Retailleau ici en novembre 2024.\"\/>  <\/p>\n<p>VALENTINE CHAPUIS \/ AFP<\/p>\n<p>Bruno Retailleau ici en novembre 2024.<\/p>\n<p class=\"asset asset-text\">POLITIQUE &#8211; Courant juillet, Bruno Retailleau estimait que le macronisme \u00ab\u00a0alimente l\u2019impuissance\u00a0\u00bb. Mais ce mardi 26\u00a0ao\u00fbt, le parti qu\u2019il pr\u00e9side, Les R\u00e9publicains, annonce qu\u2019il votera la confiance que sollicitera <a href=\"https:\/\/www.huffingtonpost.fr\/politique\/article\/jean-luc-melenchon-salue-la-dignite-de-francois-bayrou-et-annonce-vouloir-destituer-emmanuel-macron_253996.html\" target=\"_blank\" rel=\"noopener\">Fran\u00e7ois Bayrou<\/a> sur le Budget. Ce qui, selon toute vraisemblance n\u2019emp\u00eachera pas <a href=\"https:\/\/www.huffingtonpost.fr\/politique\/article\/ce-que-francois-bayrou-cherche-a-faire-avec-son-coup-de-poker-hasardeux-sur-le-budget_253979.html\" target=\"_blank\" rel=\"noopener\">la chute du gouvernement<\/a>, dont LR est partie prenante.<\/p>\n<p class=\"asset asset-text\">Dans un communiqu\u00e9 titr\u00e9 \u00ab\u00a0la droite ne s\u2019associera pas aux d\u00e9magogues\u00a0\u00bb, celui qui occupe le poste de ministre de l\u2019Int\u00e9rieur estime que le vote que sollicitera le chef du gouvernement portera sur le partage (ou non) du constat suivant\u00a0: \u00ab\u00a0la France est-elle bord du gouffre financier\u00a0?\u00a0\u00bb. Ce faisant, Bruno Retailleau juge que son parti, membre du socle commun, ne peut pas se d\u00e9rober.<\/p>\n<p class=\"asset asset-text\">\u00ab\u00a0Nous ne pouvons plus continuer \u00e0 nous voiler la face. Les R\u00e9publicains ont toujours alert\u00e9 sur le risque existentiel que fait peser la d\u00e9rive de nos comptes publics sur la souverainet\u00e9 et l\u2019ind\u00e9pendance de notre pays\u00a0\u00bb, note le Vend\u00e9en, rappelant la formule utilis\u00e9e en 2007\u00a0par Fran\u00e7ois Fillon, alors Premier ministre de Nicolas Sarkozy, sur \u00ab\u00a0un \u00c9tat en faillite\u00a0\u00bb. D\u00e9non\u00e7ant le \u00ab\u00a0cartel du d\u00e9ni\u00a0\u00bb compos\u00e9 de \u00ab\u00a0d\u00e9magogues qui refusent de voir la r\u00e9alit\u00e9 en face\u00a0\u00bb, le patron de la droite s\u2019inqui\u00e8te des cons\u00e9quences financi\u00e8res et sociales que pourrait provoquer une nouvelle instabilit\u00e9 minist\u00e9rielle.<\/p>\n<p>    \u00ab\u00a0All\u00e9geance au bloc central\u00a0\u00bb    <\/p>\n<p class=\"asset asset-text\">\u00ab\u00a0Voter pour la chute du Gouvernement, ce serait voter contre les int\u00e9r\u00eats de la France\u00a0\u00bb, juge Bruno Retailleau, qui maintient ses propositions budg\u00e9taires, <a href=\"https:\/\/www.huffingtonpost.fr\/politique\/video\/aide-medicale-d-etat-ame-avec-le-budget-2025-les-defenseurs-du-dispositif-gagnent-une-premiere-bataille_240730.html\" target=\"_blank\" rel=\"noopener\">que ce soit sur l\u2019AME <\/a>ou la r\u00e9duction des d\u00e9penses publiques.<\/p>\n<p class=\"asset asset-text\">Sit\u00f4t connue, la position du parti de droite a provoqu\u00e9 l\u2019ire du Rassemblement national, qui d\u00e9peint d\u00e9sormais le ministre de l\u2019Int\u00e9rieur comme un \u00ab\u00a0membre de la macronie\u00a0\u00bb. D\u00e9put\u00e9 lep\u00e9niste de la 3e circonscription de la Somme, Matthias Renault estime que le pr\u00e9sident des R\u00e9publicains \u00ab\u00a0fait acte d\u2019all\u00e9geance au bloc central, au lieu de prendre ses distances\u00a0\u00bb.<\/p>\n<p class=\"asset asset-text\">Son coll\u00e8gue des Bouches-du-Rh\u00f4ne, Franck Allisio, est tout aussi offensif. \u00ab\u00a0Les LR sont des traites, la preuve encore aujourd\u2019hui\u00a0! Jamais nous n\u2019aurons vu une aussi belle b\u00e9quille\u00a0\u00bb, a-t-il cingl\u00e9 sur son compte X, quand le d\u00e9put\u00e9 RN du Nord, Alexandre Dufosset, partage une <a href=\"https:\/\/x.com\/AlexandreDfss\/status\/1960273977219137580\" target=\"_blank\" rel=\"noopener\" title=\"Nouvelle fen\u00eatre\">illustration<\/a> faite par intelligence artificielle et montrant Fran\u00e7ois Bayrou s\u2019appuyer sur une b\u00e9quille estampill\u00e9e LR. La bataille des r\u00e9cits ne fait que commencer entre la droite et l\u2019extr\u00eame droite.<\/p>\n","protected":false},"excerpt":{"rendered":"VALENTINE CHAPUIS \/ AFP Bruno Retailleau ici en novembre 2024. POLITIQUE &#8211; Courant juillet, Bruno Retailleau estimait que&hellip;\n","protected":false},"author":2,"featured_media":345041,"comment_status":"","ping_status":"","sticky":false,"template":"","format":"standard","meta":{"footnotes":""},"categories":[2],"tags":[11,1013,1011,27,431,6319,12,316,1078],"class_list":{"0":"post-345040","1":"post","2":"type-post","3":"status-publish","4":"format-standard","5":"has-post-thumbnail","7":"category-actualites","8":"tag-actualites","9":"tag-bruno-retailleau","10":"tag-fr","11":"tag-france","12":"tag-francois-bayrou","13":"tag-les-republicains","14":"tag-news","15":"tag-politique","16":"tag-rassemblement-national"},"share_on_mastodon":{"url":"https:\/\/pubeurope.com\/@fr\/115094838590455685","error":""},"_links":{"self":[{"href":"https:\/\/www.europesays.com\/fr\/wp-json\/wp\/v2\/posts\/345040","targetHints":{"allow":["GET"]}}],"collection":[{"href":"https:\/\/www.europesays.com\/fr\/wp-json\/wp\/v2\/posts"}],"about":[{"href":"https:\/\/www.europesays.com\/fr\/wp-json\/wp\/v2\/types\/post"}],"author":[{"embeddable":true,"href":"https:\/\/www.europesays.com\/fr\/wp-json\/wp\/v2\/users\/2"}],"replies":[{"embeddable":true,"href":"https:\/\/www.europesays.com\/fr\/wp-json\/wp\/v2\/comments?post=345040"}],"version-history":[{"count":0,"href":"https:\/\/www.europesays.com\/fr\/wp-json\/wp\/v2\/posts\/345040\/revisions"}],"wp:featuredmedia":[{"embeddable":true,"href":"https:\/\/www.europesays.com\/fr\/wp-json\/wp\/v2\/media\/345041"}],"wp:attachment":[{"href":"https:\/\/www.europesays.com\/fr\/wp-json\/wp\/v2\/media?parent=345040"}],"wp:term":[{"taxonomy":"category","embeddable":true,"href":"https:\/\/www.europesays.com\/fr\/wp-json\/wp\/v2\/categories?post=345040"},{"taxonomy":"post_tag","embeddable":true,"href":"https:\/\/www.europesays.com\/fr\/wp-json\/wp\/v2\/tags?post=345040"}],"curies":[{"name":"wp","href":"https:\/\/api.w.org\/{rel}","templated":true}]}}