{"id":345042,"date":"2025-08-26T11:30:13","date_gmt":"2025-08-26T11:30:13","guid":{"rendered":"https:\/\/www.europesays.com\/fr\/345042\/"},"modified":"2025-08-26T11:30:13","modified_gmt":"2025-08-26T11:30:13","slug":"le-pari-fou-de-lavion-electrique-developpe-par-eenuee","status":"publish","type":"post","link":"https:\/\/www.europesays.com\/fr\/345042\/","title":{"rendered":"le pari fou de l\u2019avion \u00e9lectrique d\u00e9velopp\u00e9 par Eenuee"},"content":{"rendered":"<p>Le lancement commercial n\u2019est pas pour demain, il est pr\u00e9vu au mieux pour 2033. D\u2019ici l\u00e0, Eenuee devra survoler avec succ\u00e8s un certain nombre d\u2019\u00e9tapes avant d\u2019arriver \u00e0 l\u2019appareil final qu\u2019elle pourra soumettre \u00e0 une homologation.<\/p>\n<p>Le prototype \u00e9chelle 1 est esp\u00e9r\u00e9 pour 2028. Mais, depuis sa cr\u00e9ation en 2019, la start-up st\u00e9phanoise a d\u00e9j\u00e0 avanc\u00e9 ses pions\u00a0: elle dispose depuis l\u2019ann\u00e9e derni\u00e8re d\u2019un d\u00e9monstrateur \u00e0 l\u2019\u00e9chelle 1\/7\u1d49, pr\u00e9figuration de son futur avion \u00e0 propulsion 100\u00a0% \u00e9lectrique (avec une variante&#8230;<\/p>\n","protected":false},"excerpt":{"rendered":"Le lancement commercial n\u2019est pas pour demain, il est pr\u00e9vu au mieux pour 2033. D\u2019ici l\u00e0, Eenuee devra&hellip;\n","protected":false},"author":2,"featured_media":345043,"comment_status":"","ping_status":"","sticky":false,"template":"","format":"standard","meta":{"footnotes":""},"categories":[9653],"tags":[1111,11,2430,33,7539,1777,674,107,1011,27,5015,3367,12,25,4001,7538,4604],"class_list":{"0":"post-345042","1":"post","2":"type-post","3":"status-publish","4":"format-standard","5":"has-post-thumbnail","7":"category-saint-etienne","8":"tag-actu","9":"tag-actualites","10":"tag-auvergne-rhone-alpes","11":"tag-economie","12":"tag-edition-loire-sud","13":"tag-eu","14":"tag-europe","15":"tag-fil-info","16":"tag-fr","17":"tag-france","18":"tag-innovation-et-start-up","19":"tag-loire","20":"tag-news","21":"tag-republique-francaise","22":"tag-saint-etienne","23":"tag-saint-etienne-ville","24":"tag-selection-abonne"},"share_on_mastodon":{"url":"https:\/\/pubeurope.com\/@fr\/115094842456208616","error":""},"_links":{"self":[{"href":"https:\/\/www.europesays.com\/fr\/wp-json\/wp\/v2\/posts\/345042","targetHints":{"allow":["GET"]}}],"collection":[{"href":"https:\/\/www.europesays.com\/fr\/wp-json\/wp\/v2\/posts"}],"about":[{"href":"https:\/\/www.europesays.com\/fr\/wp-json\/wp\/v2\/types\/post"}],"author":[{"embeddable":true,"href":"https:\/\/www.europesays.com\/fr\/wp-json\/wp\/v2\/users\/2"}],"replies":[{"embeddable":true,"href":"https:\/\/www.europesays.com\/fr\/wp-json\/wp\/v2\/comments?post=345042"}],"version-history":[{"count":0,"href":"https:\/\/www.europesays.com\/fr\/wp-json\/wp\/v2\/posts\/345042\/revisions"}],"wp:featuredmedia":[{"embeddable":true,"href":"https:\/\/www.europesays.com\/fr\/wp-json\/wp\/v2\/media\/345043"}],"wp:attachment":[{"href":"https:\/\/www.europesays.com\/fr\/wp-json\/wp\/v2\/media?parent=345042"}],"wp:term":[{"taxonomy":"category","embeddable":true,"href":"https:\/\/www.europesays.com\/fr\/wp-json\/wp\/v2\/categories?post=345042"},{"taxonomy":"post_tag","embeddable":true,"href":"https:\/\/www.europesays.com\/fr\/wp-json\/wp\/v2\/tags?post=345042"}],"curies":[{"name":"wp","href":"https:\/\/api.w.org\/{rel}","templated":true}]}}