{"id":345044,"date":"2025-08-26T11:31:17","date_gmt":"2025-08-26T11:31:17","guid":{"rendered":"https:\/\/www.europesays.com\/fr\/345044\/"},"modified":"2025-08-26T11:31:17","modified_gmt":"2025-08-26T11:31:17","slug":"la-region-exige-un-retour-a-la-normale","status":"publish","type":"post","link":"https:\/\/www.europesays.com\/fr\/345044\/","title":{"rendered":"la R\u00e9gion exige \u00ab\u00a0un retour \u00e0 la normale\u00a0\u00bb"},"content":{"rendered":"<p itemprop=\"description\"><strong>La R\u00e9gion Auvergne-Rh\u00f4ne-Alpes a d\u00e9cid\u00e9 de se payer la SNCF.<\/strong><\/p>\n<p>Dans un communiqu\u00e9, le pr\u00e9sident <a href=\"https:\/\/www.lyonmag.com\/profil-personnalite-lyonnaise\/747\/fabrice-pannekoucke\" target=\"_blank\" rel=\"noopener nofollow\">Fabrice Pannekoucke<\/a> et son vice-pr\u00e9sident charg\u00e9 des Transports Fr\u00e9d\u00e9ric Aguilera estime que le mouvement social qui perturbe la circulation sur la ligne TER Saint-Etienne-Lyon depuis mi-juillet doit prendre fin.<\/p>\n<p>\u00ab\u00a0Ce mouvement local (des aiguilleurs de l&rsquo;\u00e9toile st\u00e9phanoise ndlr) a pour cons\u00e9quence une diminution du nombre de trains mis en place habituellement par la R\u00e9gion, autorit\u00e9 organisatrice des transports collectifs en Auvergne-Rh\u00f4ne-Alpes\u00a0\u00bb, se d\u00e9sole la collectivit\u00e9 et ses dirigeants.<\/p>\n<p>La R\u00e9gion annonce donc \u00ab\u00a0exiger un retour \u00e0 la normale\u00a0\u00bb et somme SNCF R\u00e9seau \u00ab\u00a0de r\u00e9soudre ce conflit social afin que la R\u00e9gion puisse faire rouler ses trains correctement et ne pas p\u00e9naliser les usagers \u00e0 l&rsquo;approche du 1er septembre\u00a0\u00bb.<\/p>\n<p>La ligne TER entre Saint-Etienne et Lyon est la plus fr\u00e9quent\u00e9e de la r\u00e9gion, et parmi les plus importantes du pays avec environ 20 000 voyageurs par jour.<\/p>\n<p>\u00ab\u00a0Sur une ligne r\u00e9guli\u00e8rement affect\u00e9e par les cons\u00e9quences des al\u00e9as climatiques, la SNCF doit trouver, pour le d\u00e9but de la semaine prochaine, les moyens pour permettre aux trains de circuler normalement et aux agents de reprendre le travail\u00a0\u00bb, concluent Fabrice Pannekoucke et son vice-pr\u00e9sident.<\/p>\n","protected":false},"excerpt":{"rendered":"La R\u00e9gion Auvergne-Rh\u00f4ne-Alpes a d\u00e9cid\u00e9 de se payer la SNCF. Dans un communiqu\u00e9, le pr\u00e9sident Fabrice Pannekoucke et&hellip;\n","protected":false},"author":2,"featured_media":345045,"comment_status":"","ping_status":"","sticky":false,"template":"","format":"standard","meta":{"footnotes":""},"categories":[9653],"tags":[1111,11,2813,2190,2430,1109,251,1112,2811,1777,674,118,1011,27,1922,1110,1114,2428,2810,12,241,316,25,4001,2812,517,800],"class_list":{"0":"post-345044","1":"post","2":"type-post","3":"status-publish","4":"format-standard","5":"has-post-thumbnail","7":"category-saint-etienne","8":"tag-actu","9":"tag-actualites","10":"tag-article","11":"tag-asvel","12":"tag-auvergne-rhone-alpes","13":"tag-breves","14":"tag-culture","15":"tag-depeches","16":"tag-economique","17":"tag-eu","18":"tag-europe","19":"tag-faits-divers","20":"tag-fr","21":"tag-france","22":"tag-info","23":"tag-informations","24":"tag-infos","25":"tag-lyon","26":"tag-lyonmag","27":"tag-news","28":"tag-ol","29":"tag-politique","30":"tag-republique-francaise","31":"tag-saint-etienne","32":"tag-sociale","33":"tag-sport","34":"tag-transports"},"share_on_mastodon":{"url":"https:\/\/pubeurope.com\/@fr\/115094846577207023","error":""},"_links":{"self":[{"href":"https:\/\/www.europesays.com\/fr\/wp-json\/wp\/v2\/posts\/345044","targetHints":{"allow":["GET"]}}],"collection":[{"href":"https:\/\/www.europesays.com\/fr\/wp-json\/wp\/v2\/posts"}],"about":[{"href":"https:\/\/www.europesays.com\/fr\/wp-json\/wp\/v2\/types\/post"}],"author":[{"embeddable":true,"href":"https:\/\/www.europesays.com\/fr\/wp-json\/wp\/v2\/users\/2"}],"replies":[{"embeddable":true,"href":"https:\/\/www.europesays.com\/fr\/wp-json\/wp\/v2\/comments?post=345044"}],"version-history":[{"count":0,"href":"https:\/\/www.europesays.com\/fr\/wp-json\/wp\/v2\/posts\/345044\/revisions"}],"wp:featuredmedia":[{"embeddable":true,"href":"https:\/\/www.europesays.com\/fr\/wp-json\/wp\/v2\/media\/345045"}],"wp:attachment":[{"href":"https:\/\/www.europesays.com\/fr\/wp-json\/wp\/v2\/media?parent=345044"}],"wp:term":[{"taxonomy":"category","embeddable":true,"href":"https:\/\/www.europesays.com\/fr\/wp-json\/wp\/v2\/categories?post=345044"},{"taxonomy":"post_tag","embeddable":true,"href":"https:\/\/www.europesays.com\/fr\/wp-json\/wp\/v2\/tags?post=345044"}],"curies":[{"name":"wp","href":"https:\/\/api.w.org\/{rel}","templated":true}]}}