{"id":345046,"date":"2025-08-26T11:32:11","date_gmt":"2025-08-26T11:32:11","guid":{"rendered":"https:\/\/www.europesays.com\/fr\/345046\/"},"modified":"2025-08-26T11:32:11","modified_gmt":"2025-08-26T11:32:11","slug":"nancy-ferait-une-bonne-ville-tremplin-pour-les-artistes-en-rodage","status":"publish","type":"post","link":"https:\/\/www.europesays.com\/fr\/345046\/","title":{"rendered":"\u00ab\u00a0Nancy ferait une bonne ville tremplin pour les artistes en rodage\u00a0\u00bb"},"content":{"rendered":"<p>  Le lieu o\u00f9 j\u2019aime revenir<\/p>\n<p>\u00ab\u00a0Celui o\u00f9 l\u2019on a fix\u00e9 le rendez-vous, la salle Crossfit 2 Rives, l\u2019un des premiers endroits o\u00f9 je me rends quand je reviens de quelques jours de tourn\u00e9e. Je sais que je vais y trouver la bienveillance dont j\u2019ai besoin pour me rebooster. J\u2019y suis venu apr\u00e8s une rupture dans l\u2019id\u00e9e de me reconstruire dans l\u2019ombre, j\u2019avais un cardio mais pas de force et je voulais \u201cdevenir un homme\u201d. Si je suis un peu plus fort sur le plan physique \u2013 huit kg de muscles pris en un an \u2013, je suis surtout plus fort des belles relations nou\u00e9es ici \u00e0 un moment o\u00f9 je me sentais mal \u00e0 l\u2019aise dans ma peau. Une bonne su\u00e9e collective, \u00e7a cr\u00e9e des liens.\u00a0\u00bb<\/p>\n<p>  Mon caf\u00e9 pr\u00e9f\u00e9r\u00e9<\/p>\n<p>\u00ab\u00a0Le caf\u00e9 Jeanne, en Grande-Rue. C\u2019est devenu le caf\u00e9 pr\u00e9f\u00e9r\u00e9 de ma ch\u00e9rie pour bruncher le dimanche, alors sans discuter c\u2019est devenu le mien aussi. Mais on a test\u00e9 <a href=\"https:\/\/www.estrepublicain.fr\/economie\/2024\/11\/07\/grand-hotel-de-la-reine-decouvrez-le-nouveau-decor-du-bar-le-xv-et-du-restaurant-le-louis-place-de-la-carriere\" target=\"_blank\" rel=\"noopener\"> le Louis XV<\/a> et je reconnais que l\u2019endroit est classe et que c\u2019est une excellente id\u00e9e de l\u2019exploiter de cette mani\u00e8re.\u00a0\u00bb<\/p>\n<p>  Mon parc pr\u00e9f\u00e9r\u00e9<\/p>\n<p>\u00ab\u00a0Le parc des expositions. Parce que c\u2019est l\u00e0 que j\u2019ai v\u00e9cu deux moments cl\u00e9s de ma vie\u00a0: le concours d\u2019entr\u00e9e en m\u00e9decine et mon plus gros spectacle \u00e0 domicile devant plus de 500 personnes avec Fran\u00e7ois Barth\u00e9l\u00e9my pendant la Foire expo, c\u2019\u00e9tait incroyable.\u00a0Mais pour un vrai parc de verdure, c\u2019est le <a href=\"https:\/\/www.estrepublicain.fr\/societe\/2025\/07\/08\/solidaires-familiales-festives-les-guinguettes-ambiancent-l-ete-a-leur-facon\" target=\"_blank\" rel=\"noopener\">parc Blondlot<\/a> , mon parc de quartier o\u00f9 j\u2019allais r\u00e9guli\u00e8rement promener Da\u00ef da\u00ef, mon bon chien japonais roux qui n\u2019est plus aujourd\u2019hui.\u00a0\u00bb<\/p>\n<p>  Ma gourmandise pr\u00e9f\u00e9r\u00e9e<\/p>\n<p>\u00ab\u00a0Le bubble tea, 100\u00a0% glucides. J\u2019ai d\u00e9couvert \u00e0 Paris et je m\u2019approvisionne chez <a href=\"https:\/\/www.estrepublicain.fr\/economie\/2023\/08\/03\/la-cuisine-du-vietnam-a-pris-place-rue-des-ponts\" target=\"_blank\" rel=\"noopener\">Th\u00e9 Vi\u00eat rue des Ponts<\/a> maintenant. Je prends fr\u00e9quemment le train pour aller faire des spectacles partout en France et c\u2019est mon rituel d\u00e9sormais d\u2019emporter un bubble tea pour le trajet et parfois m\u00eame de repasser en prendre un sur le chemin du retour \u00e0 la maison. Ce qui n\u2019est pas di\u00e9t\u00e9tiquement ma meilleure habitude. Mais \u00e7a me fait un pr\u00e9texte suppl\u00e9mentaire pour revenir \u00e0 la salle de sport.\u00a0\u00bb<\/p>\n<p>  Nancy en un mot<\/p>\n<p>\u00ab\u00a0Je n\u00e9gocie pour trois\u00a0: pluvieux mais chaleureux. Voire r\u00e9confortant maintenant que j\u2019ai tourn\u00e9 un peu partout dans le sud. Les clich\u00e9s se sont confirm\u00e9s\u00a0: la m\u00e9t\u00e9o est quand m\u00eame sympa l\u00e0-bas mais le sens de l\u2019accueil est meilleur ici. Et puis pour la m\u00e9t\u00e9o, je m\u2019arme de patience, avec le d\u00e9r\u00e8glement climatique, \u00e7a pourrait s\u2019arranger. Je fais de l\u2019humour bien s\u00fbr.\u00a0\u00bb<\/p>\n<p>  Ce qui manque \u00e0 Nancy<\/p>\n<p>\u00ab\u00a0Une salle de spectacle interm\u00e9diaire entre les 150 places qu\u2019avait la MJC Pichon, les 800 de la salle Poirel ( <a href=\"https:\/\/www.estrepublicain.fr\/culture-loisirs\/2025\/07\/15\/david-sun-au-palais-des-glaces-le-medecin-nanceien-en-tete-d-affiche-a-paris\" target=\"_blank\" rel=\"noopener\">o\u00f9 il se produira cette saison, N.D.L.R.<\/a> ) et les milliers du <a href=\"https:\/\/www.estrepublicain.fr\/d\/dans-les-coulisses-du-zenith-du-grand-nancy-489922cf-b31b-4655-b3ae-b3be2805cf85\" target=\"_blank\" rel=\"noopener\">Z\u00e9nith<\/a>. Avec une jauge compl\u00e9mentaire de 300\/400 places, \u00e0 mon sens, avec sa d\u00e9mographie, Nancy ferait une bonne ville tremplin pour des humoristes et artistes en rodage.\u00a0\u00bb<\/p>\n","protected":false},"excerpt":{"rendered":"Le lieu o\u00f9 j\u2019aime revenir \u00ab\u00a0Celui o\u00f9 l\u2019on a fix\u00e9 le rendez-vous, la salle Crossfit 2 Rives, l\u2019un&hellip;\n","protected":false},"author":2,"featured_media":345047,"comment_status":"","ping_status":"","sticky":false,"template":"","format":"standard","meta":{"footnotes":""},"categories":[9635],"tags":[1111,11,7782,1687,1704,1777,674,1011,27,775,1702,1703,12,25,3140],"class_list":{"0":"post-345046","1":"post","2":"type-post","3":"status-publish","4":"format-standard","5":"has-post-thumbnail","7":"category-nancy","8":"tag-actu","9":"tag-actualites","10":"tag-balades-et-randonnees","11":"tag-culture-loisirs","12":"tag-edition-nancy-et-agglomeration","13":"tag-eu","14":"tag-europe","15":"tag-fr","16":"tag-france","17":"tag-grand-est","18":"tag-nancy","19":"tag-nancy-ville-54b","20":"tag-news","21":"tag-republique-francaise","22":"tag-spectacle"},"share_on_mastodon":{"url":"https:\/\/pubeurope.com\/@fr\/115094850381292908","error":""},"_links":{"self":[{"href":"https:\/\/www.europesays.com\/fr\/wp-json\/wp\/v2\/posts\/345046","targetHints":{"allow":["GET"]}}],"collection":[{"href":"https:\/\/www.europesays.com\/fr\/wp-json\/wp\/v2\/posts"}],"about":[{"href":"https:\/\/www.europesays.com\/fr\/wp-json\/wp\/v2\/types\/post"}],"author":[{"embeddable":true,"href":"https:\/\/www.europesays.com\/fr\/wp-json\/wp\/v2\/users\/2"}],"replies":[{"embeddable":true,"href":"https:\/\/www.europesays.com\/fr\/wp-json\/wp\/v2\/comments?post=345046"}],"version-history":[{"count":0,"href":"https:\/\/www.europesays.com\/fr\/wp-json\/wp\/v2\/posts\/345046\/revisions"}],"wp:featuredmedia":[{"embeddable":true,"href":"https:\/\/www.europesays.com\/fr\/wp-json\/wp\/v2\/media\/345047"}],"wp:attachment":[{"href":"https:\/\/www.europesays.com\/fr\/wp-json\/wp\/v2\/media?parent=345046"}],"wp:term":[{"taxonomy":"category","embeddable":true,"href":"https:\/\/www.europesays.com\/fr\/wp-json\/wp\/v2\/categories?post=345046"},{"taxonomy":"post_tag","embeddable":true,"href":"https:\/\/www.europesays.com\/fr\/wp-json\/wp\/v2\/tags?post=345046"}],"curies":[{"name":"wp","href":"https:\/\/api.w.org\/{rel}","templated":true}]}}