{"id":345048,"date":"2025-08-26T11:33:12","date_gmt":"2025-08-26T11:33:12","guid":{"rendered":"https:\/\/www.europesays.com\/fr\/345048\/"},"modified":"2025-08-26T11:33:12","modified_gmt":"2025-08-26T11:33:12","slug":"nancy-deboute-et-contraint-daccepter-les-huis-clos-france-nancy","status":"publish","type":"post","link":"https:\/\/www.europesays.com\/fr\/345048\/","title":{"rendered":"Nancy d\u00e9bout\u00e9 et contraint d&rsquo;accepter les huis clos &#8211; France &#8211; Nancy"},"content":{"rendered":"<p data-start=\"81\" data-end=\"122\">Vivre heureux, mais cach\u00e9s.<\/p>\n<p data-start=\"124\" data-end=\"429\"><a target=\"_blank\" href=\"https:\/\/www.sofoot.com\/breves\/national-nancy-enfonce-un-peu-plus-les-crocos-rouen-joue-un-mauvais-tour-aux-manceaux\" rel=\"nofollow noopener\">L\u2019AS Nancy-Lorraine<\/a> va encore sentir le silence de Marcel-Picot pendant trois matchs de Ligue 2. Apr\u00e8s la rencontre face \u00e0 Boulogne (1-0, le 15 ao\u00fbt), <strong>les hommes de Pablo Correa, actuels troisi\u00e8mes avec sept points au compteur, \u00e9volueront \u00e0 huis clos contre Pau ce vendredi<\/strong>, comme face au Red Star le 19 septembre et contre Reims une semaine plus tard.<\/p>\n<p>Retour des supporters contre Amiens<\/p>\n<p data-start=\"474\" data-end=\"805\"><strong>Le CNOSF a rejet\u00e9 l\u2019appel du club<\/strong> contre la <strong>sanction initiale de quatre matchs<\/strong> de fermeture inflig\u00e9e par la commission de discipline de la FFF pour les incidents survenus la saison derni\u00e8re face \u00e0 <a target=\"_blank\" href=\"https:\/\/www.sofoot.com\/breves\/quatre-matchs-a-huis-clos-pour-las-nancy-lorraine-apres-usage-de-pyrotechnie\" rel=\"nofollow noopener\"><strong>Sochaux, Aubagne et Rouen<\/strong><\/a>. Le retour des supporters dans les trav\u00e9es est d\u00e9sormais pr\u00e9vu le <strong>20 octobre<\/strong>, pour la r\u00e9ception d\u2019Amiens.<\/p>\n<p data-start=\"807\" data-end=\"1201\">Dans un communiqu\u00e9 publi\u00e9 ce lundi, Nancy a exprim\u00e9 \u00ab\u202fsa grande d\u00e9ception pour l\u2019\u00e9quipe, la ville et l\u2019immense majorit\u00e9 de nos supporters qui ne sont pas responsables de cette situation\u202f\u00bb. <strong>Sanctionn\u00e9 \u00e9galement d\u2019une amende de 54 000 euros<\/strong>, le club en profite pour lancer un message clair : \u00ab\u202fNous esp\u00e9rons que nos supporters prendront conscience de leurs actes et modifieront leur comportement.\u202f\u00bb<\/p>\n<p>https:\/\/www.facebook.com\/asnancylorraine\/posts\/1444977233884101?ref=embed_post<\/p>\n<p data-start=\"1203\" data-end=\"1288\">Ce sont les seuls impatients de voir la nuit arriver plus t\u00f4t.<\/p>\n<p>\t\t\t\t\t\t\t\t\t\t<a class=\"lien-connexe\" href=\"https:\/\/www.sofoot.com\/articles\/ligue-2-nancy-fait-un-gros-coup-a-dunkerque-clermont-enfonce-grenoble\" rel=\"nofollow noopener\" target=\"_blank\">Nancy fait un gros coup \u00e0 Dunkerque, Clermont enfonce Grenoble<\/a>\t\t\t\t\t<\/p>\n","protected":false},"excerpt":{"rendered":"Vivre heureux, mais cach\u00e9s. L\u2019AS Nancy-Lorraine va encore sentir le silence de Marcel-Picot pendant trois matchs de Ligue&hellip;\n","protected":false},"author":2,"featured_media":345049,"comment_status":"","ping_status":"","sticky":false,"template":"","format":"standard","meta":{"footnotes":""},"categories":[9635],"tags":[1111,47,11,61,69,65,64,1777,674,63,1011,27,775,68,66,1702,12,62,70,25,67],"class_list":{"0":"post-345048","1":"post","2":"type-post","3":"status-publish","4":"format-standard","5":"has-post-thumbnail","7":"category-nancy","8":"tag-actu","9":"tag-actualite","10":"tag-actualites","11":"tag-actus-football","12":"tag-bundesliga","13":"tag-championnats-europeens","14":"tag-equipe-de-france","15":"tag-eu","16":"tag-europe","17":"tag-football","18":"tag-fr","19":"tag-france","20":"tag-grand-est","21":"tag-ligua","22":"tag-ligue-1","23":"tag-nancy","24":"tag-news","25":"tag-news-foot","26":"tag-premier-league","27":"tag-republique-francaise","28":"tag-serie-a"},"share_on_mastodon":{"url":"https:\/\/pubeurope.com\/@fr\/115094854219913021","error":""},"_links":{"self":[{"href":"https:\/\/www.europesays.com\/fr\/wp-json\/wp\/v2\/posts\/345048","targetHints":{"allow":["GET"]}}],"collection":[{"href":"https:\/\/www.europesays.com\/fr\/wp-json\/wp\/v2\/posts"}],"about":[{"href":"https:\/\/www.europesays.com\/fr\/wp-json\/wp\/v2\/types\/post"}],"author":[{"embeddable":true,"href":"https:\/\/www.europesays.com\/fr\/wp-json\/wp\/v2\/users\/2"}],"replies":[{"embeddable":true,"href":"https:\/\/www.europesays.com\/fr\/wp-json\/wp\/v2\/comments?post=345048"}],"version-history":[{"count":0,"href":"https:\/\/www.europesays.com\/fr\/wp-json\/wp\/v2\/posts\/345048\/revisions"}],"wp:featuredmedia":[{"embeddable":true,"href":"https:\/\/www.europesays.com\/fr\/wp-json\/wp\/v2\/media\/345049"}],"wp:attachment":[{"href":"https:\/\/www.europesays.com\/fr\/wp-json\/wp\/v2\/media?parent=345048"}],"wp:term":[{"taxonomy":"category","embeddable":true,"href":"https:\/\/www.europesays.com\/fr\/wp-json\/wp\/v2\/categories?post=345048"},{"taxonomy":"post_tag","embeddable":true,"href":"https:\/\/www.europesays.com\/fr\/wp-json\/wp\/v2\/tags?post=345048"}],"curies":[{"name":"wp","href":"https:\/\/api.w.org\/{rel}","templated":true}]}}