{"id":345051,"date":"2025-08-26T11:35:25","date_gmt":"2025-08-26T11:35:25","guid":{"rendered":"https:\/\/www.europesays.com\/fr\/345051\/"},"modified":"2025-08-26T11:35:25","modified_gmt":"2025-08-26T11:35:25","slug":"matchs-amicaux-top-14-face-a-toulon-comment-clermont-veut-imposer-sa-defense-a-lattaque-adverse","status":"publish","type":"post","link":"https:\/\/www.europesays.com\/fr\/345051\/","title":{"rendered":"Matchs amicaux Top 14 \u2013 Face \u00e0 Toulon, comment Clermont veut \u00ab\u00a0imposer sa d\u00e9fense\u00a0\u00bb \u00e0 l\u2019attaque adverse"},"content":{"rendered":"<p>\n                Lors de son premier match amical (\u00e0 Brive), l\u2019ASM a test\u00e9 une nouvelle strat\u00e9gie d\u00e9fensive qu\u2019elle esp\u00e8re exploiter tout au long de la saison. Avec des mont\u00e9es tr\u00e8s fortes, les Jaunards esp\u00e8rent resserrer l\u2019\u00e9tau sur l\u2019attaque du RCT, qu\u2019ils affrontent ce vendredi.\n            <\/p>\n<p>Clermont veut dresser des barbel\u00e9s plus piquants que la saison pass\u00e9e. La cinqui\u00e8me meilleure d\u00e9fense du dernier exercice en veut plus, en sachant qu\u2019elle a perdu trop de points suite \u00e0 des rel\u00e2chements d\u00e9fensifs. \u00c0 l\u2019aube de la reprise du championnat, Julien La\u00efrle a d\u00e9chir\u00e9 la page de la saison derni\u00e8re pour \u00e9crire un nouveau chapitre. L\u2019entra\u00eeneur des avants et de la d\u00e9fense clermontoise veut que ses hommes harc\u00e8lent en permanence l\u2019attaque adverse avec des mont\u00e9es tr\u00e8s rapides et fortes. Cette fameuse \u00ab\u00a0rush d\u00e9fense\u00a0\u00bb, dont l\u2019Afrique du Sud est la reine incontest\u00e9e au niveau mondial.\u00a0\u00ab\u00a0Cela n\u00e9cessite plus de communication, notamment entre les centres et les ailiers. Plus de condition physique \u00e9galement. Puisque monter sur chaque lancement demande beaucoup d\u2019efforts, et surtout, plus d\u2019organisation\u00a0\u00bb note Pierre Fouyssac.<\/p>\n<p><a href=\"https:\/\/www.rugbyrama.fr\/2025\/08\/22\/matchs-amicaux-pour-son-premier-match-amical-clermont-simpose-a-brive-grace-a-ses-avants-12889249.php\" target=\"_self\" rel=\"nofollow noopener\"><strong>Contre Brive, lors de leur premier match amical,<\/strong><\/a> les Jaunards ont donc test\u00e9 cette nouvelle approche avec plus ou moins de r\u00e9ussite, comme l\u2019explique La\u00efrle.\u00a0\u00ab\u00a0La volont\u00e9 est de monter l\u2019agressivit\u00e9 en \u00e9tant moins spectateur. On veut cr\u00e9er plus de chaos et de d\u00e9sordre mais cela implique de renforcer les situations de un contre un. Face \u00e0 Brive, par exemple, on a deux situations avec des plaquages rel\u00e2ch\u00e9s sur nos couloirs qui ont conduit \u00e0 deux essais adverses. On veut une d\u00e9fense agressive, on responsabilise les joueurs, et on a besoin de ces mont\u00e9es-l\u00e0 pour faire d\u00e9jouer l\u2019adversaire et imposer notre d\u00e9fense \u00e0 l\u2019attaque\u00a0\u00bb.\u00a0Mais cette m\u00eame d\u00e9fense rapide a aussi conduit \u00e0 un essai sur interception de Kylan Hamdaoui, en fin de rencontre.<\/p>\n<p>        <img decoding=\"async\" class=\"std-img__img responsive-img\" src=\"https:\/\/www.europesays.com\/fr\/wp-content\/uploads\/2025\/08\/1756208125_123_image.jpg\" alt=\"Baptiste Jauneau devrait faire son retour avec le maillot clermontois, face \u00e0 Toulon.\"\/><\/p>\n<p>                Baptiste Jauneau devrait faire son retour avec le maillot clermontois, face \u00e0 Toulon.<br \/>\n                                    Cl\u00e9ment Labonne.<\/p>\n<blockquote><p>\nContre Toulon, tout va aller plus vite\n<\/p><\/blockquote>\n<p>En toute logique, la d\u00e9fense jaune et bleue n\u2019est pas totalement r\u00e9gl\u00e9e. Avant de tirer \u00e0 balles r\u00e9elles face au champion toulousain, les Auvergnats devront r\u00e9sister \u00e0 une belle opposition ce vendredi, \u00e0 Issoire. Toulon se pr\u00e9sente en effet dans le Puy-de-D\u00f4me, comme la saison pass\u00e9e, avec l\u2019envie de jeter les plans d\u00e9fensifs de Clermont en l\u2019air.\u00a0\u00ab\u00a0On attend que le niveau physique monte d\u2019un cran. On s\u2019appr\u00eate \u00e0 jouer une \u00e9quipe de Top 14, m\u00eame si le match de Brive a \u00e9norm\u00e9ment cogn\u00e9. On attend aussi beaucoup de vitesse de d\u00e9placement, tout va aller plus vite et il faudra qu\u2019on conserve davantage les ballons dans les rucks. Ce point-l\u00e0 nous a fait d\u00e9faut face au CAB avec plusieurs turnovers conc\u00e9d\u00e9s. Mais la priorit\u00e9 sera la vitesse\u00a0: il faudra qu\u2019on soit au rendez-vous\u00a0\u00bb.<\/p>\n<p>Avant de d\u00e9fier les Varois, plusieurs joueurs ont fait leur retour \u00e0 l\u2019entra\u00eenement, tels que S\u00e9bastien B\u00e9zy, Sacha Lotrian, Joris Jurand, Pio Muarua ou Tom Raffy. R\u00e9gis Montagne, qui revient de sa blessure \u00e0 la cheville subie en Nouvelle-Z\u00e9lande, \u00e9tait \u00e9galement sur le terrain. Tous ont pris part \u00e0 des s\u00e9ances mod\u00e9r\u00e9es et aucun risque ne sera pris avec ces joueurs pour ce deuxi\u00e8me match amical. \u00c0 l\u2019inverse, Rob Simmons et Alivereti Raka devront d\u00e9clarer forfait. Victimes de commotion c\u00e9r\u00e9brale \u00e0 Brive, le deuxi\u00e8me ligne et l\u2019ailier clermontois se reposeront pour esp\u00e9rer une participation face \u00e0 Toulouse, le 7\u00a0septembre, pour le coup d\u2019envoi de la saison de l\u2019ASM.<\/p>\n","protected":false},"excerpt":{"rendered":"Lors de son premier match amical (\u00e0 Brive), l\u2019ASM a test\u00e9 une nouvelle strat\u00e9gie d\u00e9fensive qu\u2019elle esp\u00e8re exploiter&hellip;\n","protected":false},"author":2,"featured_media":345052,"comment_status":"","ping_status":"","sticky":false,"template":"","format":"standard","meta":{"footnotes":""},"categories":[9619],"tags":[1111,11,1777,674,1011,27,12,882,25,2310],"class_list":{"0":"post-345051","1":"post","2":"type-post","3":"status-publish","4":"format-standard","5":"has-post-thumbnail","7":"category-toulon","8":"tag-actu","9":"tag-actualites","10":"tag-eu","11":"tag-europe","12":"tag-fr","13":"tag-france","14":"tag-news","15":"tag-provence-alpes-cote-dazur","16":"tag-republique-francaise","17":"tag-toulon"},"share_on_mastodon":{"url":"https:\/\/pubeurope.com\/@fr\/115094862301802560","error":""},"_links":{"self":[{"href":"https:\/\/www.europesays.com\/fr\/wp-json\/wp\/v2\/posts\/345051","targetHints":{"allow":["GET"]}}],"collection":[{"href":"https:\/\/www.europesays.com\/fr\/wp-json\/wp\/v2\/posts"}],"about":[{"href":"https:\/\/www.europesays.com\/fr\/wp-json\/wp\/v2\/types\/post"}],"author":[{"embeddable":true,"href":"https:\/\/www.europesays.com\/fr\/wp-json\/wp\/v2\/users\/2"}],"replies":[{"embeddable":true,"href":"https:\/\/www.europesays.com\/fr\/wp-json\/wp\/v2\/comments?post=345051"}],"version-history":[{"count":0,"href":"https:\/\/www.europesays.com\/fr\/wp-json\/wp\/v2\/posts\/345051\/revisions"}],"wp:featuredmedia":[{"embeddable":true,"href":"https:\/\/www.europesays.com\/fr\/wp-json\/wp\/v2\/media\/345052"}],"wp:attachment":[{"href":"https:\/\/www.europesays.com\/fr\/wp-json\/wp\/v2\/media?parent=345051"}],"wp:term":[{"taxonomy":"category","embeddable":true,"href":"https:\/\/www.europesays.com\/fr\/wp-json\/wp\/v2\/categories?post=345051"},{"taxonomy":"post_tag","embeddable":true,"href":"https:\/\/www.europesays.com\/fr\/wp-json\/wp\/v2\/tags?post=345051"}],"curies":[{"name":"wp","href":"https:\/\/api.w.org\/{rel}","templated":true}]}}