{"id":345053,"date":"2025-08-26T11:36:12","date_gmt":"2025-08-26T11:36:12","guid":{"rendered":"https:\/\/www.europesays.com\/fr\/345053\/"},"modified":"2025-08-26T11:36:12","modified_gmt":"2025-08-26T11:36:12","slug":"dazerbaidjan-au-bresil-le-plus-grand-relais-a-velo-du-monde-est-passe-par-montpellier","status":"publish","type":"post","link":"https:\/\/www.europesays.com\/fr\/345053\/","title":{"rendered":"\u00ab\u00a0D\u2019Azerba\u00efdjan au Br\u00e9sil\u00a0!\u00a0\u00bb\u00a0: le plus grand relais \u00e0 v\u00e9lo du monde est pass\u00e9 par Montpellier"},"content":{"rendered":"<p>\n                                                                Des cyclistes p\u00e9dalent symboliquement entre l\u2019Azerba\u00efdjan et le Br\u00e9sil, lieux des 29e et 30e COP, afin de faire la promotion du v\u00e9lo. Leur relais est pass\u00e9 par Montpellier.\n                            <\/p>\n<p>C\u2019est un relais \u00e0 l\u2019ampleur jamais vue qui est pass\u00e9 par Montpellier, ce week-end. Une poign\u00e9e de cyclistes arrivaient d\u2019Arles, mais leur aventure collective avait commenc\u00e9 \u00e0 la fronti\u00e8re de l\u2019Azerba\u00efdjan, en mai dernier.<\/p>\n<p>Ce relais fait symboliquement le lien entre les sites o\u00f9 se d\u00e9roulent les COP, ces sommets mondiaux destin\u00e9s \u00e0 lutter contre le d\u00e9r\u00e8glement climatique.<\/p>\n<p>Ainsi, la \u00ab\u00a0COP 30 bike ride\u00a0\u00bb\u00a0relie les sites de Bakou, o\u00f9 se tenait la COP 29, et Bel\u00e9m (Br\u00e9sil) o\u00f9 se d\u00e9roulera la COP 30, en novembre prochain.<\/p>\n<p>\u00ab\u00a0Un millier de cyclistes devrait y participer\u00a0\u00bb, estime Guillaume Otrage, un des plus exp\u00e9riment\u00e9s. Il faisait partie du petit groupe qui est arriv\u00e9 \u00e0 Montpellier, ce vendredi.<\/p>\n<p>Un film documentaire sur le relais 2024<\/p>\n<p>Parmi eux, Jacopo, un Italien parti de Croatie, mais aussi Nicolas Le Moigne, pr\u00e9sident de V\u00e9locit\u00e9 Montpellier, Philippe, de Saint-G\u00e9ly, et Antoine et Guillaume.<\/p>\n<p>Ces deux derniers avaient p\u00e9dal\u00e9 sur le pr\u00e9c\u00e9dent relais, 5\u00a0000\u00a0km entre Paris et Bakou, l\u2019an dernier. \u00ab\u00a0On avait rencontr\u00e9 des ours en Bulgarie et en Turquie, partag\u00e9 des moments formidables avec les habitants, et admir\u00e9 des paysages fantastiques en Cappadoce avec des centaines de montgolfi\u00e8res se d\u00e9tachant sur les montagnes\u00a0\u00bb, raconte Antoine.<\/p>\n<p>De cette aventure, ils avaient r\u00e9alis\u00e9 un film documentaire, \u00ab\u00a0The COP 29 bike ride\u00a0\u00bb, retra\u00e7ant leur p\u00e9riple et les dix propositions pour le v\u00e9lo qu\u2019ils emportaient avec eux (lire ci-dessous). Leur film a \u00e9t\u00e9 projet\u00e9 vendredi soir au D\u00f4me.<\/p>\n<p>    \u00ab\u00a0Cela pousse les \u00e9lus \u00e0 la r\u00e9flexion\u00a0\u00bb<\/p>\n<p>\u00ab\u00a0Lors du relais qui arrivait \u00e0 Bakou, on portait dix propositions pour le v\u00e9lo dans les plans climat, rappelle Guillaume Otrage. Cette ann\u00e9e nous avons consult\u00e9 cinq experts. Sur le chemin, nous rencontrons des \u00e9lus de collectivit\u00e9s pour leur demander trois engagements qu\u2019ils prennent \u00e0 l\u2019horizon 2030. Voir le plus grand relais \u00e0 v\u00e9lo du monde arriver chez eux, cela les pousse aussi \u00e0 la r\u00e9flexion. On esp\u00e8re arriver \u00e0 la COP avec une cinquantaine d\u2019engagements de collectivit\u00e9s\u00a0\u00bb.<\/p>\n<p>\u00ab\u00a0L\u2019exemple de Montpellier, qui s\u2019est transform\u00e9e pour faire davantage de place au v\u00e9lo, est tr\u00e8s parlant. Il est capital d\u2019en parler \u00e0 la COP. Car tr\u00e8s peu de plans climatiques nationaux mentionnent le v\u00e9lo, alors qu\u2019il est crucial pour la d\u00e9carbonation.\u00a0\u00bb<\/p>\n<p>\u00ab\u00a0Il n\u2019y a jamais eu un truc comme \u00e7a\u00a0\u00bb<\/p>\n<p>En mai dernier, un autre relais est donc parti d\u2019Azerba\u00efdjan. Le petit peloton, qui change souvent de composition, est donc pass\u00e9 par Montpellier.<\/p>\n<p>Apr\u00e8s une pause bien m\u00e9rit\u00e9e, il en est reparti dimanche matin, \u00e0 destination de Roujan. Un des nombreux sauts de puce qui m\u00e8neront les plus courageux \u00e0 Lisbonne. Les cyclistes y seront rejoints par d\u2019autres venus du nord de l\u2019Europe. Certains embarqueront dans un bateau pour Bel\u00e9m (Br\u00e9sil). Une aventure de 13\u00a0000\u00a0km\u00a0!<\/p>\n<p>\u00ab\u00a0Mine de rien, on est en train de battre le record du monde du plus grand relais v\u00e9lo jamais accompli, que ce soit en termes de distance, de pays et de villes travers\u00e9s, souligne Guillaume. Il n\u2019y a jamais un truc comme \u00e7a. En fait, d\u2019une COP \u00e0 l\u2019autre, \u00e7a ne s\u2019arr\u00eate jamais\u00a0!\u00a0\u00bb<\/p>\n<p>https:\/\/copbikeride.org\/<\/p>\n","protected":false},"excerpt":{"rendered":"Des cyclistes p\u00e9dalent symboliquement entre l\u2019Azerba\u00efdjan et le Br\u00e9sil, lieux des 29e et 30e COP, afin de faire&hellip;\n","protected":false},"author":2,"featured_media":345054,"comment_status":"","ping_status":"","sticky":false,"template":"","format":"standard","meta":{"footnotes":""},"categories":[9599],"tags":[1111,11,1777,674,1011,27,2208,12,2680,25],"class_list":{"0":"post-345053","1":"post","2":"type-post","3":"status-publish","4":"format-standard","5":"has-post-thumbnail","7":"category-montpellier","8":"tag-actu","9":"tag-actualites","10":"tag-eu","11":"tag-europe","12":"tag-fr","13":"tag-france","14":"tag-montpellier","15":"tag-news","16":"tag-occitanie","17":"tag-republique-francaise"},"share_on_mastodon":{"url":"https:\/\/pubeurope.com\/@fr\/115094866077874012","error":""},"_links":{"self":[{"href":"https:\/\/www.europesays.com\/fr\/wp-json\/wp\/v2\/posts\/345053","targetHints":{"allow":["GET"]}}],"collection":[{"href":"https:\/\/www.europesays.com\/fr\/wp-json\/wp\/v2\/posts"}],"about":[{"href":"https:\/\/www.europesays.com\/fr\/wp-json\/wp\/v2\/types\/post"}],"author":[{"embeddable":true,"href":"https:\/\/www.europesays.com\/fr\/wp-json\/wp\/v2\/users\/2"}],"replies":[{"embeddable":true,"href":"https:\/\/www.europesays.com\/fr\/wp-json\/wp\/v2\/comments?post=345053"}],"version-history":[{"count":0,"href":"https:\/\/www.europesays.com\/fr\/wp-json\/wp\/v2\/posts\/345053\/revisions"}],"wp:featuredmedia":[{"embeddable":true,"href":"https:\/\/www.europesays.com\/fr\/wp-json\/wp\/v2\/media\/345054"}],"wp:attachment":[{"href":"https:\/\/www.europesays.com\/fr\/wp-json\/wp\/v2\/media?parent=345053"}],"wp:term":[{"taxonomy":"category","embeddable":true,"href":"https:\/\/www.europesays.com\/fr\/wp-json\/wp\/v2\/categories?post=345053"},{"taxonomy":"post_tag","embeddable":true,"href":"https:\/\/www.europesays.com\/fr\/wp-json\/wp\/v2\/tags?post=345053"}],"curies":[{"name":"wp","href":"https:\/\/api.w.org\/{rel}","templated":true}]}}