{"id":345055,"date":"2025-08-26T11:37:13","date_gmt":"2025-08-26T11:37:13","guid":{"rendered":"https:\/\/www.europesays.com\/fr\/345055\/"},"modified":"2025-08-26T11:37:13","modified_gmt":"2025-08-26T11:37:13","slug":"que-sest-il-passe-dans-une-station-service","status":"publish","type":"post","link":"https:\/\/www.europesays.com\/fr\/345055\/","title":{"rendered":"que s&rsquo;est-il pass\u00e9 dans une station-service\u00a0?"},"content":{"rendered":"<p>            Par<br \/>\n        <strong><br \/>\n            <a href=\"https:\/\/actu.fr\/auteur\/jm-aubert\" title=\"Consulter tous les articles de Jean-Marc Aubert\" target=\"_blank\" rel=\"noopener\">Jean-Marc Aubert<\/a><br \/>\n        <\/strong><\/p>\n<p>        Publi\u00e9 le<\/p>\n<p>            26 ao\u00fbt 2025 \u00e0 12h57        <\/p>\n<p>Un <strong>violent diff\u00e9rend<\/strong> a d\u00e9g\u00e9n\u00e9r\u00e9, t\u00f4t ce <strong>samedi matin<\/strong>, dans une station-service de <strong>Montpellier<\/strong> : insultes, menaces, violences, vol, pare-brises cass\u00e9s sur fond de consommation d\u2019alcool et de protoxyde d\u2019azote.<\/p>\n<p>    <a href=\"https:\/\/www.google.com\/maps\/embed?pb=!1m18!1m12!1m3!1d4287.045650266061!2d3.8201833849159175!3d43.63098662166268!2m3!1f0!2f0!3f0!3m2!1i1024!2i768!4f13.1!3m3!1m2!1s0x12b6ac21fb745ccf%3A0xc018440d579dfc14!2sAv.%20de%20l%27Europe%2C%2034080%20Montpellier!5e0!3m2!1sfr!2sfr!4v1756195875717!5m2!1sfr!2sfr\" title=\"Ouvrie le lien\" target=\"_blank\" rel=\"noopener\">Cliquez ici pour visualiser le contenu<\/a><\/p>\n<p class=\" wall-content\">Ce <strong>samedi 23 ao\u00fbt<\/strong>, vers <strong>6h<\/strong>, la police secours a \u00e9t\u00e9 avis\u00e9e d\u2019une <strong>violente rixe<\/strong> entre un conducteur, seul \u00e0 bord de sa voiture et quatre femmes dans un v\u00e9hicule, sur une piste de la <strong>station-service<\/strong> de l\u2019avenue de l\u2019Europe, aux <strong>Hauts de Massane<\/strong>. Les policiers du commissariat central saisis de l\u2019enqu\u00eate tentent de d\u00e9terminer la cause de ces violences, qui, bien que floue ce week-end, part d\u2019un constat d\u2019ores et d\u00e9j\u00e0 \u00e9tabli : les cinq personnes se connaissent.<\/p>\n<p class=\" wall-content\">Toujours est-il qu\u2019\u00e0 l\u2019arriv\u00e9e de la police nationale, appel\u00e9e par des t\u00e9moins impuissants face \u00e0 cette situation, les cinq personnes impliqu\u00e9es \u00e9taient toujours en train de s\u2019invectiver apr\u00e8s en \u00eatre venues aux mains, heureusement sans faire de bless\u00e9, devant deux voitures dans un sale \u00e9tat : celle du conducteur avait le parte-brise avant fortement d\u00e9grad\u00e9, celle de l\u2019autre conductrice et de ses trois passag\u00e8res pr\u00e9sentait d\u2019importants dommages aux pare-brises avant et arri\u00e8re.<\/p>\n<p class=\" wall-content\">Dans la confusion li\u00e9e \u00e0 cette rixe, la cl\u00e9 de contact du v\u00e9hicule du conducteur a \u00e9t\u00e9 vol\u00e9e et restait introuvable. Il d\u00e9signait l\u2019une des quatre femmes, qui ont toutes ni\u00e9 en bloc. Selon nos informations, les cinq protagonistes \u00e9taient <strong>ivres<\/strong> et certaines des femmes avait manifestement inhal\u00e9 du gaz hilarant avec du <strong>protoxyde d\u2019azote<\/strong>, le \u00ab\u00a0proto\u00a0\u00bb dangereux pour la sant\u00e9.<\/p>\n<p>Vid\u00e9os : en ce moment sur Actu<\/p>\n<p class=\" wall-content\">L\u2019intervention des policiers a permis d\u2019arr\u00eater une escalade de violence, tandis que les propri\u00e9taires des deux v\u00e9hicules d\u00e9grad\u00e9s qui ne pouvaient plus rouler, ont fait appel \u00e0 un d\u00e9panneur pour qu\u2019ils soient remis\u00e9s dans un garage jusqu\u2019au passage des experts de leur assurance. Certains ont quitt\u00e9 les lieux en taxi pour rentrer chez eux.<\/p>\n<p class=\" wall-content\">Personnalisez votre actualit\u00e9 en ajoutant vos villes et m\u00e9dias en favori avec <a href=\"https:\/\/moncompte.actu.fr\" title=\"D\u00e9couvez Mon Actu\" rel=\"nofollow noopener\" data-trk=\"{&quot;cta&quot;:{&quot;action&quot;:&quot;https:\\\/\\\/moncompte.actu.fr&quot;,&quot;category&quot;:&quot;mon compte&quot;,&quot;from&quot;:&quot;article footer&quot;,&quot;name&quot;:&quot;Mon actu&quot;,&quot;type&quot;:&quot;cta&quot;}}\" target=\"_blank\">Mon Actu<\/a>.<\/p>\n","protected":false},"excerpt":{"rendered":"Par Jean-Marc Aubert Publi\u00e9 le 26 ao\u00fbt 2025 \u00e0 12h57 Un violent diff\u00e9rend a d\u00e9g\u00e9n\u00e9r\u00e9, t\u00f4t ce samedi&hellip;\n","protected":false},"author":2,"featured_media":345056,"comment_status":"","ping_status":"","sticky":false,"template":"","format":"standard","meta":{"footnotes":""},"categories":[9599],"tags":[1111,11,1777,674,118,1011,27,303,2208,12,2680,1072,25],"class_list":{"0":"post-345055","1":"post","2":"type-post","3":"status-publish","4":"format-standard","5":"has-post-thumbnail","7":"category-montpellier","8":"tag-actu","9":"tag-actualites","10":"tag-eu","11":"tag-europe","12":"tag-faits-divers","13":"tag-fr","14":"tag-france","15":"tag-justice","16":"tag-montpellier","17":"tag-news","18":"tag-occitanie","19":"tag-police","20":"tag-republique-francaise"},"share_on_mastodon":{"url":"https:\/\/pubeurope.com\/@fr\/115094869945383196","error":""},"_links":{"self":[{"href":"https:\/\/www.europesays.com\/fr\/wp-json\/wp\/v2\/posts\/345055","targetHints":{"allow":["GET"]}}],"collection":[{"href":"https:\/\/www.europesays.com\/fr\/wp-json\/wp\/v2\/posts"}],"about":[{"href":"https:\/\/www.europesays.com\/fr\/wp-json\/wp\/v2\/types\/post"}],"author":[{"embeddable":true,"href":"https:\/\/www.europesays.com\/fr\/wp-json\/wp\/v2\/users\/2"}],"replies":[{"embeddable":true,"href":"https:\/\/www.europesays.com\/fr\/wp-json\/wp\/v2\/comments?post=345055"}],"version-history":[{"count":0,"href":"https:\/\/www.europesays.com\/fr\/wp-json\/wp\/v2\/posts\/345055\/revisions"}],"wp:featuredmedia":[{"embeddable":true,"href":"https:\/\/www.europesays.com\/fr\/wp-json\/wp\/v2\/media\/345056"}],"wp:attachment":[{"href":"https:\/\/www.europesays.com\/fr\/wp-json\/wp\/v2\/media?parent=345055"}],"wp:term":[{"taxonomy":"category","embeddable":true,"href":"https:\/\/www.europesays.com\/fr\/wp-json\/wp\/v2\/categories?post=345055"},{"taxonomy":"post_tag","embeddable":true,"href":"https:\/\/www.europesays.com\/fr\/wp-json\/wp\/v2\/tags?post=345055"}],"curies":[{"name":"wp","href":"https:\/\/api.w.org\/{rel}","templated":true}]}}