{"id":345058,"date":"2025-08-26T11:40:14","date_gmt":"2025-08-26T11:40:14","guid":{"rendered":"https:\/\/www.europesays.com\/fr\/345058\/"},"modified":"2025-08-26T11:40:14","modified_gmt":"2025-08-26T11:40:14","slug":"un-jeune-homme-se-blesse-en-escaladant-la-grille-du-donjon-pour-recuperer-son-telephone","status":"publish","type":"post","link":"https:\/\/www.europesays.com\/fr\/345058\/","title":{"rendered":"un jeune homme se blesse en escaladant la grille du donjon pour r\u00e9cup\u00e9rer son t\u00e9l\u00e9phone"},"content":{"rendered":"<p>\t\t\t\t\t Les faits se sont produits cette nuit du 25 au 26 ao\u00fbt, vers 1h50, au pied du donjon, dans le centre historique de Rouen (Seine-Maritime). Un \u00e9quipage de Police secours est appel\u00e9 par une jeune femme de 20 ans signalant\u00a0que son ami, bless\u00e9, s\u2019est retrouv\u00e9 coinc\u00e9 dans l\u2019enceinte du monument. <\/p>\n<p>Selon les premiers \u00e9l\u00e9ments, le t\u00e9l\u00e9phone du jeune homme est tomb\u00e9 de l\u2019autre c\u00f4t\u00e9 de la grille, haute de trois m\u00e8tres, alors que tous les deux chahutaient dans la rue. Ce dernier, \u00e2g\u00e9 de 21 ans, a alors entrepris de l\u2019escalader pour le r\u00e9cup\u00e9rer.\n\t\t\t\t <\/p>\n","protected":false},"excerpt":{"rendered":"Les faits se sont produits cette nuit du 25 au 26 ao\u00fbt, vers 1h50, au pied du donjon,&hellip;\n","protected":false},"author":2,"featured_media":345059,"comment_status":"","ping_status":"","sticky":false,"template":"","format":"standard","meta":{"footnotes":""},"categories":[9587],"tags":[1111,11,1777,674,1011,27,1934,12,5161,25,9590,5163],"class_list":{"0":"post-345058","1":"post","2":"type-post","3":"status-publish","4":"format-standard","5":"has-post-thumbnail","7":"category-rouen","8":"tag-actu","9":"tag-actualites","10":"tag-eu","11":"tag-europe","12":"tag-fr","13":"tag-france","14":"tag-infos-locales","15":"tag-news","16":"tag-normandie","17":"tag-republique-francaise","18":"tag-rouen","19":"tag-seine-maritime"},"share_on_mastodon":{"url":"https:\/\/pubeurope.com\/@fr\/115094881911085126","error":""},"_links":{"self":[{"href":"https:\/\/www.europesays.com\/fr\/wp-json\/wp\/v2\/posts\/345058","targetHints":{"allow":["GET"]}}],"collection":[{"href":"https:\/\/www.europesays.com\/fr\/wp-json\/wp\/v2\/posts"}],"about":[{"href":"https:\/\/www.europesays.com\/fr\/wp-json\/wp\/v2\/types\/post"}],"author":[{"embeddable":true,"href":"https:\/\/www.europesays.com\/fr\/wp-json\/wp\/v2\/users\/2"}],"replies":[{"embeddable":true,"href":"https:\/\/www.europesays.com\/fr\/wp-json\/wp\/v2\/comments?post=345058"}],"version-history":[{"count":0,"href":"https:\/\/www.europesays.com\/fr\/wp-json\/wp\/v2\/posts\/345058\/revisions"}],"wp:featuredmedia":[{"embeddable":true,"href":"https:\/\/www.europesays.com\/fr\/wp-json\/wp\/v2\/media\/345059"}],"wp:attachment":[{"href":"https:\/\/www.europesays.com\/fr\/wp-json\/wp\/v2\/media?parent=345058"}],"wp:term":[{"taxonomy":"category","embeddable":true,"href":"https:\/\/www.europesays.com\/fr\/wp-json\/wp\/v2\/categories?post=345058"},{"taxonomy":"post_tag","embeddable":true,"href":"https:\/\/www.europesays.com\/fr\/wp-json\/wp\/v2\/tags?post=345058"}],"curies":[{"name":"wp","href":"https:\/\/api.w.org\/{rel}","templated":true}]}}