{"id":345060,"date":"2025-08-26T11:41:28","date_gmt":"2025-08-26T11:41:28","guid":{"rendered":"https:\/\/www.europesays.com\/fr\/345060\/"},"modified":"2025-08-26T11:41:28","modified_gmt":"2025-08-26T11:41:28","slug":"pres-de-grenoble-cette-maladie-tropicale-continue-de-progresser-dans-cette-commune","status":"publish","type":"post","link":"https:\/\/www.europesays.com\/fr\/345060\/","title":{"rendered":"Pr\u00e8s de Grenoble. Cette maladie tropicale continue de progresser dans cette commune"},"content":{"rendered":"<p>            Par<br \/>\n        <strong><br \/>\n            <a href=\"https:\/\/actu.fr\/auteur\/emma-ressegaire\" title=\"Consulter tous les articles de Emma Ressegaire\" target=\"_blank\" rel=\"noopener\">Emma Ressegaire<\/a><br \/>\n        <\/strong><\/p>\n<p>        Publi\u00e9 le<\/p>\n<p>            26 ao\u00fbt 2025 \u00e0 12h26        <\/p>\n<p>La propagation de cette <strong>maladie tropicale<\/strong> continue dans cette commune.<\/p>\n<p class=\" wall-content\">Ce mardi 26 ao\u00fbt, l\u2019Agence r\u00e9gionale de sant\u00e9 a actualis\u00e9 ses donn\u00e9es concernant <strong>les cas de chikungunya<\/strong> en Is\u00e8re.\u00a0D\u00e9sormais, l\u2019ARS fait \u00e9tat de <strong>neuf cas autochtones confirm\u00e9s<\/strong>, et de huit cas suspects, sur la commune d\u2019Eybens, situ\u00e9e \u00e0 une vingtaine de minutes de <a href=\"https:\/\/actu.fr\/grenoble\/\" target=\"_blank\" rel=\"noopener\">Grenoble<\/a>.<\/p>\n<p>Un premier signalement d\u00e9but ao\u00fbt<\/p>\n<p class=\" wall-content\">Pour rappel, le 7 ao\u00fbt 2025, l\u2019ARS Auvergne-Rh\u00f4ne-Alpes avait re\u00e7u un premier signalement pour la suspicion d\u2019un cas autochtone de chikungunya \u00e0 Eybens.<\/p>\n<p class=\" wall-content\">\u00ab\u00a0On parle de cas autochtone quand une personne a contract\u00e9 la maladie <strong>sans avoir voyag\u00e9 dans une zone o\u00f9 la maladie s\u00e9vit<\/strong>\u00a0dans les 15 jours pr\u00e9c\u00e9dant l\u2019apparition des sympt\u00f4mes. Le chikungunya se transmet de personne \u00e0 personne par l\u2019interm\u00e9diaire de<strong> la piq\u00fbre d\u2019un moustique tigre<\/strong>, lui-m\u00eame infect\u00e9 par le virus\u00a0\u00bb, indique l\u2019ARS sur <a href=\"https:\/\/www.auvergne-rhone-alpes.ars.sante.fr\/cas-autochtones-de-chikungunya-eybens-isere-point-de-situation\" target=\"_blank\" rel=\"noopener\">son site internet<\/a>.\u00a0<\/p>\n<p class=\" wall-content\">Deux <strong>op\u00e9rations de d\u00e9moustication<\/strong> dans les zones fr\u00e9quent\u00e9es par les cas autochtones ont \u00e9t\u00e9 men\u00e9es dans la nuit du 12 au 13 ao\u00fbt et dans la nuit du 21 au 22 ao\u00fbt.<\/p>\n<p>    <a href=\"https:\/\/www.google.com\/maps\/embed?pb=!1m18!1m12!1m3!1d45019.21490138448!2d5.707484186173788!3d45.15265431359498!2m3!1f0!2f0!3f0!3m2!1i1024!2i768!4f13.1!3m3!1m2!1s0x478a8ad40a11ad13%3A0x487cc0ace6284eda!2s38320%20Eybens!5e0!3m2!1sfr!2sfr!4v1756202133362!5m2!1sfr!2sfr\" title=\"Ouvrie le lien\" target=\"_blank\" rel=\"noopener\">Cliquez ici pour visualiser le contenu<\/a><\/p>\n<p class=\" wall-content\">\u00c0 savoir que, dans la r\u00e9gion Auvergne-Rh\u00f4ne-Alpes, entre le 1er mai 2025 (d\u00e9but de la surveillance) et le 19 ao\u00fbt, 154 cas de chikungunya import\u00e9s ont \u00e9t\u00e9 enregistr\u00e9s, dont <strong>36\u00a0dans le d\u00e9partement de l\u2019Is\u00e8re<\/strong>.<\/p>\n<p class=\" wall-content\">Personnalisez votre actualit\u00e9 en ajoutant vos villes et m\u00e9dias en favori avec <a href=\"https:\/\/moncompte.actu.fr\" title=\"D\u00e9couvez Mon Actu\" rel=\"nofollow noopener\" data-trk=\"{&quot;cta&quot;:{&quot;action&quot;:&quot;https:\\\/\\\/moncompte.actu.fr&quot;,&quot;category&quot;:&quot;mon compte&quot;,&quot;from&quot;:&quot;article footer&quot;,&quot;name&quot;:&quot;Mon actu&quot;,&quot;type&quot;:&quot;cta&quot;}}\" target=\"_blank\">Mon Actu<\/a>.<\/p>\n","protected":false},"excerpt":{"rendered":"Par Emma Ressegaire Publi\u00e9 le 26 ao\u00fbt 2025 \u00e0 12h26 La propagation de cette maladie tropicale continue dans&hellip;\n","protected":false},"author":2,"featured_media":284638,"comment_status":"","ping_status":"","sticky":false,"template":"","format":"standard","meta":{"footnotes":""},"categories":[9566],"tags":[1111,11,2430,1777,674,1011,27,2731,2856,12,25,71,104],"class_list":{"0":"post-345060","1":"post","2":"type-post","3":"status-publish","4":"format-standard","5":"has-post-thumbnail","7":"category-grenoble","8":"tag-actu","9":"tag-actualites","10":"tag-auvergne-rhone-alpes","11":"tag-eu","12":"tag-europe","13":"tag-fr","14":"tag-france","15":"tag-grenoble","16":"tag-moustique-tigre","17":"tag-news","18":"tag-republique-francaise","19":"tag-sante","20":"tag-societe"},"share_on_mastodon":{"url":"https:\/\/pubeurope.com\/@fr\/115094885729626844","error":""},"_links":{"self":[{"href":"https:\/\/www.europesays.com\/fr\/wp-json\/wp\/v2\/posts\/345060","targetHints":{"allow":["GET"]}}],"collection":[{"href":"https:\/\/www.europesays.com\/fr\/wp-json\/wp\/v2\/posts"}],"about":[{"href":"https:\/\/www.europesays.com\/fr\/wp-json\/wp\/v2\/types\/post"}],"author":[{"embeddable":true,"href":"https:\/\/www.europesays.com\/fr\/wp-json\/wp\/v2\/users\/2"}],"replies":[{"embeddable":true,"href":"https:\/\/www.europesays.com\/fr\/wp-json\/wp\/v2\/comments?post=345060"}],"version-history":[{"count":0,"href":"https:\/\/www.europesays.com\/fr\/wp-json\/wp\/v2\/posts\/345060\/revisions"}],"wp:featuredmedia":[{"embeddable":true,"href":"https:\/\/www.europesays.com\/fr\/wp-json\/wp\/v2\/media\/284638"}],"wp:attachment":[{"href":"https:\/\/www.europesays.com\/fr\/wp-json\/wp\/v2\/media?parent=345060"}],"wp:term":[{"taxonomy":"category","embeddable":true,"href":"https:\/\/www.europesays.com\/fr\/wp-json\/wp\/v2\/categories?post=345060"},{"taxonomy":"post_tag","embeddable":true,"href":"https:\/\/www.europesays.com\/fr\/wp-json\/wp\/v2\/tags?post=345060"}],"curies":[{"name":"wp","href":"https:\/\/api.w.org\/{rel}","templated":true}]}}