{"id":345065,"date":"2025-08-26T11:44:29","date_gmt":"2025-08-26T11:44:29","guid":{"rendered":"https:\/\/www.europesays.com\/fr\/345065\/"},"modified":"2025-08-26T11:44:29","modified_gmt":"2025-08-26T11:44:29","slug":"une-etiquette-de-donneur-de-lecons-lafter-tacle-le-beye-bashing","status":"publish","type":"post","link":"https:\/\/www.europesays.com\/fr\/345065\/","title":{"rendered":"Une \u00e9tiquette de donneur de le\u00e7ons\u00a0\u00bb, L&rsquo;After tacle le \u00ab\u00a0Beye bashing"},"content":{"rendered":"<p>Rennes : \u00ab\u00a0Une \u00e9tiquette de donneur de le\u00e7ons\u00a0\u00bb, L&rsquo;After tacle le \u00ab\u00a0Beye bashing\u00a0\u00bb Sur le m\u00eame sujet<a href=\"https:\/\/rmcsport.bfmtv.com\/replay-emissions\/after-foot\/video-donnarumma-buonanotte-ben-seghir-les-dernieres-infos-mercato-en-ligue-1_VN-202508250792.html\" title=\"Donnarumma, Buonanotte, Ben Seghir... les derni\u00e8res infos mercato en Ligue 1\" rel=\"nofollow noopener\" target=\"_blank\"><img class=\"lozad\"  width=\"16\" height=\"9\" alt=\"Donnarumma, Buonanotte, Ben Seghir... les derni\u00e8res infos mercato en Ligue 1\"\/>20:19Donnarumma, Buonanotte, Ben Seghir&#8230; les derni\u00e8res infos mercato en Ligue 1<\/a><a href=\"https:\/\/rmcsport.bfmtv.com\/replay-emissions\/after-foot\/video-ol-la-cle-c-est-fofana-peut-on-croire-au-succes-lyonnais-cette-saison_VN-202508250782.html\" title=\"OL : &quot;La cl\u00e9, c&#039;est Fofana&quot;, peut-on croire au succ\u00e8s lyonnais cette saison ?\" rel=\"nofollow noopener\" target=\"_blank\"><img class=\"lozad\"  width=\"16\" height=\"9\" alt=\"OL : &quot;La cl\u00e9, c'est Fofana&quot;, peut-on croire au succ\u00e8s lyonnais cette saison ?\"\/>6:39OL : \u00ab\u00a0La cl\u00e9, c&rsquo;est Fofana\u00a0\u00bb, peut-on croire au succ\u00e8s lyonnais cette saison ?<\/a><a href=\"https:\/\/rmcsport.bfmtv.com\/replay-emissions\/after-foot\/video-om-rabiot-une-prise-de-parole-en-public-necessaire-les-dernieres-infos-sur-le-dossier_VN-202508250777.html\" title=\"OM : Rabiot, une prise de parole en public n\u00e9cessaire ? Les derni\u00e8res infos sur le dossier \" rel=\"nofollow noopener\" target=\"_blank\"><img class=\"lozad\"  width=\"16\" height=\"9\" alt=\"OM : Rabiot, une prise de parole en public n\u00e9cessaire ? Les derni\u00e8res infos sur le dossier \"\/>8:58OM : Rabiot, une prise de parole en public n\u00e9cessaire ? Les derni\u00e8res infos sur le dossier<\/a><a href=\"https:\/\/rmcsport.bfmtv.com\/replay-emissions\/rothen-regale\/video-psg-je-suis-choque-de-ce-qu-il-s-est-passe-regrette-dugarry-sur-le-cas-donnarumma_VN-202508250680.html\" title=\"PSG : &quot;Je suis choqu\u00e9 de ce qu&#039;il s&#039;est pass\u00e9&quot;, regrette Dugarry sur le cas Donnarumma\" rel=\"nofollow noopener\" target=\"_blank\"><img class=\"lozad\"  width=\"16\" height=\"9\" alt=\"PSG : &quot;Je suis choqu\u00e9 de ce qu'il s'est pass\u00e9&quot;, regrette Dugarry sur le cas Donnarumma\"\/>7:48PSG : \u00ab\u00a0Je suis choqu\u00e9 de ce qu&rsquo;il s&rsquo;est pass\u00e9\u00a0\u00bb, regrette Dugarry sur le cas Donnarumma<\/a><a href=\"https:\/\/rmcsport.bfmtv.com\/replay-emissions\/rothen-regale\/video-om-un-climat-qui-parait-etrange-de-zerbi-aurait-il-lance-un-appel-au-secours-pour-recuperer-rabiot_VN-202508250672.html\" title=\"OM : &quot;Un climat \u00e9trange&quot; selon Bouchet, De Zerbi aurait-il lanc\u00e9 un appel au secours en r\u00e9cup\u00e9rant Rabiot ?\" rel=\"nofollow noopener\" target=\"_blank\"><img class=\"lozad\"  width=\"16\" height=\"9\" alt=\"OM : &quot;Un climat \u00e9trange&quot; selon Bouchet, De Zerbi aurait-il lanc\u00e9 un appel au secours en r\u00e9cup\u00e9rant Rabiot ?\"\/>4:31OM : \u00ab\u00a0Un climat \u00e9trange\u00a0\u00bb selon Bouchet, De Zerbi aurait-il lanc\u00e9 un appel au secours en r\u00e9cup\u00e9rant Rabiot ?<\/a><a href=\"https:\/\/rmcsport.bfmtv.com\/replay-emissions\/rothen-regale\/video-losc-est-ce-que-c-est-une-bonne-nouvelle-le-pari-giroud-en-ligue-1-deja-reussi_VN-202508250654.html\" title=\"LOSC : &quot;Est-ce que c&#039;est une bonne nouvelle ?&quot;, le pari Giroud en Ligue 1 d\u00e9j\u00e0 r\u00e9ussi ?\" rel=\"nofollow noopener\" target=\"_blank\"><img class=\"lozad\"  width=\"16\" height=\"9\" alt=\"LOSC : &quot;Est-ce que c'est une bonne nouvelle ?&quot;, le pari Giroud en Ligue 1 d\u00e9j\u00e0 r\u00e9ussi ?\"\/>12:46LOSC : \u00ab\u00a0Est-ce que c&rsquo;est une bonne nouvelle ?\u00a0\u00bb, le pari Giroud en Ligue 1 d\u00e9j\u00e0 r\u00e9ussi ?<\/a><a href=\"https:\/\/rmcsport.bfmtv.com\/replay-emissions\/rothen-regale\/video-om-papin-approuve-le-retour-de-rabiot-oui-il-peut-reporter-le-maillot-de-l-om_VN-202508250600.html\" title=\"OM : Papin approuve le retour de Rabiot &quot;oui, il peut reporter le maillot de l&#039;OM&quot;\" rel=\"nofollow noopener\" target=\"_blank\"><img class=\"lozad\"  width=\"16\" height=\"9\" alt=\"OM : Papin approuve le retour de Rabiot &quot;oui, il peut reporter le maillot de l'OM&quot;\"\/>20:49OM : Papin approuve le retour de Rabiot \u00ab\u00a0oui, il peut reporter le maillot de l&rsquo;OM\u00a0\u00bb<\/a><a href=\"https:\/\/rmcsport.bfmtv.com\/replay-emissions\/super-moscato-show\/video-om-rabiot-je-me-suis-bastonne-avec-boli-avant-munich-tacle-di-meco_VN-202508250526.html\" title=\"OM : &quot;Rabiot ? Je me suis bastonn\u00e9 avec Boli avant Munich&quot;, Di Meco exasp\u00e9r\u00e9 \" rel=\"nofollow noopener\" target=\"_blank\"><img class=\"lozad\"  width=\"16\" height=\"9\" alt=\"OM : &quot;Rabiot ? Je me suis bastonn\u00e9 avec Boli avant Munich&quot;, Di Meco exasp\u00e9r\u00e9 \"\/>9:40OM : \u00ab\u00a0Rabiot ? Je me suis bastonn\u00e9 avec Boli avant Munich\u00a0\u00bb, Di Meco exasp\u00e9r\u00e9<\/a><a href=\"https:\/\/rmcsport.bfmtv.com\/football\/ligue-1\/video-om-rabiot-l-heure-du-grand-pardon_VN-202508250436.html\" title=\"OM : Rabiot, l&#039;heure du grand pardon ? \" rel=\"nofollow noopener\" target=\"_blank\"><img class=\"lozad\"  width=\"16\" height=\"9\" alt=\"OM : Rabiot, l'heure du grand pardon ? \"\/>2:58OM : Rabiot, l&rsquo;heure du grand pardon ?<\/a><a href=\"https:\/\/rmcsport.bfmtv.com\/replay-emissions\/after-foot\/video-strasbourg-le-comme-j-aime-du-foot-acherchour-sourit-de-l-enorme-rate-de-emegha_VN-202508250346.html\" title=\"Strasbourg : &quot;Le &#039;Comme J&#039;aime&#039; du foot&quot; Acherchour sourit de l&#039;\u00e9norme rat\u00e9 de Emegha\" rel=\"nofollow noopener\" target=\"_blank\"><img class=\"lozad\"  width=\"16\" height=\"9\" alt=\"Strasbourg : &quot;Le 'Comme J'aime' du foot&quot; Acherchour sourit de l'\u00e9norme rat\u00e9 de Emegha\"\/>0:27Strasbourg : \u00ab\u00a0Le &lsquo;Comme J&rsquo;aime&rsquo; du foot\u00a0\u00bb Acherchour sourit de l&rsquo;\u00e9norme rat\u00e9 de Emegha<\/a><a href=\"https:\/\/rmcsport.bfmtv.com\/football\/transferts\/video-nico-paz-sinayoko-buonanotte-les-5-infos-mercato-du-lundi-25-aout-a-12h_VN-202508250328.html\" title=\"Nico Paz, Sinayoko, Buonanotte... les 5 infos mercato du lundi 25 ao\u00fbt \u00e0 12h\" rel=\"nofollow noopener\" target=\"_blank\"><img class=\"lozad\"  width=\"16\" height=\"9\" alt=\"Nico Paz, Sinayoko, Buonanotte... les 5 infos mercato du lundi 25 ao\u00fbt \u00e0 12h\"\/>0:57Nico Paz, Sinayoko, Buonanotte&#8230; les 5 infos mercato du lundi 25 ao\u00fbt \u00e0 12h<\/a><a href=\"https:\/\/rmcsport.bfmtv.com\/football\/ligue-1\/video-rennes-une-etiquette-de-donneur-de-lecons-l-after-tacle-le-beye-bashing_VN-202508250302.html\" title=\"Rennes : &quot;Une \u00e9tiquette de donneur de le\u00e7ons&quot;, L&#039;After tacle le &quot;Beye bashing&quot;\" rel=\"nofollow noopener\" target=\"_blank\"><img class=\"lozad\"  width=\"16\" height=\"9\" alt=\"Rennes : &quot;Une \u00e9tiquette de donneur de le\u00e7ons&quot;, L'After tacle le &quot;Beye bashing&quot;\"\/>en lectureRennes : \u00ab\u00a0Une \u00e9tiquette de donneur de le\u00e7ons\u00a0\u00bb, L&rsquo;After tacle le \u00ab\u00a0Beye bashing\u00a0\u00bb<\/a><a href=\"https:\/\/rmcsport.bfmtv.com\/football\/ligue-1\/video-ligue-1-ils-ne-vont-pas-au-bout-d-eux-memes-monaco-equipe-de-faineants-pour-acherchour_VN-202508250263.html\" title=\"Ligue 1 : &quot;Ils ne vont pas au bout d&#039;eux-m\u00eames !&quot;, Monaco \u00e9quipe de &quot;fain\u00e9ants&quot; pour Acherchour\" rel=\"nofollow noopener\" target=\"_blank\"><img class=\"lozad\"  width=\"16\" height=\"9\" alt=\"Ligue 1 : &quot;Ils ne vont pas au bout d'eux-m\u00eames !&quot;, Monaco \u00e9quipe de &quot;fain\u00e9ants&quot; pour Acherchour\"\/>0:50Ligue 1 : \u00ab\u00a0Ils ne vont pas au bout d&rsquo;eux-m\u00eames !\u00a0\u00bb, Monaco \u00e9quipe de \u00ab\u00a0fain\u00e9ants\u00a0\u00bb pour Acherchour<\/a><a href=\"https:\/\/rmcsport.bfmtv.com\/football\/equipe-de-france\/video-les-bleus-ne-jamais-dire-jamais-mais-pour-moi-c-est-fini-tranche-giroud_VN-202508250209.html\" title=\"Lille 1-0 Monaco : &quot;Les Bleus ? Ne jamais dire jamais mais pour moi c&#039;est fini !&quot; tranche Giroud\" rel=\"nofollow noopener\" target=\"_blank\"><img class=\"lozad\"  width=\"16\" height=\"9\" alt=\"Lille 1-0 Monaco : &quot;Les Bleus ? Ne jamais dire jamais mais pour moi c'est fini !&quot; tranche Giroud\"\/>0:20Lille 1-0 Monaco : \u00ab\u00a0Les Bleus ? Ne jamais dire jamais mais pour moi c&rsquo;est fini !\u00a0\u00bb tranche Giroud<\/a><a class=\"jumpToVideo\" target=\"_blank\"><img class=\"thumbnailPreview\"\/><\/a><\/p>\n","protected":false},"excerpt":{"rendered":"Rennes : \u00ab\u00a0Une \u00e9tiquette de donneur de le\u00e7ons\u00a0\u00bb, L&rsquo;After tacle le \u00ab\u00a0Beye bashing\u00a0\u00bb Sur le m\u00eame sujet20:19Donnarumma, Buonanotte,&hellip;\n","protected":false},"author":2,"featured_media":345066,"comment_status":"","ping_status":"","sticky":false,"template":"","format":"standard","meta":{"footnotes":""},"categories":[2821],"tags":[1111,11,829,1777,674,1011,27,12,584,25],"class_list":{"0":"post-345065","1":"post","2":"type-post","3":"status-publish","4":"format-standard","5":"has-post-thumbnail","7":"category-rennes","8":"tag-actu","9":"tag-actualites","10":"tag-bretagne","11":"tag-eu","12":"tag-europe","13":"tag-fr","14":"tag-france","15":"tag-news","16":"tag-rennes","17":"tag-republique-francaise"},"share_on_mastodon":{"url":"https:\/\/pubeurope.com\/@fr\/115094897640393203","error":""},"_links":{"self":[{"href":"https:\/\/www.europesays.com\/fr\/wp-json\/wp\/v2\/posts\/345065","targetHints":{"allow":["GET"]}}],"collection":[{"href":"https:\/\/www.europesays.com\/fr\/wp-json\/wp\/v2\/posts"}],"about":[{"href":"https:\/\/www.europesays.com\/fr\/wp-json\/wp\/v2\/types\/post"}],"author":[{"embeddable":true,"href":"https:\/\/www.europesays.com\/fr\/wp-json\/wp\/v2\/users\/2"}],"replies":[{"embeddable":true,"href":"https:\/\/www.europesays.com\/fr\/wp-json\/wp\/v2\/comments?post=345065"}],"version-history":[{"count":0,"href":"https:\/\/www.europesays.com\/fr\/wp-json\/wp\/v2\/posts\/345065\/revisions"}],"wp:featuredmedia":[{"embeddable":true,"href":"https:\/\/www.europesays.com\/fr\/wp-json\/wp\/v2\/media\/345066"}],"wp:attachment":[{"href":"https:\/\/www.europesays.com\/fr\/wp-json\/wp\/v2\/media?parent=345065"}],"wp:term":[{"taxonomy":"category","embeddable":true,"href":"https:\/\/www.europesays.com\/fr\/wp-json\/wp\/v2\/categories?post=345065"},{"taxonomy":"post_tag","embeddable":true,"href":"https:\/\/www.europesays.com\/fr\/wp-json\/wp\/v2\/tags?post=345065"}],"curies":[{"name":"wp","href":"https:\/\/api.w.org\/{rel}","templated":true}]}}