{"id":345067,"date":"2025-08-26T11:45:29","date_gmt":"2025-08-26T11:45:29","guid":{"rendered":"https:\/\/www.europesays.com\/fr\/345067\/"},"modified":"2025-08-26T11:45:29","modified_gmt":"2025-08-26T11:45:29","slug":"le-chanoine-hubert-schmitt-de-nouveau-vicaire-general-du-diocese-de-strasbourg","status":"publish","type":"post","link":"https:\/\/www.europesays.com\/fr\/345067\/","title":{"rendered":"Le chanoine Hubert Schmitt de nouveau vicaire g\u00e9n\u00e9ral du dioc\u00e8se de Strasbourg"},"content":{"rendered":"<p class=\"wp-block-post-excerpt__excerpt\">L\u2019archev\u00each\u00e9 de Strasbourg a r\u00e9install\u00e9 Hubert Schmitt en tant que vicaire g\u00e9n\u00e9ral. Le chanoine avait \u00e9t\u00e9 mis en cause dans une affaire d\u2019agression sexuelle sur un mineur en 1993 dans le sud de l\u2019Alsace. <\/p>\n<p class=\"font-sans\">\n\t\t\tCet article est en acc\u00e8s libre. Pour soutenir Rue89 Strasbourg,<br \/>\n\t\t\t<a class=\"underline\" href=\"https:\/\/www.rue89strasbourg.com\/abonnement\" rel=\"nofollow noopener\" target=\"_blank\">abonnez-vous<\/a>.\n\t\t<\/p>\n<p>Pierre France<\/p>\n<p>Publi\u00e9 le 26 ao\u00fbt 2025\u00a0\u00a0\u00b7\u00a0\u00a0<\/p>\n<p>Imprim\u00e9 le 26 ao\u00fbt 2025 \u00e0 13h07\u00a0\u00a0\u00b7\u00a0\u00a0<\/p>\n<p>Modifi\u00e9 le 26 ao\u00fbt 2025\u00a0\u00a0\u00b7\u00a0\u00a0<\/p>\n<p>\t\t\t\t\t1\u00a0minute\n<\/p>\n<p>En mai 2023, la procureur de la R\u00e9publique de Mulhouse <a href=\"https:\/\/france3-regions.franceinfo.fr\/grand-est\/haut-rhin\/mulhouse\/agression-sexuelle-les-faits-imputes-a-l-ancien-vicaire-general-de-l-archeveche-de-strasbourg-sont-prescrits-l-enquete-se-poursuit-2770650.html\" target=\"_blank\" rel=\"noreferrer noopener nofollow\">a confirm\u00e9 \u00e0 France 3 Alsace<\/a> que les faits d\u2019agression sexuelle imput\u00e9s au chanoine Hubert Schmitt \u00e9taient prescrits. Mis en cause pour <a href=\"https:\/\/www.rue89strasbourg.com\/la-deposition-claudia-marschal-alsace-314532\" target=\"_blank\" rel=\"noreferrer noopener nofollow\">des gestes d\u00e9plac\u00e9s \u00e0 l\u2019\u00e9gard d\u2019un jeune paroissien de 13 ans<\/a> en 1993, Hubert Schmitt avait \u00e9t\u00e9 \u00e9cart\u00e9 du conseil \u00e9piscopal en avril 2023 par Monseigneur Luc Ravel.<\/p>\n<p><a href=\"https:\/\/www.rue89strasbourg.com\/abonnement\/paiement?sub=3&amp;discount=ete2025\" rel=\"nofollow noopener\" target=\"_blank\"><img loading=\"lazy\" decoding=\"async\" width=\"970\" height=\"250\" src=\"https:\/\/www.europesays.com\/fr\/wp-content\/uploads\/2025\/07\/bannie\u0300re-site-desktop-anime\u0301e.gif\" alt=\"\" class=\"wp-image-350811\" style=\"width:792px;height:auto\"\/><\/a><\/p>\n<p><a href=\"https:\/\/www.rue89strasbourg.com\/abonnement\/paiement?sub=3&amp;discount=ete2025\" rel=\"nofollow noopener\" target=\"_blank\"><img loading=\"lazy\" decoding=\"async\" width=\"300\" height=\"300\" src=\"https:\/\/www.europesays.com\/fr\/wp-content\/uploads\/2025\/07\/bannie\u0300re-pub-mobile-anime\u0301e.gif\" alt=\"\" class=\"wp-image-350815\"\/><\/a><\/p>\n<p>\u00ab\u00a0Les dossiers canoniques et judiciaires sont clos\u00a0\u00bb<\/p>\n<p>En juillet 2025, les catholiques d\u2019Alsace apprennent<a href=\"https:\/\/www.alsace.catholique.fr\/zp-colmar-plaine\/461028-les-jeunes-de-colmar-plaine-et-selestat-unis-a-lourdes\/\" target=\"_blank\" rel=\"noreferrer noopener nofollow\"> au d\u00e9tour d\u2019un article sur un d\u00e9placement<\/a> \u00e0 Lourdes qu\u2019Hubert Schmitt est de nouveau vicaire g\u00e9n\u00e9ral, une fonction qui consiste \u00e0 seconder l\u2019\u00e9v\u00eaque. Nomm\u00e9 \u00e0 la t\u00eate de l\u2019archidioc\u00e8se d\u2019Alsace en avril 2024, Mgr Pascal Delannoy a donc r\u00e9install\u00e9 Hubert Schmitt dans son grade. Confirmation au dioc\u00e8se puisqu\u2019un bulletin portant sur les nominations d\u2019ao\u00fbt 2025 mentionne Hubert Schmitt comme vicaire g\u00e9n\u00e9ral, \u00ab\u00a0responsable du p\u00f4le charit\u00e9 et soins \u00e0 la curie dioc\u00e9saine\u00a0\u00bb. <\/p>\n<p>Interrog\u00e9, le dioc\u00e8se r\u00e9pond par la voix du chanoine Jean-Luc Li\u00e9nard\u00a0:<\/p>\n<blockquote class=\"wp-block-quote is-layout-flow wp-block-quote-is-layout-flow\">\n<p>\u00ab\u00a0Les dossiers canoniques et judiciaires \u00e9tant clos, n\u2019ayant pas \u00e9t\u00e9 d\u00e9f\u00e9r\u00e9 devant la justice de l\u2019\u00c9glise ni de celle la R\u00e9publique, il n\u2019a pas \u00e9t\u00e9 condamn\u00e9. Selon le bon principe, il jouit donc de tous ses droits dont celui de la pr\u00e9somption d\u2019innocence.\u00a0\u00bb<\/p>\n<\/blockquote>\n<p>Les faits de 1993 sont prescrits certes mais un vicaire g\u00e9n\u00e9ral doit \u00eatre <a href=\"https:\/\/www.droitcanonique.fr\/codes\/cic-1983-1\/c-478-cic-1983-478\" target=\"_blank\" rel=\"noreferrer noopener nofollow\">\u00ab\u00a0recommandable pour sa vertu et sa prudence\u00a0\u00bb<\/a> selon le droit canonique. Des obligations visiblement assur\u00e9es selon l\u2019archidioc\u00e8se de Strasbourg.<\/p>\n","protected":false},"excerpt":{"rendered":"L\u2019archev\u00each\u00e9 de Strasbourg a r\u00e9install\u00e9 Hubert Schmitt en tant que vicaire g\u00e9n\u00e9ral. Le chanoine avait \u00e9t\u00e9 mis en&hellip;\n","protected":false},"author":2,"featured_media":345068,"comment_status":"","ping_status":"","sticky":false,"template":"","format":"standard","meta":{"footnotes":""},"categories":[2820],"tags":[1111,11,48117,1777,674,1011,27,775,12,25,104,640],"class_list":{"0":"post-345067","1":"post","2":"type-post","3":"status-publish","4":"format-standard","5":"has-post-thumbnail","7":"category-strasbourg","8":"tag-actu","9":"tag-actualites","10":"tag-archeveche-de-strasbourg","11":"tag-eu","12":"tag-europe","13":"tag-fr","14":"tag-france","15":"tag-grand-est","16":"tag-news","17":"tag-republique-francaise","18":"tag-societe","19":"tag-strasbourg"},"share_on_mastodon":{"url":"https:\/\/pubeurope.com\/@fr\/115094901533845173","error":""},"_links":{"self":[{"href":"https:\/\/www.europesays.com\/fr\/wp-json\/wp\/v2\/posts\/345067","targetHints":{"allow":["GET"]}}],"collection":[{"href":"https:\/\/www.europesays.com\/fr\/wp-json\/wp\/v2\/posts"}],"about":[{"href":"https:\/\/www.europesays.com\/fr\/wp-json\/wp\/v2\/types\/post"}],"author":[{"embeddable":true,"href":"https:\/\/www.europesays.com\/fr\/wp-json\/wp\/v2\/users\/2"}],"replies":[{"embeddable":true,"href":"https:\/\/www.europesays.com\/fr\/wp-json\/wp\/v2\/comments?post=345067"}],"version-history":[{"count":0,"href":"https:\/\/www.europesays.com\/fr\/wp-json\/wp\/v2\/posts\/345067\/revisions"}],"wp:featuredmedia":[{"embeddable":true,"href":"https:\/\/www.europesays.com\/fr\/wp-json\/wp\/v2\/media\/345068"}],"wp:attachment":[{"href":"https:\/\/www.europesays.com\/fr\/wp-json\/wp\/v2\/media?parent=345067"}],"wp:term":[{"taxonomy":"category","embeddable":true,"href":"https:\/\/www.europesays.com\/fr\/wp-json\/wp\/v2\/categories?post=345067"},{"taxonomy":"post_tag","embeddable":true,"href":"https:\/\/www.europesays.com\/fr\/wp-json\/wp\/v2\/tags?post=345067"}],"curies":[{"name":"wp","href":"https:\/\/api.w.org\/{rel}","templated":true}]}}