{"id":345069,"date":"2025-08-26T11:46:16","date_gmt":"2025-08-26T11:46:16","guid":{"rendered":"https:\/\/www.europesays.com\/fr\/345069\/"},"modified":"2025-08-26T11:46:16","modified_gmt":"2025-08-26T11:46:16","slug":"strasbourg-un-policier-blesse-suite-a-un-refus-dobtemperer-le-chauffard-en-garde-a-vue","status":"publish","type":"post","link":"https:\/\/www.europesays.com\/fr\/345069\/","title":{"rendered":"Strasbourg\u00a0: un policier bless\u00e9 suite \u00e0 un refus d&rsquo;obtemp\u00e9rer, le chauffard en garde \u00e0 vue"},"content":{"rendered":"<p>Un policier a \u00e9t\u00e9 bless\u00e9 \u00e0 Strasbourg (Bas-Rhin) en marge d&rsquo;op\u00e9rations de contr\u00f4les, ce lundi, apr\u00e8s le refus d&rsquo;obtemp\u00e9rer d&rsquo;un conducteur, interpell\u00e9 et plac\u00e9 en garde \u00e0 vue. <\/p>\n<p>Il se plaint de vives douleurs cervicales et s&rsquo;est vu prescrire une interruption de travail de 15 jours (ITT). Un policier de la Brigade Motoris\u00e9e Urbaine de Strasbourg (Bas-Rhin) a \u00e9t\u00e9 bless\u00e9, ce lundi 25 ao\u00fbt, en marge d&rsquo;un contr\u00f4le de vitesse avenue du Rhin.<\/p>\n<p>Le conducteur d&rsquo;une voiture a refus\u00e9 de s&rsquo;arr\u00eater \u00e0 la demande des forces de l&rsquo;ordre et a tent\u00e9 de prendre la fuite, \u00e0 contre-sens de la circulation, empruntant parfois m\u00eame la piste cyclable \u00ab\u00a0mettant ainsi la s\u00e9curit\u00e9 des autres usagers de la route en p\u00e9ril\u00a0\u00bb, regrettent la Police Nationale du Bas-Rhin dans un communiqu\u00e9.<\/p>\n<p>C&rsquo;est en tentant de l&rsquo;interpeller que le fonctionnaire de police a \u00e9t\u00e9 percut\u00e9 par la voiture, puis tra\u00een\u00e9 sur plusieurs m\u00e8tres.<\/p>\n<p>Le chauffard a finalement \u00e9t\u00e9 rattrap\u00e9 dans la Rue de la Plaine des Bouchers. Il transportait plusieurs pochons d&rsquo;herbe de cannabis.<\/p>\n<p>Il est actuellement entendu par les forces de l&rsquo;ordre.<\/p>\n","protected":false},"excerpt":{"rendered":"Un policier a \u00e9t\u00e9 bless\u00e9 \u00e0 Strasbourg (Bas-Rhin) en marge d&rsquo;op\u00e9rations de contr\u00f4les, ce lundi, apr\u00e8s le refus&hellip;\n","protected":false},"author":2,"featured_media":345070,"comment_status":"","ping_status":"","sticky":false,"template":"","format":"standard","meta":{"footnotes":""},"categories":[2820],"tags":[1111,11,1777,674,1011,27,775,12,25,640],"class_list":{"0":"post-345069","1":"post","2":"type-post","3":"status-publish","4":"format-standard","5":"has-post-thumbnail","7":"category-strasbourg","8":"tag-actu","9":"tag-actualites","10":"tag-eu","11":"tag-europe","12":"tag-fr","13":"tag-france","14":"tag-grand-est","15":"tag-news","16":"tag-republique-francaise","17":"tag-strasbourg"},"share_on_mastodon":{"url":"https:\/\/pubeurope.com\/@fr\/115094905370448062","error":""},"_links":{"self":[{"href":"https:\/\/www.europesays.com\/fr\/wp-json\/wp\/v2\/posts\/345069","targetHints":{"allow":["GET"]}}],"collection":[{"href":"https:\/\/www.europesays.com\/fr\/wp-json\/wp\/v2\/posts"}],"about":[{"href":"https:\/\/www.europesays.com\/fr\/wp-json\/wp\/v2\/types\/post"}],"author":[{"embeddable":true,"href":"https:\/\/www.europesays.com\/fr\/wp-json\/wp\/v2\/users\/2"}],"replies":[{"embeddable":true,"href":"https:\/\/www.europesays.com\/fr\/wp-json\/wp\/v2\/comments?post=345069"}],"version-history":[{"count":0,"href":"https:\/\/www.europesays.com\/fr\/wp-json\/wp\/v2\/posts\/345069\/revisions"}],"wp:featuredmedia":[{"embeddable":true,"href":"https:\/\/www.europesays.com\/fr\/wp-json\/wp\/v2\/media\/345070"}],"wp:attachment":[{"href":"https:\/\/www.europesays.com\/fr\/wp-json\/wp\/v2\/media?parent=345069"}],"wp:term":[{"taxonomy":"category","embeddable":true,"href":"https:\/\/www.europesays.com\/fr\/wp-json\/wp\/v2\/categories?post=345069"},{"taxonomy":"post_tag","embeddable":true,"href":"https:\/\/www.europesays.com\/fr\/wp-json\/wp\/v2\/tags?post=345069"}],"curies":[{"name":"wp","href":"https:\/\/api.w.org\/{rel}","templated":true}]}}