{"id":345075,"date":"2025-08-26T11:49:12","date_gmt":"2025-08-26T11:49:12","guid":{"rendered":"https:\/\/www.europesays.com\/fr\/345075\/"},"modified":"2025-08-26T11:49:12","modified_gmt":"2025-08-26T11:49:12","slug":"a-nantes-pourquoi-la-baignade-dans-la-loire-nest-pas-a-lordre-du-jour","status":"publish","type":"post","link":"https:\/\/www.europesays.com\/fr\/345075\/","title":{"rendered":"\u00c0 Nantes, pourquoi la baignade dans la Loire n\u2019est pas \u00e0 l\u2019ordre du jour"},"content":{"rendered":"<p>Les eaux impropres et tumultueuses du fleuve ne permettent pas d\u2019envisager de sit\u00f4t un retour des baigneurs sur les rives de la cit\u00e9 des ducs. La mairie \u00e9colo-socialiste ne se mouille pas non plus.<\/p>\n<p class=\"fig-paragraph\">Voil\u00e0 pr\u00e8s d\u2019un si\u00e8cle d\u00e9j\u00e0 que la Venise du Grand Ouest a tourn\u00e9 le dos \u00e0 la baignade en Loire. \u00c0\u00a0<a href=\"https:\/\/www.lefigaro.fr\/nantes\" target=\"_blank\" data-fig-type=\"Section\" rel=\"sponsored noopener nofollow\" data-gtm-custom-categorie=\"navigation\" data-gtm-custom-action=\"crossclick\" data-gtm-custom-label=\"Contextuel\" data-gtm-event=\"customEventSPE\" data-fig-domain=\"LEFIGARO\">Nantes<\/a>\u00a0(Loire-Atlantique) comme \u00e0 Paris ainsi que dans d\u2019autres grandes villes fran\u00e7aises, des mesures pr\u00e9fectorales interdisent depuis belle lurette \u00e0 quiconque de nager dans leurs fleuves respectifs. Pourtant, avant que les grands comblements du XXe si\u00e8cle ne r\u00e9duisent la place de la Loire en ville, Nantes offrait une kyrielle d\u2019installations de loisir et d\u2019\u00e9ducation \u00e0 la natation dans les eaux m\u00eames du fleuve. Un rapport intime \u00e0 la Loire qui n\u2019est toutefois pas pr\u00e8s de revenir \u00e0 l\u2019ordre du jour.<\/p>\n<p class=\"fig-paragraph\">Situ\u00e9 \u00e0 une quarantaine de kilom\u00e8tres de la fa\u00e7ade atlantique et de l\u2019estuaire lig\u00e9rien, Nantes est travers\u00e9e par une Loire brune et irascible, fangeuse et boueuse. L\u2019onde sal\u00e9e de la mar\u00e9e oc\u00e9anique se fraie un chemin \u00e0 travers la cit\u00e9 des ducs. Les eaux troubles du fleuve t\u00e9moignent d\u2019un niveau \u00e9lev\u00e9 de s\u00e9diments en suspension, d\u2019une pr\u00e9sence concentr\u00e9e d\u2019une pollution chimique, biologique ou microbiologique (min\u00e9raux, mati\u00e8res organiques, microparticules, etc.). Soit un environnement impropre \u00e0 la baignade. \u00c0 cela s\u2019ajoutent des courants dangereux, des sables mouvants et des culs-de-gr\u00e8ve \u00e0 l\u2019origine\u00a0<a href=\"http:\/\/www.lefigaro.fr\/flash-actu\/deux-adolescents-de-14-et-15-ans-se-noient-dans-la-loire-20250614\" target=\"_blank\" data-fig-type=\"NewsFlash\" rel=\"noopener nofollow\" data-gtm-custom-categorie=\"navigation\" data-gtm-custom-action=\"crossclick\" data-gtm-custom-label=\"Contextuel\" data-gtm-event=\"customEventSPE\" data-fig-domain=\"LEFIGARO\">de drames r\u00e9guliers le long du fleuve<\/a>.<\/p>\n<p>                                    <a class=\"fig-a11y-skip a11y-hidden\" href=\"#fig-a11y-skip-main-inarticle\"><br \/>\n        Passer la publicit\u00e9<br \/>\n    <\/a><\/p>\n<p>R\u00e9\u00e9quilibrer le lit de la Loire<\/p>\n<p class=\"fig-paragraph\">Contrairement au chantier engag\u00e9 \u00e0 Paris pour assainir la Seine et\u00a0<a href=\"http:\/\/www.lefigaro.fr\/actualite-france\/plus-de-cent-ans-apres-son-interdiction-la-baignade-de-nouveau-autorisee-dans-la-seine-20250705\" target=\"_blank\" data-fig-type=\"Article\" rel=\"noopener nofollow\" data-gtm-custom-categorie=\"navigation\" data-gtm-custom-action=\"crossclick\" data-gtm-custom-label=\"Contextuel\" data-gtm-event=\"customEventSPE\" data-fig-domain=\"LEFIGARO\">l\u2019ouvrir \u00e0 la baignade<\/a>, la Loire est soumise \u00e0 un tout autre r\u00e9gime de travaux. Le fleuve fait l\u2019objet<a href=\"http:\/\/www.lefigaro.fr\/nantes\/pres-de-nantes-des-travaux-pour-redonner-a-la-loire-son-equilibre-naturel-20240809\" target=\"_blank\" data-fig-type=\"NewsFlash\" rel=\"noopener nofollow\" data-gtm-custom-categorie=\"navigation\" data-gtm-custom-action=\"crossclick\" data-gtm-custom-label=\"Contextuel\" data-gtm-event=\"customEventSPE\" data-fig-domain=\"LEFIGARO\">\u00a0d\u2019un programme de r\u00e9\u00e9quilibrage<\/a>. Cens\u00e9 remodeler le lit de la Loire, ce chantier de longue haleine ouvert en 2021 entend revenir sur les transformations du fleuve au cours des deux derniers si\u00e8cles. L\u2019augmentation de l\u2019activit\u00e9 humaine a notamment provoqu\u00e9 des ass\u00e8chements locaux, un appauvrissement des biotopes ou encore une remont\u00e9e et une intensification du bouchon vaseux de la Loire, \u00e0 l\u2019origine de son aspect trouble, le long de l\u2019estuaire. Les travaux, r\u00e9alis\u00e9s sous la ma\u00eetrise d\u2019ouvrage de Voies navigables de France, devraient s\u2019achever \u00e0 la fin de l\u2019ann\u00e9e.<\/p>\n<p class=\"fig-paragraph\">Au XIXe si\u00e8cle, en revanche, la ville de Nantes avait fait installer des p\u00e9niches-piscines (non-mixtes) amarr\u00e9es \u00e0 quai, pour offrir des espaces de natation avec acc\u00e8s direct \u00e0 la Loire et des vestiaires \u00e0 m\u00eame le bateau. Les premi\u00e8res installations ouvrent en 1831 et connaissent un grand succ\u00e8s et de multiples \u00e9mules avant que le nombre ne soit r\u00e9gul\u00e9 et ne d\u00e9cline fortement, \u00e0 la fin du si\u00e8cle, indique\u00a0<a href=\"https:\/\/patrimonia.nantes.fr\/home\/decouvrir\/themes-et-quartiers\/natation-en-loire.html\" target=\"_blank\" rel=\"sponsored noopener nofollow\" data-gtm-custom-categorie=\"navigation\" data-gtm-custom-action=\"crossclick\" data-gtm-custom-label=\"Contextuel\" data-gtm-event=\"customEventSPE\">Nantes Patrimonia<\/a>, le site de la Direction du patrimoine et de l\u2019arch\u00e9ologie de la ville de Nantes. Une plage publique est \u00e9galement ouverte \u00e0 la Prairie de Mauves, au milieu du XIXe si\u00e8cle. D\u2019autres suivent \u00e0 Saint-S\u00e9batien-sur-Loire et \u00e0 Trenremoult. Des plages \u00e9ph\u00e9m\u00e8res voient le jour au milieu du si\u00e8cle suivant, au fil des comblements de la Loire. Des plages naturelles restent fr\u00e9quent\u00e9es dans l\u2019agglom\u00e9ration jusqu\u2019en 1970, avant que les interdictions de baignade et les craintes li\u00e9es \u00e0 la pollution &#8211; comme celle au plomb, h\u00e9ritage des industries nantaises &#8211; ne dissuadent les derniers habitu\u00e9s.<\/p>\n<p class=\"fig-body-link\">\n            \u00c0 lire aussi<br \/>\n        <a class=\"fig-body-link__link\" href=\"http:\/\/www.lefigaro.fr\/nantes\/nantes-un-etudiant-en-ecole-d-ingenieurs-dissimulait-des-cameras-dans-les-prises-electriques-des-chambres-des-filles-20250822\" target=\"_blank\" data-fig-type=\"NewsFlash\" rel=\"noopener nofollow\" data-gtm-custom-categorie=\"navigation\" data-gtm-custom-action=\"crossclick\" data-gtm-custom-label=\"Contextuel\" data-gtm-event=\"customEventSPE\" data-fig-domain=\"LEFIGARO\">Nantes\u00a0: un \u00e9tudiant en \u00e9cole d\u2019ing\u00e9nieurs dissimulait des cam\u00e9ras dans les prises \u00e9lectriques des chambres des filles<br \/>\n    <\/a>\n<\/p>\n<p class=\"fig-paragraph\">Aujourd\u2019hui, les autorisations de baignade accord\u00e9es sur l\u2019aval de la Loire restent exceptionnelles en amont d\u2019Ancenis, li\u00e9es par exemple \u00e0 des \u00e9v\u00e9nements nautiques. Elles sont soumises \u00e0 des contr\u00f4les de l\u2019Agence r\u00e9gionale de sant\u00e9 des Pays de la Loire, qui surveille notamment la pr\u00e9sence de cyanobact\u00e9ries dans l\u2019eau. Le r\u00e9\u00e9quilibrage du lit de la Loire devrait am\u00e9liorer la sant\u00e9 du fleuve. Ce remodelage restera cependant insuffisant pour rendre le cours d\u2019eau propre \u00e0 la baignade urbaine, en particulier au niveau de Nantes, estimait en 2020 l\u2019architecte-ing\u00e9nieure Caroline Wypychowski, dans un article pour\u00a0<a href=\"https:\/\/asmn.univ-nantes.fr\/index.php?id=502\" target=\"_blank\" rel=\"sponsored noopener nofollow\" data-gtm-custom-categorie=\"navigation\" data-gtm-custom-action=\"crossclick\" data-gtm-custom-label=\"Contextuel\" data-gtm-event=\"customEventSPE\">L\u2019Atlas social de la m\u00e9tropole nantaise<\/a>.<\/p>\n<p class=\"fig-paragraph\">Un temps envisag\u00e9 par la M\u00e9tropole au milieu des ann\u00e9es 2010, le projet d\u2019une piscine en bord de Loire n\u2019a finalement jamais vu le jour. \u00abLes possibilit\u00e9s de baignade ont bien \u00e9t\u00e9 explor\u00e9es. Ce travail a toutefois r\u00e9v\u00e9l\u00e9 des conditions de s\u00e9curit\u00e9 peu favorables\u00bb, indique la collectivit\u00e9. Cette derni\u00e8re \u00e9voque en effet des \u00abconditions dangereuses, que ce soit pour une pratique libre ou pour un \u00e9quipement de baignade\u00bb, notamment en raison du marnage et des courants du fleuve. Un constat notamment partag\u00e9 par le groupe \u00e9cologiste nantais, qui pr\u00e9conise, \u00e0 d\u00e9faut de transformer la Loire, de projeter \u00ab\u00e0 de possibles nouvelles pratiques\u00bb les cours d\u2019eau secondaires du fleuve, tels que l\u2019Erdre, le Cens et la S\u00e8vre Nantaise.<\/p>\n","protected":false},"excerpt":{"rendered":"Les eaux impropres et tumultueuses du fleuve ne permettent pas d\u2019envisager de sit\u00f4t un retour des baigneurs sur&hellip;\n","protected":false},"author":2,"featured_media":345076,"comment_status":"","ping_status":"","sticky":false,"template":"","format":"standard","meta":{"footnotes":""},"categories":[2818],"tags":[1111,11,27245,1777,674,1011,27,3367,766,12,2636,25],"class_list":{"0":"post-345075","1":"post","2":"type-post","3":"status-publish","4":"format-standard","5":"has-post-thumbnail","7":"category-nantes","8":"tag-actu","9":"tag-actualites","10":"tag-bain","11":"tag-eu","12":"tag-europe","13":"tag-fr","14":"tag-france","15":"tag-loire","16":"tag-nantes","17":"tag-news","18":"tag-pays-de-la-loire","19":"tag-republique-francaise"},"share_on_mastodon":{"url":"https:\/\/pubeurope.com\/@fr\/115094917296299623","error":""},"_links":{"self":[{"href":"https:\/\/www.europesays.com\/fr\/wp-json\/wp\/v2\/posts\/345075","targetHints":{"allow":["GET"]}}],"collection":[{"href":"https:\/\/www.europesays.com\/fr\/wp-json\/wp\/v2\/posts"}],"about":[{"href":"https:\/\/www.europesays.com\/fr\/wp-json\/wp\/v2\/types\/post"}],"author":[{"embeddable":true,"href":"https:\/\/www.europesays.com\/fr\/wp-json\/wp\/v2\/users\/2"}],"replies":[{"embeddable":true,"href":"https:\/\/www.europesays.com\/fr\/wp-json\/wp\/v2\/comments?post=345075"}],"version-history":[{"count":0,"href":"https:\/\/www.europesays.com\/fr\/wp-json\/wp\/v2\/posts\/345075\/revisions"}],"wp:featuredmedia":[{"embeddable":true,"href":"https:\/\/www.europesays.com\/fr\/wp-json\/wp\/v2\/media\/345076"}],"wp:attachment":[{"href":"https:\/\/www.europesays.com\/fr\/wp-json\/wp\/v2\/media?parent=345075"}],"wp:term":[{"taxonomy":"category","embeddable":true,"href":"https:\/\/www.europesays.com\/fr\/wp-json\/wp\/v2\/categories?post=345075"},{"taxonomy":"post_tag","embeddable":true,"href":"https:\/\/www.europesays.com\/fr\/wp-json\/wp\/v2\/tags?post=345075"}],"curies":[{"name":"wp","href":"https:\/\/api.w.org\/{rel}","templated":true}]}}