{"id":345077,"date":"2025-08-26T11:50:10","date_gmt":"2025-08-26T11:50:10","guid":{"rendered":"https:\/\/www.europesays.com\/fr\/345077\/"},"modified":"2025-08-26T11:50:10","modified_gmt":"2025-08-26T11:50:10","slug":"coup-de-theatre-pour-armel-bella-kotchap","status":"publish","type":"post","link":"https:\/\/www.europesays.com\/fr\/345077\/","title":{"rendered":"coup de th\u00e9\u00e2tre pour Armel Bella-Kotchap"},"content":{"rendered":"<p>Le FC <a href=\"https:\/\/www.footmercato.net\/club\/fc-nantes\/\" rel=\"nofollow noopener\" target=\"_blank\">Nantes<\/a> s\u2019est fait doubler au dernier moment. En qu\u00eate de renforts d\u00e9fensifs, le FC Nantes \u00e9tait sur le point d\u2019enregistrer l\u2019arriv\u00e9e d\u2019Armel Bella-Kotchap (23 ans), un jeune international allemand en qu\u00eate de rebond apr\u00e8s s\u2019\u00eatre r\u00e9v\u00e9l\u00e9 du c\u00f4t\u00e9 de <a href=\"https:\/\/www.footmercato.net\/club\/southampton\/\" rel=\"nofollow noopener\" target=\"_blank\">Southampton<\/a>. <a href=\"https:\/\/www.footmercato.net\/a5439358102607549644-nantes-a-boucle-larrivee-dun-international-allemand\" rel=\"nofollow noopener\" target=\"_blank\">Le d\u00e9fenseur \u00e9tait m\u00eame attendu \u00e0 Nantes le week-end dernier<\/a> pour y passer sa visite m\u00e9dicale, puisque les Canaris avaient trouv\u00e9 un accord avec les Saints pour son arriv\u00e9e. <\/p>\n<p>            La suite apr\u00e8s cette publicit\u00e9<\/p>\n<p>Mais finalement, <a href=\"https:\/\/www.footmercato.net\/joueur\/armel-bella-kotchap\/\" rel=\"nofollow noopener\" target=\"_blank\">Armel Bella-Kotchap<\/a> a fait faux bond au club nantais. L\u2019international allemand va finalement se diriger vers le Hellas V\u00e9rone, en Italie, alos que Nantes consid\u00e9rait le dossier clos et regrette les m\u00e9thodes de l\u2019entourage du joueur, selon <a href=\"https:\/\/www.lequipe.fr\/Football\/Actualites\/Mercato-retournement-de-situation-le-defenseur-de-southampton-armel-bella-kotchap-se-detourne-finalement-du-fc-nantes\/1587655\" rel=\"nofollow noopener\" target=\"_blank\">L\u2019\u00c9quipe<\/a>. Apr\u00e8s deux d\u00e9faites conc\u00e9d\u00e9es en deux rencontres, le FCN doit se renforcer et cherche toujours un d\u00e9fenseur central avant lundi soir, date de cl\u00f4ture du mercato. <\/p>\n<p>\n    Pub. le 26\/08\/2025 13:30<br \/>\n            &#8211; MAJ le 26\/08\/2025 13:45\n    <\/p>\n","protected":false},"excerpt":{"rendered":"Le FC Nantes s\u2019est fait doubler au dernier moment. En qu\u00eate de renforts d\u00e9fensifs, le FC Nantes \u00e9tait&hellip;\n","protected":false},"author":2,"featured_media":337008,"comment_status":"","ping_status":"","sticky":false,"template":"","format":"standard","meta":{"footnotes":""},"categories":[2818],"tags":[1111,11,1777,674,1011,27,766,12,2636,25],"class_list":{"0":"post-345077","1":"post","2":"type-post","3":"status-publish","4":"format-standard","5":"has-post-thumbnail","7":"category-nantes","8":"tag-actu","9":"tag-actualites","10":"tag-eu","11":"tag-europe","12":"tag-fr","13":"tag-france","14":"tag-nantes","15":"tag-news","16":"tag-pays-de-la-loire","17":"tag-republique-francaise"},"share_on_mastodon":{"url":"https:\/\/pubeurope.com\/@fr\/115094921132763927","error":""},"_links":{"self":[{"href":"https:\/\/www.europesays.com\/fr\/wp-json\/wp\/v2\/posts\/345077","targetHints":{"allow":["GET"]}}],"collection":[{"href":"https:\/\/www.europesays.com\/fr\/wp-json\/wp\/v2\/posts"}],"about":[{"href":"https:\/\/www.europesays.com\/fr\/wp-json\/wp\/v2\/types\/post"}],"author":[{"embeddable":true,"href":"https:\/\/www.europesays.com\/fr\/wp-json\/wp\/v2\/users\/2"}],"replies":[{"embeddable":true,"href":"https:\/\/www.europesays.com\/fr\/wp-json\/wp\/v2\/comments?post=345077"}],"version-history":[{"count":0,"href":"https:\/\/www.europesays.com\/fr\/wp-json\/wp\/v2\/posts\/345077\/revisions"}],"wp:featuredmedia":[{"embeddable":true,"href":"https:\/\/www.europesays.com\/fr\/wp-json\/wp\/v2\/media\/337008"}],"wp:attachment":[{"href":"https:\/\/www.europesays.com\/fr\/wp-json\/wp\/v2\/media?parent=345077"}],"wp:term":[{"taxonomy":"category","embeddable":true,"href":"https:\/\/www.europesays.com\/fr\/wp-json\/wp\/v2\/categories?post=345077"},{"taxonomy":"post_tag","embeddable":true,"href":"https:\/\/www.europesays.com\/fr\/wp-json\/wp\/v2\/tags?post=345077"}],"curies":[{"name":"wp","href":"https:\/\/api.w.org\/{rel}","templated":true}]}}