{"id":345082,"date":"2025-08-26T11:53:10","date_gmt":"2025-08-26T11:53:10","guid":{"rendered":"https:\/\/www.europesays.com\/fr\/345082\/"},"modified":"2025-08-26T11:53:10","modified_gmt":"2025-08-26T11:53:10","slug":"la-grande-braderie-revient-a-toulouse-pour-sa-13e-edition-ce-qui-est-prevu","status":"publish","type":"post","link":"https:\/\/www.europesays.com\/fr\/345082\/","title":{"rendered":"La grande braderie revient \u00e0 Toulouse pour sa 13e \u00e9dition : ce qui est pr\u00e9vu"},"content":{"rendered":"<p>            Par<br \/>\n        <strong><br \/>\n            <a href=\"https:\/\/actu.fr\/auteur\/lea-afonso\" title=\"Consulter tous les articles de L\u00e9a Afonso\" target=\"_blank\" rel=\"noopener\">L\u00e9a Afonso<\/a><br \/>\n        <\/strong><\/p>\n<p>        Publi\u00e9 le<\/p>\n<p>            26 ao\u00fbt 2025 \u00e0 12h57        <\/p>\n<p>Des \u00e9tals dans la rue, une ambiance bouillonnante et des Toulousains \u00e0 tout va\u2026 Comme chaque ann\u00e9e, les commer\u00e7ants de la Ville rose proposent <strong>trois jours de promotions exceptionnelles avec la grande braderie<\/strong> du <strong>jeudi\u00a04 au samedi 6\u00a0septembre 2025<\/strong>. Boutiques de v\u00eatements, de d\u00e9coration, d\u2019accessoires ou encore commerces de bouche participent \u00e0 cet \u00e9v\u00e9nement devenu une v\u00e9ritable institution en cette 13e \u00e9dition \u00e0 <a href=\"https:\/\/actu.fr\/toulouse\/\" target=\"_blank\" rel=\"noopener\">Toulouse<\/a>. L\u2019occasion r\u00eav\u00e9e pour les visiteurs de faire de<strong> bonnes affaires<\/strong> dans une ambiance conviviale et festive. Voici le programme.<\/p>\n<p>Une ambiance musicale dans toute la ville<\/p>\n<p class=\" wall-content\">Pendant les trois jours, la ville r\u00e9sonnera aux sons des <strong>fanfares<\/strong>, <strong>groupes de jazz<\/strong> et <strong>spectacles de rue <\/strong>au milieu des bonnes affaires<strong>.<\/strong> Jeudi 4\u00a0septembre, Riverboat\u2019s Jazz Band, Le Myst\u00e8re des \u00c9l\u00e9phants et Tapas Fanfare donneront le coup d\u2019envoi des festivit\u00e9s.<\/p>\n<p class=\" wall-content\">Vendredi\u00a05, place \u00e0 Ghetto Blaster, au Little Marching Jazz Band Quartet et \u00e0 la Fanfare Canelle. Et samedi\u00a06, la cl\u00f4ture s\u2019annonce haute en couleur avec la Fanfare Super Panela, la Supersonic Fanfare et Las Murgas.<\/p>\n<p>Une \u00e9dition 2025 pleine de surprises<\/p>\n<p class=\" wall-content\">\u00c0 ne pas manquer lors de cette \u00e9dition\u2009: la braderie<strong> s\u2019ouvre davantage aux familles<\/strong> avec des <strong>ateliers<\/strong> sp\u00e9cialement pens\u00e9s pour les <strong>enfants<\/strong>. Le samedi 6\u00a0septembre, la <strong>place Saint-Georges<\/strong> se transformera en v\u00e9ritable terrain de jeux avec des animations gratuites pour les plus jeunes.<\/p>\n<p class=\" wall-content\">Au programme\u2009: <strong>maquillage f\u00e9\u00e9rique<\/strong> avec les maquilleuses des Mille et une, <strong>tatouages<\/strong> \u00e9ph\u00e9m\u00e8res par Charlotte, sculptures de ballons sign\u00e9es El Barboo, sans oublier un spectacle de balles et un atelier cr\u00e9atif de fabrication d\u2019affiches vintage. Le dessinateur Biz proposera \u00e9galement des caricatures en direct.<\/p>\n<p>Un \u00e9v\u00e9nement populaire et f\u00e9d\u00e9rateur<\/p>\n<p class=\" wall-content\">La Grande Braderie de Toulouse, c\u2019est aussi une mani\u00e8re pour les commer\u00e7ants locaux de <strong>dynamiser le centre-ville<\/strong>, tout en cr\u00e9ant un moment de partage et de proximit\u00e9 avec les habitants. Entre shopping et animations, chaque coin de rue promet son lot de d\u00e9couvertes\u2009!<\/p>\n<p class=\" wall-content\">Personnalisez votre actualit\u00e9 en ajoutant vos villes et m\u00e9dias en favori avec <a href=\"https:\/\/moncompte.actu.fr\" title=\"D\u00e9couvez Mon Actu\" rel=\"nofollow noopener\" data-trk=\"{&quot;cta&quot;:{&quot;action&quot;:&quot;https:\\\/\\\/moncompte.actu.fr&quot;,&quot;category&quot;:&quot;mon compte&quot;,&quot;from&quot;:&quot;article footer&quot;,&quot;name&quot;:&quot;Mon actu&quot;,&quot;type&quot;:&quot;cta&quot;}}\" target=\"_blank\">Mon Actu<\/a>.<\/p>\n","protected":false},"excerpt":{"rendered":"Par L\u00e9a Afonso Publi\u00e9 le 26 ao\u00fbt 2025 \u00e0 12h57 Des \u00e9tals dans la rue, une ambiance bouillonnante&hellip;\n","protected":false},"author":2,"featured_media":345083,"comment_status":"","ping_status":"","sticky":false,"template":"","format":"standard","meta":{"footnotes":""},"categories":[2816],"tags":[1111,11,215,1777,674,1011,27,1652,12,2680,25,1341,2312],"class_list":{"0":"post-345082","1":"post","2":"type-post","3":"status-publish","4":"format-standard","5":"has-post-thumbnail","7":"category-toulouse","8":"tag-actu","9":"tag-actualites","10":"tag-commerce","11":"tag-eu","12":"tag-europe","13":"tag-fr","14":"tag-france","15":"tag-loisirs-culture","16":"tag-news","17":"tag-occitanie","18":"tag-republique-francaise","19":"tag-sortir-a-toulouse","20":"tag-toulouse"},"share_on_mastodon":{"url":"https:\/\/pubeurope.com\/@fr\/115094933022451231","error":""},"_links":{"self":[{"href":"https:\/\/www.europesays.com\/fr\/wp-json\/wp\/v2\/posts\/345082","targetHints":{"allow":["GET"]}}],"collection":[{"href":"https:\/\/www.europesays.com\/fr\/wp-json\/wp\/v2\/posts"}],"about":[{"href":"https:\/\/www.europesays.com\/fr\/wp-json\/wp\/v2\/types\/post"}],"author":[{"embeddable":true,"href":"https:\/\/www.europesays.com\/fr\/wp-json\/wp\/v2\/users\/2"}],"replies":[{"embeddable":true,"href":"https:\/\/www.europesays.com\/fr\/wp-json\/wp\/v2\/comments?post=345082"}],"version-history":[{"count":0,"href":"https:\/\/www.europesays.com\/fr\/wp-json\/wp\/v2\/posts\/345082\/revisions"}],"wp:featuredmedia":[{"embeddable":true,"href":"https:\/\/www.europesays.com\/fr\/wp-json\/wp\/v2\/media\/345083"}],"wp:attachment":[{"href":"https:\/\/www.europesays.com\/fr\/wp-json\/wp\/v2\/media?parent=345082"}],"wp:term":[{"taxonomy":"category","embeddable":true,"href":"https:\/\/www.europesays.com\/fr\/wp-json\/wp\/v2\/categories?post=345082"},{"taxonomy":"post_tag","embeddable":true,"href":"https:\/\/www.europesays.com\/fr\/wp-json\/wp\/v2\/tags?post=345082"}],"curies":[{"name":"wp","href":"https:\/\/api.w.org\/{rel}","templated":true}]}}