{"id":345084,"date":"2025-08-26T11:54:12","date_gmt":"2025-08-26T11:54:12","guid":{"rendered":"https:\/\/www.europesays.com\/fr\/345084\/"},"modified":"2025-08-26T11:54:12","modified_gmt":"2025-08-26T11:54:12","slug":"a-partir-de-la-rentree-cette-universite-de-toulouse-accorde-le-conge-menstruel-a-ses-etudiantes","status":"publish","type":"post","link":"https:\/\/www.europesays.com\/fr\/345084\/","title":{"rendered":"\u00c0 partir de la rentr\u00e9e, cette universit\u00e9 de Toulouse accorde le cong\u00e9 menstruel \u00e0 ses \u00e9tudiantes"},"content":{"rendered":"<p>            Par<br \/>\n        <strong><br \/>\n            <a href=\"https:\/\/actu.fr\/auteur\/enzo-legros\" title=\"Consulter tous les articles de Enzo Legros\" target=\"_blank\" rel=\"noopener\">Enzo Legros<\/a><br \/>\n        <\/strong><\/p>\n<p>        Publi\u00e9 le<\/p>\n<p>            26 ao\u00fbt 2025 \u00e0 13h26        <\/p>\n<p>De plus en plus de campus \u00e9tudiants le mettent en place partout en France, et <a href=\"https:\/\/actu.fr\/toulouse\/\" target=\"_blank\" rel=\"noopener\">Toulouse<\/a> ne manque pas \u00e0 la liste. Le principe du <strong>cong\u00e9 menstruel<\/strong>, une p\u00e9riode de repos accord\u00e9e aux femmes souffrant de douleurs li\u00e9es aux r\u00e8gles, int\u00e8gre le quotidien de nombreuses universit\u00e9s. \u00c0 partir de la rentr\u00e9e de septembre\u00a02025, l\u2019un des trois <a href=\"https:\/\/actu.fr\/occitanie\/toulouse_31555\/classement-de-shanghai-2025-quelles-sont-les-meilleures-universites-de-toulouse_63041589.html\" target=\"_blank\" rel=\"noopener\">\u00e9tablissements universitaires de Toulouse<\/a> va mettre en place ce dispositif attendu par de nombreuses \u00e9tudiantes.<\/p>\n<p>L\u2019ex Universit\u00e9 Paul Sabatier se met au go\u00fbt du jour<\/p>\n<p class=\" wall-content\">Il s\u2019agit du plus grand campus de la Ville Rose, <a href=\"https:\/\/actu.fr\/occitanie\/toulouse_31555\/toulouse-cette-universite-change-de-nom-au-1er-janvier-le-debut-d-un-grand-projet_62018824.html\" target=\"_blank\" rel=\"noopener\">appel\u00e9 jusqu\u2019au 31\u00a0d\u00e9cembre 2024 l\u2019Universit\u00e9 Paul Sabatier<\/a> et d\u00e9sormais renomm\u00e9 Universit\u00e9 de Toulouse. L\u2019\u00e9tablissement situ\u00e9 route de Narbonne ouvre donc la possibilit\u00e9 \u00e0 ses \u00e9tudiantes de <strong>se passer de plusieurs journ\u00e9es de cours<\/strong> au besoin.<\/p>\n<p class=\" wall-content\">Pr\u00e9cis\u00e9ment, le conseil d\u2019administration de l\u2019universit\u00e9, rassembl\u00e9 le 10\u00a0mars 2025, a accord\u00e9 \u00e0 l\u2019unanimit\u00e9 un nombre de <strong>8\u00a0jours<\/strong> \u00ab\u2009inscrits dans le r\u00e9gime des absences justifi\u00e9es\u2009\u00bb. Au-del\u00e0 de ce quota, il faudra passer par un rendez-vous chez le m\u00e9decin pour justifier une p\u00e9riode de cong\u00e9 plus longue.<\/p>\n<p>Une exp\u00e9rience d\u2019un an<\/p>\n<p class=\" wall-content\">Pour faire valoir ce nouveau droit \u00e9tudiant, les personnes int\u00e9ress\u00e9es devront remplir un formulaire qui sera mis \u00e0 disposition. Dans <a href=\"https:\/\/www.univ-tlse3.fr\/medias\/fichier\/2025-03-ca-029_1742826218137-pdf\" target=\"_blank\" rel=\"noopener\">la d\u00e9lib\u00e9ration adopt\u00e9e en mars<\/a>, et sign\u00e9e par la pr\u00e9sidente de l\u2019universit\u00e9 Odile Rauzy, est pr\u00e9vu le partage de \u00ab\u2009num\u00e9ros utiles\u2009\u00bb et \u00ab\u2009d\u2019informations sur la dysm\u00e9norrh\u00e9e\u2009\u00bb lors du d\u00e9p\u00f4t de formulaire de cong\u00e9.<\/p>\n<p>Vid\u00e9os : en ce moment sur Actu<\/p>\n<p class=\" wall-content\">L\u2019objectif \u00e9tant de \u00ab\u2009rendre cette mesure accessible\u2009\u00bb et de prendre en compte \u00ab\u2009officiellement des dysm\u00e9norrh\u00e9es qui peuvent \u00eatre invalidantes, affectant la qualit\u00e9 de vie et la capacit\u00e9 d\u2019\u00e9tudier\u2009\u00bb. Pour l\u2019instant, le cong\u00e9 menstruel a \u00e9t\u00e9 d\u00e9cid\u00e9 <strong>pour l\u2019unique exercice 2025\/26<\/strong>. \u00ab\u2009Il fera l\u2019objet d\u2019un bilan et sera susceptible de r\u00e9ajustements\u2009\u00bb, explique l\u2019Universit\u00e9.<\/p>\n<p>Deuxi\u00e8me universit\u00e9 \u00e0 accorder le cong\u00e9 menstruel<\/p>\n<p class=\" wall-content\">L\u2019ex-Universit\u00e9 Paul Sabatier <a href=\"https:\/\/actu.fr\/occitanie\/toulouse_31555\/cette-universite-est-la-premiere-de-toulouse-a-adopter-le-conge-menstruel_61640232.html\" target=\"_blank\" rel=\"noopener\">n\u2019est pas la grande premi\u00e8re \u00e0 tenter le cong\u00e9 menstruel<\/a>. <strong><a href=\"https:\/\/actu.fr\/tag\/universite-toulouse-jean-jaures\" target=\"_blank\" rel=\"noopener\">L\u2019Universit\u00e9 Toulouse Jean-Jaur\u00e8s<\/a> (UT2J) le propose \u00e9galement<\/strong> depuis l\u2019ann\u00e9e 2024\/2025. \u00ab\u2009Chaque \u00e9tudiante menstru\u00e9e de l\u2019UT2J a droit \u00e0 une dispense dite\u2009\u00bb cong\u00e9 menstruel \u00ab\u2009permettant des absences ponctuelles en cours et travaux dirig\u00e9s\u2009\u00bb, explique l\u2019\u00e9tablissement.<\/p>\n<p>Votre r\u00e9gion, votre actu !<\/p>\n<p>Recevez chaque jour les infos qui comptent pour vous.<\/p>\n<p>\t<a href=\"https:\/\/actu.fr\/newsletter\" class=\"ac-btn ac-btn--corner ac-btn--medium ac-btn--blue800\" target=\"_blank\" rel=\"noopener\">S&rsquo;incrire<\/a><\/p>\n<p class=\" wall-content\">Dans ce dernier, la r\u00e8gle est encore plus simple\u2009: il suffit de contacter l\u2019enseignant assurant le cours dispens\u00e9 avant l\u2019apr\u00e8s-lendemain de l\u2019absence. Il n\u2019y a pas non plus de limites de jours d\u2019absences. Pour ce qui est de la derni\u00e8re universit\u00e9, <a href=\"https:\/\/actu.fr\/tag\/universite-toulouse-1-capitole\" target=\"_blank\" rel=\"noopener\">l\u2019UT Capitole<\/a>, aucun cong\u00e9 menstruel n\u2019a encore \u00e9t\u00e9 mis en place jusqu\u2019ici.<\/p>\n<p class=\" wall-content\">Personnalisez votre actualit\u00e9 en ajoutant vos villes et m\u00e9dias en favori avec <a href=\"https:\/\/moncompte.actu.fr\" title=\"D\u00e9couvez Mon Actu\" rel=\"nofollow noopener\" data-trk=\"{&quot;cta&quot;:{&quot;action&quot;:&quot;https:\\\/\\\/moncompte.actu.fr&quot;,&quot;category&quot;:&quot;mon compte&quot;,&quot;from&quot;:&quot;article footer&quot;,&quot;name&quot;:&quot;Mon actu&quot;,&quot;type&quot;:&quot;cta&quot;}}\" target=\"_blank\">Mon Actu<\/a>.<\/p>\n","protected":false},"excerpt":{"rendered":"Par Enzo Legros Publi\u00e9 le 26 ao\u00fbt 2025 \u00e0 13h26 De plus en plus de campus \u00e9tudiants le&hellip;\n","protected":false},"author":2,"featured_media":345085,"comment_status":"","ping_status":"","sticky":false,"template":"","format":"standard","meta":{"footnotes":""},"categories":[2816],"tags":[1111,11,6121,1777,674,1011,27,12,2680,25,104,2312,45858],"class_list":{"0":"post-345084","1":"post","2":"type-post","3":"status-publish","4":"format-standard","5":"has-post-thumbnail","7":"category-toulouse","8":"tag-actu","9":"tag-actualites","10":"tag-droits-des-femmes","11":"tag-eu","12":"tag-europe","13":"tag-fr","14":"tag-france","15":"tag-news","16":"tag-occitanie","17":"tag-republique-francaise","18":"tag-societe","19":"tag-toulouse","20":"tag-universite-toulouse-iii-paul-sabatier"},"share_on_mastodon":{"url":"https:\/\/pubeurope.com\/@fr\/115094936890246497","error":""},"_links":{"self":[{"href":"https:\/\/www.europesays.com\/fr\/wp-json\/wp\/v2\/posts\/345084","targetHints":{"allow":["GET"]}}],"collection":[{"href":"https:\/\/www.europesays.com\/fr\/wp-json\/wp\/v2\/posts"}],"about":[{"href":"https:\/\/www.europesays.com\/fr\/wp-json\/wp\/v2\/types\/post"}],"author":[{"embeddable":true,"href":"https:\/\/www.europesays.com\/fr\/wp-json\/wp\/v2\/users\/2"}],"replies":[{"embeddable":true,"href":"https:\/\/www.europesays.com\/fr\/wp-json\/wp\/v2\/comments?post=345084"}],"version-history":[{"count":0,"href":"https:\/\/www.europesays.com\/fr\/wp-json\/wp\/v2\/posts\/345084\/revisions"}],"wp:featuredmedia":[{"embeddable":true,"href":"https:\/\/www.europesays.com\/fr\/wp-json\/wp\/v2\/media\/345085"}],"wp:attachment":[{"href":"https:\/\/www.europesays.com\/fr\/wp-json\/wp\/v2\/media?parent=345084"}],"wp:term":[{"taxonomy":"category","embeddable":true,"href":"https:\/\/www.europesays.com\/fr\/wp-json\/wp\/v2\/categories?post=345084"},{"taxonomy":"post_tag","embeddable":true,"href":"https:\/\/www.europesays.com\/fr\/wp-json\/wp\/v2\/tags?post=345084"}],"curies":[{"name":"wp","href":"https:\/\/api.w.org\/{rel}","templated":true}]}}