{"id":34509,"date":"2025-04-18T16:53:08","date_gmt":"2025-04-18T16:53:08","guid":{"rendered":"https:\/\/www.europesays.com\/fr\/34509\/"},"modified":"2025-04-18T16:53:08","modified_gmt":"2025-04-18T16:53:08","slug":"linquietude-et-la-colere-des-personnes-trans-au-royaume-uni-apres-la-decision-de-la-cour-supreme","status":"publish","type":"post","link":"https:\/\/www.europesays.com\/fr\/34509\/","title":{"rendered":"l\u2019inqui\u00e9tude et la col\u00e8re des personnes trans au Royaume-Uni apr\u00e8s la d\u00e9cision de la Cour supr\u00eame"},"content":{"rendered":"<p>      <img fetchpriority=\"high\" decoding=\"async\" class=\"mx-auto\" src=\"data:image\/svg+xml,%3Csvg%20xmlns%3D%27http%3A%2F%2Fwww.w3.org%2F2000%2Fsvg%27%20fill%3D%22%23e4e4e4%22%20viewBox%3D%270%200%20510%20340%27%20width%3D%22510%22%20height%3D%22340%22%3E%3Cpath%20d%3D%27M0%200h510v340H0z%27%2F%3E%3C%2Fsvg%3E\"  loading=\"eager\" width=\"510\" height=\"340\" data-oncrawl-image-size=\"510x340\" alt=\"Manifestation pour les droits des personnes trans, le 9\u00a0f\u00e9vrier 2025, aux Etats-Unis.\"\/>      <\/p>\n<p class=\"latino-100m text-grey-600\">\n            Manifestation pour les droits des personnes trans, le 9\u00a0f\u00e9vrier 2025, aux Etats-Unis.\u00a0LINDSEY WASSON\/AP\/SIPA        <\/p>\n<p>    Lire\u00a0plus\u00a0tard  <\/p>\n<p><a aria-label=\"Nous suivre sur Google News\" href=\"https:\/\/news.google.com\/publications\/CAAqBwgKMJe4nQkw3dFs?hl=fr&amp;gl=FR&amp;ceid=FR%3Afr\" target=\"_blank\" data-piano=\"Page_Article,Sous_date_publi,Nous_suivre_sur_google_news,1er_clic,action\" class=\"btn btn--small btn--secondary\" rel=\"noopener\"><\/p>\n<p>      Google Actualit\u00e9s<br \/>\n  <\/a><\/p>\n<p>  Partager<\/p>\n<p>        Facebook<\/p>\n<p>        Bluesky<\/p>\n<p>        E-mail<\/p>\n<p>        Copier le lien<\/p>\n<p>      Envoyer<\/p>\n<p>    Temps de lecture\u00a0:\u00a02\u00a0min.<\/p>\n<p class=\"article__description latino-600m mb-20 mb-lg-30 \" data-oncrawl-chapo-length=\"236\">\n  \t  T\u00e9moignage\u00a0<br \/>\n    Au lendemain de la d\u00e9cision de la Cour supr\u00eame britannique, r\u00e9duisant la d\u00e9finition du sexe \u00e0 la biologie et \u00e0 la binarit\u00e9, les personnes trans au Royaume-Uni s\u2019indignent\u00a0: \u00ab\u00a0L\u2019\u00c9tat a donn\u00e9 \u00e0 la discrimination une l\u00e9galit\u00e9\u00a0\u00bb.<\/p>\n<p class=\"node__paragraphe antonia-750r text-grey-800 pb-20 pb-md-30\">\nLes premi\u00e8res images diffus\u00e9es resteront celles de sourires ind\u00e9cents. Sur le parvis de la Cour supr\u00eame britannique, les militants anti-trans sautent de joie\u00a0: la plus haute instance judiciaire <a href=\"https:\/\/www.nouvelobs.com\/monde\/20250416.OBS102834\/la-definition-legale-d-une-femme-repose-sur-le-sexe-biologique-tranche-la-cour-supreme-britannique.html\" target=\"_blank\" rel=\"noopener\">leur a donn\u00e9 raison mercredi 16\u00a0avril<\/a>, jugeant que la d\u00e9finition l\u00e9gale d\u2019une femme repose sur le sexe biologique. A distance, <a target=\"_blank\" href=\"https:\/\/x.com\/jk_rowling\/status\/1912644919103004807\">sur X<\/a>, leur plus fervent soutien J.K. Rowling se pavane, cigare en bouche, de la r\u00e9ussite de son plan pour restreindre les droits de personnes trans.<\/p>\n<p class=\"node__paragraphe antonia-750r text-grey-800 pb-20 pb-md-30\">\nPendant ce temps, outre-Manche, des femmes trans ressentent un \u00e9ni\u00e8me \u00ab\u00a0coup de poing dans le ventre\u00a0\u00bb \u00e0 l\u2019annonce de la d\u00e9cision. Ce sont les mots de P. Eldridge, bas\u00e9e notamment \u00e0 Londres, qui a appris la nouvelle \u00e0 l\u2019arri\u00e8re d\u2019un taxi pour rentrer chez elle. Le jugement de la Cour supr\u00eame ne l\u2019a pas surprise dans un contexte de mont\u00e9e constante de l\u2019hostilit\u00e9 envers les personnes trans au Royaume-Uni, raconte-t-elle au \u00ab\u00a0Nouvel Obs\u00a0\u00bb. Mais, depuis, elle \u00ab\u00a0pleure de rage\u00a0\u00bb.<\/p>\n<p class=\"node__paragraphe antonia-750r text-grey-800 pb-20 pb-md-30\">\nRapidement, P. Eldridge alterne entre indignation et chagrin. La fatigue \u00ab\u00a0de devoir une fois de plus n\u00e9gocier, inlassablement, la fa\u00e7on dont (elle) veut vivre (sa) vie\u00a0\u00bb l\u2019attriste. Concr\u00e8tement, la Cour supr\u00eame britannique a affirm\u00e9 mercredi que la notion de sexe \u00e9tait binaire\u00a0: une personne est soit une femme, soit un homme, dit le <a target=\"_blank\" href=\"https:\/\/supremecourt.uk\/uploads\/uksc_2024_0042_judgment_aea6c48cee.pdf\" rel=\"noopener\">jugement de 88\u00a0pages<\/a>. Et quand la loi parle de \u00ab\u00a0sexe\u00a0\u00bb, il faut interpr\u00e9ter \u00ab\u00a0biologique\u00a0\u00bb, ont \u00e9crit les magistrats.<\/p>\n<p>Le jugement \u00ab\u00a0ne prot\u00e8ge personne\u00a0\u00bb<\/p>\n<p class=\"node__paragraphe antonia-750r text-grey-800 pb-20 pb-md-30\">\n\u00ab\u00a0L\u2019\u00c9tat a donn\u00e9 \u00e0 la discrimination une l\u00e9galit\u00e9\u00a0\u00bb en d\u00e9duit P. Eldridge. Elle projette d\u00e9j\u00e0 les regards insistants en entrant dans les toilettes, les interrogations au moment d\u2019arriver dans des services de luttes contre les violences sexistes et sexuelles ou les retards de soins qu\u2019elle va rencontrer. Des craintes bien trop r\u00e9elles parce que \u00ab\u00a0ce qui \u00e9tait autrefois une zone grise, parfois contest\u00e9e, souvent endur\u00e9e en silence, est d\u00e9sormais statu\u00e9\u00a0\u00bb.<\/p>\n<p class=\"latino-500b text-grey-600 pb-15\">A lire aussi<\/p>\n<p><a href=\"https:\/\/www.nouvelobs.com\/opinions\/20250417.OBS102883\/j-k-rowling-inquiete-pour-les-lesbiennes-j-ai-mal-a-mon-feminisme.html\" data-article-key=\"20250417.OBS102883\" class=\"link--box flex-grow-1\" data-piano=\"Page_Article,Lire_aussi,,Lien1,navigation\" target=\"_blank\" rel=\"noopener\"><\/p>\n<p>                <img decoding=\"async\" src=\"data:image\/svg+xml,%3Csvg%20xmlns%3D%27http%3A%2F%2Fwww.w3.org%2F2000%2Fsvg%27%20fill%3D%22%23e4e4e4%22%20viewBox%3D%270%200%20120%2080%27%20width%3D%22120%22%20height%3D%2280%22%3E%3Cpath%20d%3D%27M0%200h120v80H0z%27%2F%3E%3C%2Fsvg%3E\"  width=\"120\" height=\"80\" loading=\"lazy\" alt=\"L\u2019autrice J. K. Rowling (ici, en Ecosse en d\u00e9cembre 2023) connue pour ses positions anti-trans, s\u2019est r\u00e9jouie de la d\u00e9cision de la Cour supr\u00eame.\"\/><\/p>\n<p class=\"latino-300r latino-lg-600m text-grey-800\">\n                      <strong class=\"latino-300b latino-lg-600m text-grey-500\">Billet\u00a0<\/strong><br \/>\n                    J.K. Rowling, inqui\u00e8te pour les lesbiennes\u00a0? J\u2019ai mal \u00e0 mon f\u00e9minisme        <\/p>\n<p class=\"latino-100m text-uppercase text-grey-600 py-10\">\n          Abonn\u00e9        <\/p>\n<p><\/a><\/p>\n<p>    Lire\u00a0plus\u00a0tard  <\/p>\n<p class=\"node__paragraphe antonia-750r text-grey-800 pb-20 pb-md-30\">\nBannir les femmes trans des espaces r\u00e9serv\u00e9s aux femmes, et les forcer \u00e0 aller dans ceux des hommes, \u00ab\u00a0n\u2019est une victoire pour personne\u00a0\u00bb compl\u00e8te la militante trans Charlie Craggs sur la t\u00e9l\u00e9vision britannique <a target=\"_blank\" href=\"https:\/\/x.com\/Channel4News\/status\/1912812117066924125\">Chanel 4<\/a>. Et de se demander par la suite comment les d\u00e9fenseurs de la d\u00e9cision \u00ab\u00a0peuvent dormir tranquillement\u00a0\u00bb tout en obligeant les femmes trans \u00e0 se rendre dans des vestiaires d\u2019hommes par exemple, o\u00f9 elles ne sont pas en s\u00e9curit\u00e9.<\/p>\n<p class=\"node__paragraphe antonia-750r text-grey-800 pb-20 pb-md-30\">\n\u00ab\u00a0Je veux juste qu\u2019on me laisse tranquille\u00a0\u00bb continue Charlie Craggs, \u00e9puis\u00e9e par le combat qu\u2019elle a men\u00e9 contre la d\u00e9cision. Et de rappeler que, m\u00eame si les femmes trans sont les principales et les plus concern\u00e9es, toutes les femmes pourraient d\u00e9sormais \u00eatre questionn\u00e9es sur leur genre outre-Manche. \u00ab\u00a0Nous allons devoir toutes nous allier pour montrer que le jugement est un non-sens et qu\u2019il ne prot\u00e8ge personne\u00a0\u00bb conclut-elle.<\/p>\n<p>\u00ab\u00a0Rejet\u00e9e par la soci\u00e9t\u00e9\u00a0\u00bb<\/p>\n<p class=\"node__paragraphe antonia-750r text-grey-800 pb-20 pb-md-30\">\nL\u2019inqui\u00e9tude des femmes trans s\u2019est propag\u00e9e au Royaume-Uni. Au point que l\u2019association Scottish Trans a exhort\u00e9 \u00ab\u00a0la population \u00e0 ne pas paniquer\u00a0\u00bb mercredi <a target=\"_blank\" href=\"https:\/\/bsky.app\/profile\/scottishtrans.bsky.social\/post\/3lmwa44u2322g\" rel=\"noopener\">sur son compte Bluesky<\/a>. Un constat partag\u00e9 par l\u2019organisation de d\u00e9fense des droits des LGBT +Stonewall. La d\u00e9cision \u00ab\u00a0est incroyablement inqui\u00e9tante pour la communaut\u00e9 transgenre et tous ceux d\u2019entre nous qui la soutiennent\u00a0\u00bb a d\u00e9clar\u00e9 Simon Blake, PDG de l\u2019association dans un communiqu\u00e9.<\/p>\n<p class=\"node__paragraphe antonia-750r text-grey-800 pb-20 pb-md-30\">\nJusqu\u2019en France, la d\u00e9cision a r\u00e9sonn\u00e9. \u00ab\u00a0J\u2019ai peur, bien s\u00fbr, reconna\u00eet B\u00e9atrice Denaes, journaliste et cofondatrice de Trans Sant\u00e9 France. Il suffirait d\u2019un rien pour se retrouver dans la m\u00eame situation\u00a0\u00bb. Elle s\u2019appuie par la suite sur l\u2019exemple des mammographies, qui seraient interdites aux femmes trans si le bouleversement britannique s\u2019exportait, au risque de leur sant\u00e9. \u00ab\u00a0Le plus dur reste de se sentir rejet\u00e9e par la soci\u00e9t\u00e9\u00a0\u00bb, pense B\u00e9atrice Denaes.<\/p>\n<p class=\"latino-500b text-grey-600 pb-15\">A lire aussi<\/p>\n<p><a href=\"https:\/\/www.nouvelobs.com\/societe\/20250418.OBS102913\/la-repression-de-l-homosexualite-n-a-pas-vise-des-individus-isoles-mais-un-groupe-social-minorise.html\" data-article-key=\"20250418.OBS102913\" class=\"link--box flex-grow-1\" data-piano=\"Page_Article,Lire_aussi,,Lien2,navigation\" target=\"_blank\" rel=\"noopener\"><\/p>\n<p>                <img decoding=\"async\" src=\"data:image\/svg+xml,%3Csvg%20xmlns%3D%27http%3A%2F%2Fwww.w3.org%2F2000%2Fsvg%27%20fill%3D%22%23e4e4e4%22%20viewBox%3D%270%200%20120%2080%27%20width%3D%22120%22%20height%3D%2280%22%3E%3Cpath%20d%3D%27M0%200h120v80H0z%27%2F%3E%3C%2Fsvg%3E\"  width=\"120\" height=\"80\" loading=\"lazy\" alt=\"\u00ab\u00a0La vraie violence n\u2019est pas de notre c\u00f4t\u00e9\u00a0\u00bb\u00a0: pancarte brandie \u00e0 la Marche des fiert\u00e9s, le 29\u00a0juin 2019\u00a0\u00e0 Paris.\"\/><\/p>\n<p class=\"latino-300r latino-lg-600m text-grey-800\">\n                      <strong class=\"latino-300b latino-lg-600m text-grey-500\">Entretien\u00a0<\/strong><br \/>\n                    \u00ab\u00a0La r\u00e9pression de l\u2019homosexualit\u00e9 n\u2019a pas vis\u00e9 des individus isol\u00e9s, mais un groupe social minoris\u00e9\u00a0\u00bb        <\/p>\n<p class=\"latino-100m text-uppercase text-grey-600 py-10\">\n          Abonn\u00e9        <\/p>\n<p><\/a><\/p>\n<p>    Lire\u00a0plus\u00a0tard  <\/p>\n<p class=\"node__paragraphe antonia-750r text-grey-800 pb-20 pb-md-30\">\nP. Eldridge continuera tout de m\u00eame son combat. \u00ab\u00a0Parce que nos vies ne sont pas \u00e0 d\u00e9battre, nos identit\u00e9s ne sont pas facultatives et notre avenir ne sera pas dict\u00e9 par ceux qui cherchent \u00e0 nous effacer\u00a0\u00bb lance-t-elle dans une diatribe, o\u00f9 l\u2019autrice compare sa vie \u00e0 un immense champ de bataille sur lequel elle arrive sans armes. Mais elle conclut\u00a0: \u00ab\u00a0Nous avons\u00a0toujours trouv\u00e9 des moyens de survivre m\u00eame lorsque le syst\u00e8me \u00e9tait con\u00e7u pour nous faire dispara\u00eetre\u00a0\u00bb.<\/p>\n<p class=\"latino-600m text-grey-800\">\n<p>  Propos recueillis par<br \/>\nBenjamin Moisset    <\/p>\n","protected":false},"excerpt":{"rendered":"Manifestation pour les droits des personnes trans, le 9\u00a0f\u00e9vrier 2025, aux Etats-Unis.\u00a0LINDSEY WASSON\/AP\/SIPA Lire\u00a0plus\u00a0tard Google Actualit\u00e9s Partager Facebook&hellip;\n","protected":false},"author":2,"featured_media":34510,"comment_status":"","ping_status":"","sticky":false,"template":"","format":"standard","meta":{"footnotes":""},"categories":[1588],"tags":[17,11,3254,6121,1777,674,8248,1768,12,11279,473,1853,104,7912,11278,1851,1850,1852,11277],"class_list":{"0":"post-34509","1":"post","2":"type-post","3":"status-publish","4":"format-standard","5":"has-post-thumbnail","7":"category-royaume-uni","8":"tag-17","9":"tag-actualites","10":"tag-colere","11":"tag-droits-des-femmes","12":"tag-eu","13":"tag-europe","14":"tag-inquietude","15":"tag-laisse","16":"tag-news","17":"tag-royaume","18":"tag-royaume-uni","19":"tag-royaume-uni-de-grande-bretagne-et-dirlande-du-nord","20":"tag-societe","21":"tag-tranquille","22":"tag-trans","23":"tag-uk","24":"tag-united-kingdom","25":"tag-united-kingdom-of-great-britain-and-northern-ireland","26":"tag-veux"},"share_on_mastodon":{"url":"https:\/\/pubeurope.com\/@fr\/114360012242646868","error":""},"_links":{"self":[{"href":"https:\/\/www.europesays.com\/fr\/wp-json\/wp\/v2\/posts\/34509","targetHints":{"allow":["GET"]}}],"collection":[{"href":"https:\/\/www.europesays.com\/fr\/wp-json\/wp\/v2\/posts"}],"about":[{"href":"https:\/\/www.europesays.com\/fr\/wp-json\/wp\/v2\/types\/post"}],"author":[{"embeddable":true,"href":"https:\/\/www.europesays.com\/fr\/wp-json\/wp\/v2\/users\/2"}],"replies":[{"embeddable":true,"href":"https:\/\/www.europesays.com\/fr\/wp-json\/wp\/v2\/comments?post=34509"}],"version-history":[{"count":0,"href":"https:\/\/www.europesays.com\/fr\/wp-json\/wp\/v2\/posts\/34509\/revisions"}],"wp:featuredmedia":[{"embeddable":true,"href":"https:\/\/www.europesays.com\/fr\/wp-json\/wp\/v2\/media\/34510"}],"wp:attachment":[{"href":"https:\/\/www.europesays.com\/fr\/wp-json\/wp\/v2\/media?parent=34509"}],"wp:term":[{"taxonomy":"category","embeddable":true,"href":"https:\/\/www.europesays.com\/fr\/wp-json\/wp\/v2\/categories?post=34509"},{"taxonomy":"post_tag","embeddable":true,"href":"https:\/\/www.europesays.com\/fr\/wp-json\/wp\/v2\/tags?post=34509"}],"curies":[{"name":"wp","href":"https:\/\/api.w.org\/{rel}","templated":true}]}}