{"id":345090,"date":"2025-08-26T11:57:10","date_gmt":"2025-08-26T11:57:10","guid":{"rendered":"https:\/\/www.europesays.com\/fr\/345090\/"},"modified":"2025-08-26T11:57:10","modified_gmt":"2025-08-26T11:57:10","slug":"soiree-agitee-sur-le-boulevard-baille-a-marseille","status":"publish","type":"post","link":"https:\/\/www.europesays.com\/fr\/345090\/","title":{"rendered":"soir\u00e9e agit\u00e9e sur le Boulevard Baille \u00e0 Marseille"},"content":{"rendered":"<p>Pi\u00e9ton contre autobus, coups de couteau dans une pizzeria, la soir\u00e9e du lundi 25\u00a0ao\u00fbt a \u00e9t\u00e9 agit\u00e9e sur le <a href=\"https:\/\/www.laprovence.com\/article\/faits-divers-justice\/35973942854328\/marseille-lindividu-suspecte-d-avoir-percute-un-livreur-boulevard-baille-a-ete-interpelle\" target=\"_blank\" rel=\"noopener\">Boulevard Baille<\/a>, dans le 5e arrondissement de Marseille, d\u00e9clenchant l&rsquo;intervention des marins-pompiers et de la police \u00e0 deux reprises en l&rsquo;espace d&rsquo;une heure.<\/p>\n<p>Aux alentours de 20\u00a0heures, c&rsquo;est d&rsquo;abord pour une collision entre un pi\u00e9ton et un autobus, \u00e0 l&rsquo;angle du boulevard Baille et de la rue Jean Moulin, que les secours ont \u00e9t\u00e9 requis. Selon nos informations, la victime, un SDF d&rsquo;une quarantaine d&rsquo;ann\u00e9es, aurait heurt\u00e9 le pare-brise de l&rsquo;autocar avec la t\u00eate. Si le pare-brise s&rsquo;est \u00e9toil\u00e9 sous le choc, le quadrag\u00e9naire s&rsquo;en est tir\u00e9 avec quelques blessures qui ont n\u00e9cessit\u00e9 son transport \u00e0 l&rsquo;h\u00f4pital sans que son pronostic vital ne soit engag\u00e9.<\/p>\n<p>Il s&rsquo;inflige 3 coups de couteau dans le thorax<\/p>\n<p>Un peu plus tard, toujours sur le <a href=\"https:\/\/www.laprovence.com\/article\/region\/76689204213390\/marseille-un-quadragenaire-se-suicide-en-se-couchant-sur-la-voie-boulevard-baille\" target=\"_blank\" rel=\"noopener\">boulevard Baille<\/a>, ce sont les clients et le personnel d&rsquo;une enseigne de pizzas \u00e0 emporter qui ont assist\u00e9 \u00e0 une sc\u00e8ne surr\u00e9aliste. Il \u00e9tait 21\u00a0heures, lorsqu&rsquo;un homme a fait irruption dans le commerce et s&rsquo;est empar\u00e9 d&rsquo;un couteau avant de s&rsquo;infliger trois coups au thorax.<\/p>\n<p>\u00c2g\u00e9e de 35 ans, la victime a \u00e9t\u00e9 rapidement secourue par les marins-pompiers qui l&rsquo;ont transport\u00e9e \u00e0 l&rsquo;h\u00f4pital o\u00f9 elle a \u00e9t\u00e9 admise en service de r\u00e9animation avec un pronostic vital engag\u00e9.<\/p>\n","protected":false},"excerpt":{"rendered":"Pi\u00e9ton contre autobus, coups de couteau dans une pizzeria, la soir\u00e9e du lundi 25\u00a0ao\u00fbt a \u00e9t\u00e9 agit\u00e9e sur&hellip;\n","protected":false},"author":2,"featured_media":345091,"comment_status":"","ping_status":"","sticky":false,"template":"","format":"standard","meta":{"footnotes":""},"categories":[2814],"tags":[17,1111,11,48122,1444,854,5264,1446,1777,674,274,1011,27,884,12,29988,882,25,96],"class_list":{"0":"post-345090","1":"post","2":"type-post","3":"status-publish","4":"format-standard","5":"has-post-thumbnail","7":"category-marseille","8":"tag-17","9":"tag-actu","10":"tag-actualites","11":"tag-autobus","12":"tag-contre","13":"tag-coups","14":"tag-couteau","15":"tag-dans","16":"tag-eu","17":"tag-europe","18":"tag-faits-divers-justice","19":"tag-fr","20":"tag-france","21":"tag-marseille","22":"tag-news","23":"tag-pieton","24":"tag-provence-alpes-cote-dazur","25":"tag-republique-francaise","26":"tag-une"},"share_on_mastodon":{"url":"https:\/\/pubeurope.com\/@fr\/115094948603668996","error":""},"_links":{"self":[{"href":"https:\/\/www.europesays.com\/fr\/wp-json\/wp\/v2\/posts\/345090","targetHints":{"allow":["GET"]}}],"collection":[{"href":"https:\/\/www.europesays.com\/fr\/wp-json\/wp\/v2\/posts"}],"about":[{"href":"https:\/\/www.europesays.com\/fr\/wp-json\/wp\/v2\/types\/post"}],"author":[{"embeddable":true,"href":"https:\/\/www.europesays.com\/fr\/wp-json\/wp\/v2\/users\/2"}],"replies":[{"embeddable":true,"href":"https:\/\/www.europesays.com\/fr\/wp-json\/wp\/v2\/comments?post=345090"}],"version-history":[{"count":0,"href":"https:\/\/www.europesays.com\/fr\/wp-json\/wp\/v2\/posts\/345090\/revisions"}],"wp:featuredmedia":[{"embeddable":true,"href":"https:\/\/www.europesays.com\/fr\/wp-json\/wp\/v2\/media\/345091"}],"wp:attachment":[{"href":"https:\/\/www.europesays.com\/fr\/wp-json\/wp\/v2\/media?parent=345090"}],"wp:term":[{"taxonomy":"category","embeddable":true,"href":"https:\/\/www.europesays.com\/fr\/wp-json\/wp\/v2\/categories?post=345090"},{"taxonomy":"post_tag","embeddable":true,"href":"https:\/\/www.europesays.com\/fr\/wp-json\/wp\/v2\/tags?post=345090"}],"curies":[{"name":"wp","href":"https:\/\/api.w.org\/{rel}","templated":true}]}}