{"id":345092,"date":"2025-08-26T11:58:12","date_gmt":"2025-08-26T11:58:12","guid":{"rendered":"https:\/\/www.europesays.com\/fr\/345092\/"},"modified":"2025-08-26T11:58:12","modified_gmt":"2025-08-26T11:58:12","slug":"marseille-un-homme-dune-trentaine-dannees-se-tue-en-chutant-de-la-corniche-kennedy-en-pleine-nuit","status":"publish","type":"post","link":"https:\/\/www.europesays.com\/fr\/345092\/","title":{"rendered":"Marseille\u00a0: un homme d&rsquo;une trentaine d&rsquo;ann\u00e9es se tue en chutant de la corniche Kennedy en pleine nuit"},"content":{"rendered":"<p>Un jeune homme a \u00e9t\u00e9 victime d&rsquo;une chute tragique dans la nuit de lundi \u00e0  mardi au niveau du mar\u00e9graphe de Marseille.<\/p>\n<p>Une vingtaine de marins-pompiers de Marseille sont intervenus vers 4h30 au pied de la corniche Kennedy au niveau du mar\u00e9graphe qui marque le point 0 de l&rsquo;altitude en France. Un homme d&rsquo;une trentaine d&rsquo;ann\u00e9es a \u00e9t\u00e9 retrouv\u00e9 mort, en contrebas de la chauss\u00e9e, une dizaine de m\u00e8tres plus bas.<\/p>\n<p>Apr\u00e8s avoir enjamb\u00e9 le parapet, il a gliss\u00e9 et chut\u00e9 sur la t\u00eate. Quand les secours sont intervenus, ils l&rsquo;ont rep\u00each\u00e9 inerte, portant une plaie sur le cr\u00e2ne. Ils ne sont pas parvenus \u00e0 le r\u00e9animer sur place.<\/p>\n<p>Un autre homme d&rsquo;une trentaine d&rsquo;ann\u00e9es a lui aussi \u00e9t\u00e9 sortis de l&rsquo;eau, il est lui aussi bless\u00e9.<\/p>\n<p>Une enqu\u00eate de police est en cours afin de pr\u00e9ciser les circonstances.<\/p>\n","protected":false},"excerpt":{"rendered":"Un jeune homme a \u00e9t\u00e9 victime d&rsquo;une chute tragique dans la nuit de lundi \u00e0 mardi au niveau&hellip;\n","protected":false},"author":2,"featured_media":345093,"comment_status":"","ping_status":"","sticky":false,"template":"","format":"standard","meta":{"footnotes":""},"categories":[2814],"tags":[1111,11,1777,674,1011,27,884,12,882,25],"class_list":{"0":"post-345092","1":"post","2":"type-post","3":"status-publish","4":"format-standard","5":"has-post-thumbnail","7":"category-marseille","8":"tag-actu","9":"tag-actualites","10":"tag-eu","11":"tag-europe","12":"tag-fr","13":"tag-france","14":"tag-marseille","15":"tag-news","16":"tag-provence-alpes-cote-dazur","17":"tag-republique-francaise"},"share_on_mastodon":{"url":"https:\/\/pubeurope.com\/@fr\/115094952647327208","error":""},"_links":{"self":[{"href":"https:\/\/www.europesays.com\/fr\/wp-json\/wp\/v2\/posts\/345092","targetHints":{"allow":["GET"]}}],"collection":[{"href":"https:\/\/www.europesays.com\/fr\/wp-json\/wp\/v2\/posts"}],"about":[{"href":"https:\/\/www.europesays.com\/fr\/wp-json\/wp\/v2\/types\/post"}],"author":[{"embeddable":true,"href":"https:\/\/www.europesays.com\/fr\/wp-json\/wp\/v2\/users\/2"}],"replies":[{"embeddable":true,"href":"https:\/\/www.europesays.com\/fr\/wp-json\/wp\/v2\/comments?post=345092"}],"version-history":[{"count":0,"href":"https:\/\/www.europesays.com\/fr\/wp-json\/wp\/v2\/posts\/345092\/revisions"}],"wp:featuredmedia":[{"embeddable":true,"href":"https:\/\/www.europesays.com\/fr\/wp-json\/wp\/v2\/media\/345093"}],"wp:attachment":[{"href":"https:\/\/www.europesays.com\/fr\/wp-json\/wp\/v2\/media?parent=345092"}],"wp:term":[{"taxonomy":"category","embeddable":true,"href":"https:\/\/www.europesays.com\/fr\/wp-json\/wp\/v2\/categories?post=345092"},{"taxonomy":"post_tag","embeddable":true,"href":"https:\/\/www.europesays.com\/fr\/wp-json\/wp\/v2\/tags?post=345092"}],"curies":[{"name":"wp","href":"https:\/\/api.w.org\/{rel}","templated":true}]}}