{"id":345094,"date":"2025-08-26T11:59:09","date_gmt":"2025-08-26T11:59:09","guid":{"rendered":"https:\/\/www.europesays.com\/fr\/345094\/"},"modified":"2025-08-26T11:59:09","modified_gmt":"2025-08-26T11:59:09","slug":"la-prefecture-du-rhone-boycotte-linauguration-dun-batiment-baptise-en-hommage-a-une-militante-du-fln","status":"publish","type":"post","link":"https:\/\/www.europesays.com\/fr\/345094\/","title":{"rendered":"La pr\u00e9fecture du Rh\u00f4ne boycotte l&rsquo;inauguration d&rsquo;un b\u00e2timent baptis\u00e9 en hommage \u00e0 une militante du FLN"},"content":{"rendered":"<p>Aucun repr\u00e9sentant de l&rsquo;\u00c9tat n&rsquo;a assist\u00e9 \u00e0 l&rsquo;inauguration d&rsquo;un nouvel \u00e9quipement polyvalent \u00e0 V\u00e9nissieux, ce mardi 26 ao\u00fbt. La pr\u00e9fecture s&rsquo;oppose au fait que le b\u00e2timent prenne le nom d&rsquo;Annie Steiner, ancienne militante du FLN.<\/p>\n<p>La <a href=\"https:\/\/www.bfmtv.com\/police-justice\/la-prefete-du-rhone-denonce-un-sentiment-d-impunite-d-algeriens-en-situation-irreguliere-interpelles-pour-delinquance_AD-202507300492.html\" title=\"La pr\u00e9f\u00e8te du Rh\u00f4ne d\u00e9nonce un &quot;sentiment d&#039;impunit\u00e9&quot; d&#039;Alg\u00e9riens en situation irr\u00e9guli\u00e8re interpell\u00e9s pour d\u00e9linquances\" class=\"internal_link\" rel=\"nofollow noopener\" target=\"_blank\">pr\u00e9f\u00e8cture du Rh\u00f4ne<\/a> d\u00e9plore, dans un communiqu\u00e9 publi\u00e9 ce mardi 26 ao\u00fbt, la d\u00e9nomination du nouvel \u00e9quipement polyvalent de la ville de V\u00e9nissieux, qui prendra le nom d&rsquo;Annie Steiner.<\/p>\n<p>Une militante active du FLN<\/p>\n<p>Le b\u00e2timent, qui \u00ab\u00a0comprend notamment un espace collaboratif de fabrication, une m\u00e9diath\u00e8que, un \u00e9quipement pour les jeunes de 11 \u00e0 17 ans\u00a0\u00bb, a \u00e9t\u00e9 inaugur\u00e9 ce mardi matin, en l&rsquo;absence de la pr\u00e9f\u00e8te.<\/p>\n<blockquote class=\"embed embed_quote\"><p>\u00ab\u00a0Aucun repr\u00e9sentant de l\u2019\u00c9tat n\u2019assistera \u00e0 cet \u00e9v\u00e9nement afin de signifier la d\u00e9sapprobation pleine et enti\u00e8re de la Pr\u00e9f\u00e8te du Rh\u00f4ne, Fabienne Buccio, concernant la d\u00e9cision de la commune de lier le nom d\u2019Annie Steiner \u00e0 cet \u00e9quipement\u00a0\u00bb, est-il notamment \u00e9crit.<\/p><\/blockquote>\n<p>D\u00e9c\u00e9d\u00e9e en avril 2021, Annie Steiner \u00e9tait une militante alg\u00e9rienne du Front de Lib\u00e9ration Nationale (FLN), qui a lutt\u00e9 pour la d\u00e9colonisation de l&rsquo;Alg\u00e9rie au cours des ann\u00e9es 1950.<\/p>\n<p>\u00ab\u00a0Complice de la lutte arm\u00e9e\u00a0\u00bb<\/p>\n<p>D&rsquo;apr\u00e8s la pr\u00e9fecture, celle-ci est accus\u00e9e d&rsquo;avoir \u00e9t\u00e9 \u00ab\u00a0complice, \u00e0 l&rsquo;\u00e9poque, de la lutte arm\u00e9e\u00a0\u00bb. L&rsquo;implication plus ou moins directe d&rsquo;Annie Steiner dans les divers attentats commis par le FLN est \u00e9galement mise en cause.<\/p>\n<p>La pr\u00e9fecture, qui rappelle que l&rsquo;\u00c9tat a soutenu le projet d&rsquo;\u00e9quipement polyvalent \u00e0 hauteur de 1,7 million d&rsquo;euros, estime qu'\u00a0\u00bbun autre nom, davantage synonyme de concorde, de culture et d\u2019entente, conviendrait mieux \u00e0 un \u00e9quipement de cette nature\u00a0\u00bb.<\/p>\n<p>Aupr\u00e8s <a href=\"https:\/\/www.leprogres.fr\/politique\/2025\/08\/26\/a-venissieux-la-mairie-rend-hommage-a-annie-steiner-militante-du-fln\" target=\"_blank\" class=\"external_link\" rel=\"nofollow noopener\">du Progr\u00e8s<\/a>, la municipalit\u00e9 communiste estime de son c\u00f4t\u00e9 qu&rsquo;Annie Steiner est \u00ab\u00a0le symbole d&rsquo;une passerelle entre l&rsquo;Alg\u00e9rie et la France\u00a0\u00bb.<\/p>\n","protected":false},"excerpt":{"rendered":"Aucun repr\u00e9sentant de l&rsquo;\u00c9tat n&rsquo;a assist\u00e9 \u00e0 l&rsquo;inauguration d&rsquo;un nouvel \u00e9quipement polyvalent \u00e0 V\u00e9nissieux, ce mardi 26 ao\u00fbt.&hellip;\n","protected":false},"author":2,"featured_media":345095,"comment_status":"","ping_status":"","sticky":false,"template":"","format":"standard","meta":{"footnotes":""},"categories":[1889],"tags":[1111,11,2430,1777,674,1011,27,2428,12,25],"class_list":{"0":"post-345094","1":"post","2":"type-post","3":"status-publish","4":"format-standard","5":"has-post-thumbnail","7":"category-lyon","8":"tag-actu","9":"tag-actualites","10":"tag-auvergne-rhone-alpes","11":"tag-eu","12":"tag-europe","13":"tag-fr","14":"tag-france","15":"tag-lyon","16":"tag-news","17":"tag-republique-francaise"},"share_on_mastodon":{"url":"https:\/\/pubeurope.com\/@fr\/115094956581805077","error":""},"_links":{"self":[{"href":"https:\/\/www.europesays.com\/fr\/wp-json\/wp\/v2\/posts\/345094","targetHints":{"allow":["GET"]}}],"collection":[{"href":"https:\/\/www.europesays.com\/fr\/wp-json\/wp\/v2\/posts"}],"about":[{"href":"https:\/\/www.europesays.com\/fr\/wp-json\/wp\/v2\/types\/post"}],"author":[{"embeddable":true,"href":"https:\/\/www.europesays.com\/fr\/wp-json\/wp\/v2\/users\/2"}],"replies":[{"embeddable":true,"href":"https:\/\/www.europesays.com\/fr\/wp-json\/wp\/v2\/comments?post=345094"}],"version-history":[{"count":0,"href":"https:\/\/www.europesays.com\/fr\/wp-json\/wp\/v2\/posts\/345094\/revisions"}],"wp:featuredmedia":[{"embeddable":true,"href":"https:\/\/www.europesays.com\/fr\/wp-json\/wp\/v2\/media\/345095"}],"wp:attachment":[{"href":"https:\/\/www.europesays.com\/fr\/wp-json\/wp\/v2\/media?parent=345094"}],"wp:term":[{"taxonomy":"category","embeddable":true,"href":"https:\/\/www.europesays.com\/fr\/wp-json\/wp\/v2\/categories?post=345094"},{"taxonomy":"post_tag","embeddable":true,"href":"https:\/\/www.europesays.com\/fr\/wp-json\/wp\/v2\/tags?post=345094"}],"curies":[{"name":"wp","href":"https:\/\/api.w.org\/{rel}","templated":true}]}}