{"id":345096,"date":"2025-08-26T12:00:17","date_gmt":"2025-08-26T12:00:17","guid":{"rendered":"https:\/\/www.europesays.com\/fr\/345096\/"},"modified":"2025-08-26T12:00:17","modified_gmt":"2025-08-26T12:00:17","slug":"les-deplacements-de-lom-sont-tres-frequemment-sources-de-troubles-a-lordre-public-les-supporters-marseillais-interdits-a-lyon","status":"publish","type":"post","link":"https:\/\/www.europesays.com\/fr\/345096\/","title":{"rendered":"\u00ab\u00a0Les d\u00e9placements de l\u2019OM sont tr\u00e8s fr\u00e9quemment sources de troubles \u00e0 l&rsquo;ordre public\u00a0\u00bb, les supporters marseillais interdits \u00e0 Lyon"},"content":{"rendered":"<p>Les supporters marseillais sont interdits de se rendre dimanche dans le centre-ville de Lyon, ainsi qu&rsquo;aux abords et dans le stade de D\u00e9cines-Charpieu, o\u00f9 l&rsquo;OL et l&rsquo;OM s&rsquo;affronteront lors de la 3e journ\u00e9e de Ligue 1, selon un arr\u00eat\u00e9 pr\u00e9fectoral.<\/p>\n<p>\u00ab\u00a0Les d\u00e9placements de <a href=\"https:\/\/rmcsport.bfmtv.com\/football\/clubs\/olympique-marseille\/om-se-desolidariser-des-propos-de-son-entourage-la-cle-du-dossier-adrien-rabiot_AV-202508250776.html\" title=\"OM: se d\u00e9solidariser des propos de son entourage, la cl\u00e9 du dossier Adrien Rabiot\" class=\"internal_link\" rel=\"nofollow noopener\" target=\"_blank\">l&rsquo;Olympique de Marseille<\/a> sont tr\u00e8s fr\u00e9quemment sources de troubles \u00e0 l&rsquo;ordre public\u00a0\u00bb, justifie la pr\u00e9f\u00e8te du Rh\u00f4ne dans cet arr\u00eat\u00e9, en citant des violences survenues \u00e0 Auxerre, Toulouse ou encore Montpellier ces derni\u00e8res ann\u00e9es. \u00ab\u00a0Il existe un antagonisme fort et ancien entre les supporters\u00a0\u00bb de Marseille et Lyon, ajoute-t-elle, alors que l'\u00a0\u00bbOlympico\u00a0\u00bb est un des grands rendez-vous sportifs en Ligue 1.<\/p>\n<p>La pr\u00e9f\u00e8te cite les cas Payet et Grosso<\/p>\n<p>La pr\u00e9f\u00e8te rappelle que <a href=\"https:\/\/rmcsport.bfmtv.com\/football\/dimitri-payet_DN-202108310505.html\" title=\"Dimitri Payet\" class=\"internal_link\" rel=\"nofollow noopener\" target=\"_blank\">Dimitri Payet<\/a>, alors joueur de l&rsquo;OM, avait re\u00e7u une bouteille en plastique dans le stade de Lyon en 2021, et que l&rsquo;ex-entra\u00eeneur de l&rsquo;OL, <a href=\"https:\/\/rmcsport.bfmtv.com\/football\/ligue-1\/j-ai-compris-ce-que-signifie-mourir-sur-le-coup-les-souvenirs-de-fabio-grosso-sur-sa-blessure-au-visage-avant-om-ol_AV-202503260354.html\" title=\"&quot;J&#039;ai compris ce que signifie &#039;mourir sur le coup&#039;&quot;: les souvenirs de Fabio Grosso sur sa blessure au visage avant OM-OL\" class=\"internal_link\" rel=\"nofollow noopener\" target=\"_blank\">Fabio Grosso<\/a>, avait \u00e9t\u00e9 bless\u00e9 au visage en 2023 par un jet de projectile sur le bus de l&rsquo;\u00e9quipe en d\u00e9placement \u00e0 Marseille.<\/p>\n<p>\u00ab\u00a0Il convient d\u00e8s lors de limiter la libert\u00e9 d&rsquo;aller et venir de toute personne se pr\u00e9valant de la qualit\u00e9 de supporter de l&rsquo;Olympique de Marseille ou se comportant comme tel sur le territoire de la ville de Lyon, aux alentours et dans l&rsquo;enceinte du Groupama Stadium\u00a0\u00bb, selon son arr\u00eat\u00e9.<\/p>\n<p>Les p\u00e9tards, projectiles et boissons alcoolis\u00e9es sont \u00e9galement interdits dimanche dans et autour du stade, o\u00f9 la rencontre doit d\u00e9buter \u00e0 20h45.<\/p>\n<p>Mathieu Idiart avec AFP Journaliste RMC Sport<\/p>\n","protected":false},"excerpt":{"rendered":"Les supporters marseillais sont interdits de se rendre dimanche dans le centre-ville de Lyon, ainsi qu&rsquo;aux abords et&hellip;\n","protected":false},"author":2,"featured_media":345097,"comment_status":"","ping_status":"","sticky":false,"template":"","format":"standard","meta":{"footnotes":""},"categories":[1889],"tags":[1111,11,2430,1777,674,1011,27,2428,12,25],"class_list":{"0":"post-345096","1":"post","2":"type-post","3":"status-publish","4":"format-standard","5":"has-post-thumbnail","7":"category-lyon","8":"tag-actu","9":"tag-actualites","10":"tag-auvergne-rhone-alpes","11":"tag-eu","12":"tag-europe","13":"tag-fr","14":"tag-france","15":"tag-lyon","16":"tag-news","17":"tag-republique-francaise"},"share_on_mastodon":{"url":"https:\/\/pubeurope.com\/@fr\/115094960356258738","error":""},"_links":{"self":[{"href":"https:\/\/www.europesays.com\/fr\/wp-json\/wp\/v2\/posts\/345096","targetHints":{"allow":["GET"]}}],"collection":[{"href":"https:\/\/www.europesays.com\/fr\/wp-json\/wp\/v2\/posts"}],"about":[{"href":"https:\/\/www.europesays.com\/fr\/wp-json\/wp\/v2\/types\/post"}],"author":[{"embeddable":true,"href":"https:\/\/www.europesays.com\/fr\/wp-json\/wp\/v2\/users\/2"}],"replies":[{"embeddable":true,"href":"https:\/\/www.europesays.com\/fr\/wp-json\/wp\/v2\/comments?post=345096"}],"version-history":[{"count":0,"href":"https:\/\/www.europesays.com\/fr\/wp-json\/wp\/v2\/posts\/345096\/revisions"}],"wp:featuredmedia":[{"embeddable":true,"href":"https:\/\/www.europesays.com\/fr\/wp-json\/wp\/v2\/media\/345097"}],"wp:attachment":[{"href":"https:\/\/www.europesays.com\/fr\/wp-json\/wp\/v2\/media?parent=345096"}],"wp:term":[{"taxonomy":"category","embeddable":true,"href":"https:\/\/www.europesays.com\/fr\/wp-json\/wp\/v2\/categories?post=345096"},{"taxonomy":"post_tag","embeddable":true,"href":"https:\/\/www.europesays.com\/fr\/wp-json\/wp\/v2\/tags?post=345096"}],"curies":[{"name":"wp","href":"https:\/\/api.w.org\/{rel}","templated":true}]}}