{"id":345109,"date":"2025-08-26T12:08:14","date_gmt":"2025-08-26T12:08:14","guid":{"rendered":"https:\/\/www.europesays.com\/fr\/345109\/"},"modified":"2025-08-26T12:08:14","modified_gmt":"2025-08-26T12:08:14","slug":"guerre-en-ukraine-un-drone-de-combat-errant-vraisemblablement-ukrainien-explose-en-estonie-pas-de-victimes-declarees","status":"publish","type":"post","link":"https:\/\/www.europesays.com\/fr\/345109\/","title":{"rendered":"Guerre en Ukraine\u00a0: un drone de combat errant, vraisemblablement ukrainien, explose en Estonie, pas de victimes d\u00e9clar\u00e9es"},"content":{"rendered":"<p>Un drone de combat, vraisemblablement ukrainien, d\u00e9vi\u00e9 de sa trajectoire, s\u2019est \u00e9cras\u00e9 et a explos\u00e9 en Estonie, pays voisin de la Russie, sans faire de victimes, ont annonc\u00e9 mardi les responsables de ce pays balte alli\u00e9 ferme de l\u2019Ukraine.<\/p>\n<p>Des morceaux de ce drone ont \u00e9t\u00e9 retrouv\u00e9s par un agriculteur \u00e0 Elva, pr\u00e8s de Tartu (sud-est), \u00e0 environ 75\u00a0km de la fronti\u00e8re russo-estonienne, et un crat\u00e8re d\u2019explosion a \u00e9galement \u00e9t\u00e9 identifi\u00e9 sur les lieux.<\/p>\n<p>\u00ab\u00a0Sur la base de donn\u00e9es tr\u00e8s pr\u00e9liminaires, nous avons des raisons de croire qu\u2019il s\u2019agissait d\u2019un drone ukrainien visant des cibles sur le territoire russe\u00a0\u00bb, a d\u00e9clar\u00e9 mardi Margo Palloson, directeur g\u00e9n\u00e9ral du Service de s\u00e9curit\u00e9 int\u00e9rieure (ISS) estonien.<\/p>\n<p>Selon lui, l\u2019appareil a pu \u00eatre \u00ab\u00a0d\u00e9vi\u00e9 de sa trajectoire par des brouillages GPS russes et d\u2019autres moyens de guerre \u00e9lectroniques, ce qui l\u2019a fait p\u00e9n\u00e9trer dans l\u2019espace a\u00e9rien estonien\u00a0\u00bb.<\/p>\n<p>Dans un message sur X, le Premier ministre estonien Kristen Michal a rappel\u00e9 que la Russie utilise depuis longtemps des brouillages GPS \u00ab\u00a0pour perturber le trafic a\u00e9rien et maritime dans la r\u00e9gion\u00a0\u00bb.<\/p>\n<p>Les pays voisins de la Russie et de l\u2019Ukraine, ont signal\u00e9 \u00e0 plusieurs reprises des entr\u00e9es de drones en provenance des territoires des deux bellig\u00e9rants.<\/p>\n<p>La semaine derni\u00e8re le ministre polonais de la D\u00e9fense a d\u00e9nonc\u00e9 une \u00ab\u00a0provocation\u00a0\u00bb russe envers la Pologne et l\u2019Otan, apr\u00e8s la chute et l\u2019explosion d\u2019un drone russe dans un champ dans l\u2019est du pays, qui n\u2019a pas non plus fait de victime.<\/p>\n<p>Varsovie a rappel\u00e9 \u00e0 l\u2019occasion que des incidents impliquant des drones se sont produits aussi en Roumanie, en Lituanie et en Lettonie et que des violations de l\u2019espace a\u00e9rien ont eu lieu \u00ab\u00a0dans presque tous les pays de l\u2019Otan, en particulier en Scandinavie, dans les pays baltes, ainsi qu\u2019en Pologne, en Roumanie et en Bulgarie\u00a0\u00bb.<\/p>\n","protected":false},"excerpt":{"rendered":"Un drone de combat, vraisemblablement ukrainien, d\u00e9vi\u00e9 de sa trajectoire, s\u2019est \u00e9cras\u00e9 et a explos\u00e9 en Estonie, pays&hellip;\n","protected":false},"author":2,"featured_media":345110,"comment_status":"","ping_status":"","sticky":false,"template":"","format":"standard","meta":{"footnotes":""},"categories":[1590],"tags":[11,1777,674,12,220],"class_list":{"0":"post-345109","1":"post","2":"type-post","3":"status-publish","4":"format-standard","5":"has-post-thumbnail","7":"category-ukraine","8":"tag-actualites","9":"tag-eu","10":"tag-europe","11":"tag-news","12":"tag-ukraine"},"share_on_mastodon":{"url":"https:\/\/pubeurope.com\/@fr\/115094991953351588","error":""},"_links":{"self":[{"href":"https:\/\/www.europesays.com\/fr\/wp-json\/wp\/v2\/posts\/345109","targetHints":{"allow":["GET"]}}],"collection":[{"href":"https:\/\/www.europesays.com\/fr\/wp-json\/wp\/v2\/posts"}],"about":[{"href":"https:\/\/www.europesays.com\/fr\/wp-json\/wp\/v2\/types\/post"}],"author":[{"embeddable":true,"href":"https:\/\/www.europesays.com\/fr\/wp-json\/wp\/v2\/users\/2"}],"replies":[{"embeddable":true,"href":"https:\/\/www.europesays.com\/fr\/wp-json\/wp\/v2\/comments?post=345109"}],"version-history":[{"count":0,"href":"https:\/\/www.europesays.com\/fr\/wp-json\/wp\/v2\/posts\/345109\/revisions"}],"wp:featuredmedia":[{"embeddable":true,"href":"https:\/\/www.europesays.com\/fr\/wp-json\/wp\/v2\/media\/345110"}],"wp:attachment":[{"href":"https:\/\/www.europesays.com\/fr\/wp-json\/wp\/v2\/media?parent=345109"}],"wp:term":[{"taxonomy":"category","embeddable":true,"href":"https:\/\/www.europesays.com\/fr\/wp-json\/wp\/v2\/categories?post=345109"},{"taxonomy":"post_tag","embeddable":true,"href":"https:\/\/www.europesays.com\/fr\/wp-json\/wp\/v2\/tags?post=345109"}],"curies":[{"name":"wp","href":"https:\/\/api.w.org\/{rel}","templated":true}]}}