{"id":345111,"date":"2025-08-26T12:09:16","date_gmt":"2025-08-26T12:09:16","guid":{"rendered":"https:\/\/www.europesays.com\/fr\/345111\/"},"modified":"2025-08-26T12:09:16","modified_gmt":"2025-08-26T12:09:16","slug":"apres-les-etats-unis-lincrevable-erin-sattaque-aux-alpes","status":"publish","type":"post","link":"https:\/\/www.europesays.com\/fr\/345111\/","title":{"rendered":"Apr\u00e8s les \u00c9tats-Unis, l&rsquo;increvable Erin s&rsquo;attaque aux Alpes"},"content":{"rendered":"<p>Publi\u00e9 le 26 ao\u00fbt 2025 \u00e0 11h58<\/p>\n<p>Erin est n\u00e9 au large de l&rsquo;Afrique, s&rsquo;est d\u00e9velopp\u00e9 \u00e0 un rythme fulgurant, a inond\u00e9 les c\u00f4tes \u00e9tats-uniennes sans m\u00eame les toucher, puis se pr\u00e9pare \u00e0 s\u00e9vir jusque dans les Alpes apr\u00e8s un p\u00e9riple de plus de 13 000 km. Itin\u00e9raire d&rsquo;une temp\u00eate hors-norme.<\/p>\n<p>Tr\u00e8s long p\u00e9riple<\/p>\n<p>L\u2019\u00e9t\u00e9\u202f2025 aura vu s\u2019\u00e9lancer Erin, un ouragan exceptionnel par sa taille et sa rapidit\u00e9 de renforcement, depuis les eaux tropicales jusqu\u2019\u00e0 l\u2019Atlantique nord. Apr\u00e8s avoir esquiv\u00e9 la c\u00f4te est des \u00c9tats-Unis, mais non sans causer de s\u00e9rieux probl\u00e8mes, Erin se mue d\u00e9sormais en une puissante zone de basse pression post-tropicale, dont les effets sont attendus sur le Royaume-Uni, l&rsquo;Espagne, la France, la Belgique, et m\u00eame l&rsquo;Italie, l&rsquo;Allemagne, la Suisse et l&rsquo;Autriche.<\/p>\n<p><img url=\"\/\/images.twnmm.com\/c55i45ef3o2a\/1v27EpRlIPDBexyvNcwhdP\/994acb4b86ed3b710d5802e226e96a8b\/ERIN1.jpg\" alt=\"ERIN1\" loading=\"lazy\" decoding=\"async\" data-nimg=\"fill\" style=\"position:absolute;height:100%;width:100%;left:0;top:0;right:0;bottom:0;object-fit:contain;object-position:center center;color:transparent\"   src=\"https:\/\/www.europesays.com\/fr\/wp-content\/uploads\/2025\/08\/ERIN1.jpg\"\/>Des vagues g\u00e9antes<\/p>\n<p>Les restes d\u2019Erin devraient passer \u00e0 l\u2019ouest de l\u2019Irlande d\u00e8s lundi, g\u00e9n\u00e9rant une semaine de temps frais, humide et instable sur l\u2019Europe occidentale. Des bandes pluvieuses accompagn\u00e9es de vents soutenus sont pr\u00e9vues. Les c\u00f4tes d\u2019Irlande, de France, d\u2019Espagne et du Portugal pourraient voir l\u2019arriv\u00e9e de houles tr\u00e8s imposantes, dignes des vagues hivernales, d\u00e9fiant les normes estivales. Des endroits comme Nazar\u00e9 au Portugal, reconnu pour ses gigantesques vagues tr\u00e8s pris\u00e9es par les experts de surf, pourraient conna\u00eetre un v\u00e9ritable d\u00e9cha\u00eenement de vagues g\u00e9antes allant jusqu&rsquo;\u00e0 5 m\u00e8tres.<\/p>\n<p><img url=\"\/\/images.twnmm.com\/c55i45ef3o2a\/7jmUodbR6VLQ2xbIUqK9i\/a93f8761ef130a4220c2c23849e40bf9\/ERIN2.jpg\" alt=\"ERIN2\" loading=\"lazy\" decoding=\"async\" data-nimg=\"fill\" style=\"position:absolute;height:100%;width:100%;left:0;top:0;right:0;bottom:0;object-fit:contain;object-position:center center;color:transparent\"   src=\"https:\/\/www.europesays.com\/fr\/wp-content\/uploads\/2025\/08\/ERIN2.jpg\"\/>Jusqu&rsquo;aux Alpes<\/p>\n<p>M\u00eame si Erin est d\u00e9sormais un syst\u00e8me en pleine d\u00e9perdition tropicale, son influence ne s\u2019arr\u00eate pas aux plaines. En interagissant avec le courant-jet et les hautes cha\u00eenes, ses restes pourraient provoquer une hausse notable des pr\u00e9cipitations en altitude, avec des averses orographiques sur les Alpes. Il y a \u00e9galement un risque localis\u00e9 de crues \u00e9clairs sur les versants expos\u00e9s, notamment au sud et \u00e0 l\u2019ouest des Alpes, o\u00f9 les pluies pourraient s\u2019intensifier. De forts vents sont \u00e9galement attendus dans plusieurs secteurs. Dans toute la France, les rafales pourraient atteindre 80 km\/h vendredi apr\u00e8s-midi.<\/p>\n<p><img url=\"\/\/images.twnmm.com\/c55i45ef3o2a\/7of9INSj5px8fdXgHKZilY\/61ef477087bf9a0b2f9f99198e0ab5a1\/ERIN3.jpg\" alt=\"ERIN3\" loading=\"lazy\" decoding=\"async\" data-nimg=\"fill\" style=\"position:absolute;height:100%;width:100%;left:0;top:0;right:0;bottom:0;object-fit:contain;object-position:center center;color:transparent\"   src=\"https:\/\/www.europesays.com\/fr\/wp-content\/uploads\/2025\/08\/ERIN3.jpg\"\/>Bon \u00e0 savoir :<\/p>\n<p>Les averses orographiques surviennent lorsqu\u2019une masse d\u2019air humide est forc\u00e9e de s\u2019\u00e9lever en rencontrant un relief, comme une cha\u00eene de montagnes. En montant, l\u2019air se refroidit, ce qui condense la vapeur d\u2019eau et d\u00e9clenche la formation de nuages et de pr\u00e9cipitations sur le versant expos\u00e9 au vent. Plus l\u2019air est charg\u00e9 d\u2019humidit\u00e9 et plus le relief est abrupt, plus les pluies peuvent \u00eatre intenses. De l\u2019autre c\u00f4t\u00e9 de la montagne, sur le versant \u00ab sous le vent \u00bb, l\u2019air redescend, se r\u00e9chauffe et s\u2019ass\u00e8che, cr\u00e9ant souvent une zone beaucoup plus s\u00e8che, connue sous le nom d\u2019ombre pluviom\u00e9trique.<\/p>\n<p><img url=\"\/\/images.twnmm.com\/c55i45ef3o2a\/64RFSW2yZa4eQaGpakOmgl\/4ad5c466433f48f5bf94dca36aaa7d02\/ERIN4.jpg\" alt=\"ERIN4\" loading=\"lazy\" decoding=\"async\" data-nimg=\"fill\" style=\"position:absolute;height:100%;width:100%;left:0;top:0;right:0;bottom:0;object-fit:contain;object-position:center center;color:transparent\"   src=\"https:\/\/www.europesays.com\/fr\/wp-content\/uploads\/2025\/08\/ERIN4.jpg\"\/>Un rappel<\/p>\n<p>Cette situation rappelle que m\u00eame un ouragan d\u00e9samorc\u00e9 peut provoquer des r\u00e9actions climatiques en altitude, notamment en accentuant le contraste entre l\u2019air doux des basses couches et les masses froides qui remontent depuis la M\u00e9diterran\u00e9e. Depuis sa naissance dans les tropiques jusqu\u2019\u00e0 sa finale en d\u00e9pression post-tropicale, Erin nous rappelle la puissance et la mobilit\u00e9 des ph\u00e9nom\u00e8nes m\u00e9t\u00e9o extr\u00eames.<\/p>\n<p>Avec la collaboration de Nicolas Lessard, m\u00e9t\u00e9orologue.<\/p>\n<p>IMAGES SAISISSANTES : un orage se d\u00e9cha\u00eene au Saguenay<\/p>\n","protected":false},"excerpt":{"rendered":"Publi\u00e9 le 26 ao\u00fbt 2025 \u00e0 11h58 Erin est n\u00e9 au large de l&rsquo;Afrique, s&rsquo;est d\u00e9velopp\u00e9 \u00e0 un&hellip;\n","protected":false},"author":2,"featured_media":345112,"comment_status":"","ping_status":"","sticky":false,"template":"","format":"standard","meta":{"footnotes":""},"categories":[1589],"tags":[11,73,1866,12,24246,1864,1865,1863,308],"class_list":{"0":"post-345111","1":"post","2":"type-post","3":"status-publish","4":"format-standard","5":"has-post-thumbnail","7":"category-etats-unis","8":"tag-actualites","9":"tag-etats-unis","10":"tag-etats-unis-damerique","11":"tag-news","12":"tag-ouragans","13":"tag-united-states","14":"tag-united-states-of-america","15":"tag-us","16":"tag-usa"},"share_on_mastodon":{"url":"https:\/\/pubeurope.com\/@fr\/115094996477739486","error":""},"_links":{"self":[{"href":"https:\/\/www.europesays.com\/fr\/wp-json\/wp\/v2\/posts\/345111","targetHints":{"allow":["GET"]}}],"collection":[{"href":"https:\/\/www.europesays.com\/fr\/wp-json\/wp\/v2\/posts"}],"about":[{"href":"https:\/\/www.europesays.com\/fr\/wp-json\/wp\/v2\/types\/post"}],"author":[{"embeddable":true,"href":"https:\/\/www.europesays.com\/fr\/wp-json\/wp\/v2\/users\/2"}],"replies":[{"embeddable":true,"href":"https:\/\/www.europesays.com\/fr\/wp-json\/wp\/v2\/comments?post=345111"}],"version-history":[{"count":0,"href":"https:\/\/www.europesays.com\/fr\/wp-json\/wp\/v2\/posts\/345111\/revisions"}],"wp:featuredmedia":[{"embeddable":true,"href":"https:\/\/www.europesays.com\/fr\/wp-json\/wp\/v2\/media\/345112"}],"wp:attachment":[{"href":"https:\/\/www.europesays.com\/fr\/wp-json\/wp\/v2\/media?parent=345111"}],"wp:term":[{"taxonomy":"category","embeddable":true,"href":"https:\/\/www.europesays.com\/fr\/wp-json\/wp\/v2\/categories?post=345111"},{"taxonomy":"post_tag","embeddable":true,"href":"https:\/\/www.europesays.com\/fr\/wp-json\/wp\/v2\/tags?post=345111"}],"curies":[{"name":"wp","href":"https:\/\/api.w.org\/{rel}","templated":true}]}}