{"id":345118,"date":"2025-08-26T12:13:10","date_gmt":"2025-08-26T12:13:10","guid":{"rendered":"https:\/\/www.europesays.com\/fr\/345118\/"},"modified":"2025-08-26T12:13:10","modified_gmt":"2025-08-26T12:13:10","slug":"les-nouvelles-menaces-de-donald-trump-contre-la-chine-et-lunion-europeenne-lexpress","status":"publish","type":"post","link":"https:\/\/www.europesays.com\/fr\/345118\/","title":{"rendered":"les nouvelles menaces de Donald Trump contre la Chine et l\u2019Union europ\u00e9enne \u2013 L&rsquo;Express"},"content":{"rendered":"<p class=\"paragraph article-body-paragraph article__item   article-body-paragraph--first \">Donald Trump n\u2019en a pas fini avec les surtaxes. Le pr\u00e9sident am\u00e9ricain a menac\u00e9 lundi 25 ao\u00fbt d\u2019imposer de nouveaux <a href=\"https:\/\/www.lexpress.fr\/monde\/asie\/droits-de-douane-donald-trump-a-pousse-linde-dans-les-bras-de-la-chine-PZMIK3CLVJHRVDGLF2E6S2AFOE\/\" target=\"_blank\" rel=\"noreferrer noopener\" title=\"https:\/\/www.lexpress.fr\/monde\/asie\/droits-de-douane-donald-trump-a-pousse-linde-dans-les-bras-de-la-chine-PZMIK3CLVJHRVDGLF2E6S2AFOE\/\">droits de douane<\/a> et des restrictions \u00e0 l\u2019exportation aux pays qui, selon lui, ciblent les entreprises technologiques am\u00e9ricaines. Il a aussi mis la pression sur la Chine pour qu\u2019elle augmente ses exportations d\u2019aimants en terres rares vers les \u00c9tats-Unis.<\/p>\n<p class=\"paragraph article-body-paragraph article__item   \">\u00ab\u00a0Les taxes ou la l\u00e9gislation sur les services num\u00e9riques, et les r\u00e9glementations sur les march\u00e9s num\u00e9riques, sont toutes con\u00e7ues pour discriminer ou nuire \u00e0 la technologie am\u00e9ricaine\u00a0\u00bb, a \u00e9crit <a href=\"https:\/\/www.lexpress.fr\/monde\/amerique\/donald-trump_1702460.html\" target=\"_blank\" rel=\"noreferrer noopener\" title=\"https:\/\/www.lexpress.fr\/monde\/amerique\/donald-trump_1702460.html\">Donald Trump<\/a> sur sa plateforme Truth Social. Ses commentaires semblent viser les pays europ\u00e9ens et les organisations qui ont adopt\u00e9 des lois r\u00e9glementant le web.<\/p>\n<p><strong class=\"article-body-link-list__item text-gray-800 article-body-link-list__item--one-item\">LIRE AUSSI : <a class=\"article-body-link-list__item-link\" href=\"https:\/\/www.lexpress.fr\/economie\/politique-economique\/personne-ne-sait-comment-appliquer-les-accords-le-casse-tete-de-lindustrie-europeenne-des-semi-MSFHJJ7W2RHUVKYXFTG7QDWDJ4\/\" target=\"_blank\" rel=\"noreferrer noopener\">Face aux barri\u00e8res douani\u00e8res de Donald Trump, le casse-t\u00eate de l\u2019industrie europ\u00e9enne des semi-conducteurs<\/a><\/strong><\/p>\n<p class=\"paragraph article-body-paragraph article__item   \">L\u2019Union europ\u00e9enne, par exemple, dispose de la <a href=\"https:\/\/www.lexpress.fr\/economie\/high-tech\/facebook-google-ce-que-change-le-reglement-sur-les-marches-numeriques-pour-les-internautes-H3VGMHOK7ZBZ5J5LVRI4HSXB3M\/\" target=\"_blank\" rel=\"noreferrer noopener\" title=\"https:\/\/www.lexpress.fr\/economie\/high-tech\/facebook-google-ce-que-change-le-reglement-sur-les-marches-numeriques-pour-les-internautes-H3VGMHOK7ZBZ5J5LVRI4HSXB3M\/\">l\u00e9gislation<\/a> sur les march\u00e9s num\u00e9riques (DMA) et de la r\u00e9glementation sur les services num\u00e9riques (DSA), qui concernent la concurrence et la mod\u00e9ration des contenus. Le Royaume-Uni impose \u00e9galement une taxe sur les services num\u00e9riques. A moins que ces \u00ab\u00a0mesures discriminatoires\u00a0\u00bb ne soient supprim\u00e9es, <a href=\"https:\/\/www.lexpress.fr\/monde\/amerique\/donald-trump_1702460.html\" target=\"_blank\" rel=\"noreferrer noopener\" title=\"https:\/\/www.lexpress.fr\/monde\/amerique\/donald-trump_1702460.html\">Donald Trump<\/a> n\u2019exclut pas d\u2019imposer \u00ab\u00a0des droits de douane suppl\u00e9mentaires substantiels\u00a0\u00bb sur les produits de ces pays, ni d\u2019instaurer des \u00ab\u00a0restrictions \u00e0 l\u2019exportation de nos technologies et nos puces hautement prot\u00e9g\u00e9es\u00a0\u00bb. \u00ab\u00a0L\u2019Am\u00e9rique et les entreprises technologiques am\u00e9ricaines ne sont plus ni la tirelire, ni le paillasson du monde \u00ab\u00a0, a-t-il ajout\u00e9.<\/p>\n<p class=\"paragraph article-body-paragraph article__item   \">Bruxelles a r\u00e9pondu ce mardi, disant avoir le \u00ab\u00a0droit souverain\u00a0\u00bb de r\u00e9glementer la tech. La Commission europ\u00e9enne a aussi \u00ab\u00a0fermement r\u00e9fut\u00e9\u00a0\u00bb l\u2019accusation selon laquelle les entreprises am\u00e9ricaines \u00e9taient d\u00e9lib\u00e9r\u00e9ment vis\u00e9es par ces r\u00e8gles sur le num\u00e9rique, les qualifiant de \u00ab\u00a0totalement erron\u00e9es\u00a0\u00bb.<\/p>\n<p>Donald Trump en soutien de la tech<\/p>\n<p class=\"paragraph article-body-paragraph article__item   \">Bien que Donald Trump soit parfois entr\u00e9 <a href=\"https:\/\/www.lexpress.fr\/monde\/amerique\/etats-unis-pourquoi-donald-trump-sattaque-au-patron-dintel-HM7POB6AXZEQLOJX54YRGXBV2A\/\" target=\"_blank\" rel=\"noreferrer noopener\" title=\"https:\/\/www.lexpress.fr\/monde\/amerique\/etats-unis-pourquoi-donald-trump-sattaque-au-patron-dintel-HM7POB6AXZEQLOJX54YRGXBV2A\/\">en conflit<\/a> avec les grandes entreprises technologiques concernant la censure et d\u2019autres affaires nationales, son administration a d\u00e9fendu leur cause dans le cadre de plusieurs n\u00e9gociations commerciales, rappelle le <a href=\"https:\/\/www.wsj.com\/politics\/policy\/trump-threatens-new-tariffs-on-countries-that-tax-tech-companies-cf5ae48f\" target=\"_blank\" rel=\"noreferrer noopener\" title=\"https:\/\/www.wsj.com\/politics\/policy\/trump-threatens-new-tariffs-on-countries-that-tax-tech-companies-cf5ae48f\">Wall Street Journal<\/a> (WSJ).<\/p>\n<p class=\"paragraph article-body-paragraph article__item   \">Plus t\u00f4t cette ann\u00e9e, le pr\u00e9sident am\u00e9ricain avait menac\u00e9 d\u2019imposer des tarifs douaniers plus \u00e9lev\u00e9s au Canada, le for\u00e7ant \u00e0 renoncer \u00e0 une proposition de taxe sur les services num\u00e9riques voulue par Ottawa. Celle-ci visait des multinationales am\u00e9ricaines telles qu\u2019Alphabet, Amazon et Meta. Les politiques num\u00e9riques europ\u00e9ennes ont \u00e9galement \u00e9t\u00e9 une question cl\u00e9 dans les <a href=\"https:\/\/www.lexpress.fr\/economie\/droits-de-douane-pourquoi-leurope-a-accepte-les-conditions-de-donald-trump-74RPZDCQYNEJLG45EA35KW3EVI\/\" target=\"_blank\" rel=\"noreferrer noopener\" title=\"https:\/\/www.lexpress.fr\/economie\/droits-de-douane-pourquoi-leurope-a-accepte-les-conditions-de-donald-trump-74RPZDCQYNEJLG45EA35KW3EVI\/\">n\u00e9gociations commerciales<\/a> entre Washington et Bruxelles, bien que le r\u00e9cent accord tarifaire entre les deux \u00e9conomies a sembl\u00e9 laisser la question en suspens.<\/p>\n<p><strong class=\"article-body-link-list__item text-gray-800 article-body-link-list__item--one-item\">LIRE AUSSI : <a class=\"article-body-link-list__item-link\" href=\"https:\/\/www.lexpress.fr\/economie\/politique-economique\/souverainete-numerique-leurope-au-pied-du-mur-face-aux-geants-americains-F2KA5RL4IZDDVDP75F5CADPJNU\/\" target=\"_blank\" rel=\"noreferrer noopener\">Souverainet\u00e9 num\u00e9rique : l&rsquo;Europe au pied du mur face aux g\u00e9ants am\u00e9ricains<\/a><\/strong><\/p>\n<p class=\"paragraph article-body-paragraph article__item   \">Brandie comme un autre moyen de pression, la menace de limiter les exportations de puces avanc\u00e9es &#8211; n\u00e9cessaires \u00e0 l\u2019entra\u00eenement des mod\u00e8les d\u2019intelligence artificielle &#8211; pourrait toutefois susciter l\u2019inqui\u00e9tude des entreprises am\u00e9ricaines de semi-conducteurs, souligne le WSJ. Des compagnies telles que <a href=\"https:\/\/www.lexpress.fr\/monde\/amerique\/nvidia-et-amd-verseront-a-washington-15-de-leurs-revenus-sur-la-vente-de-puces-ia-a-la-chine-FBP54XKFHZA43FQ46TYRZAHUWE\/\" target=\"_blank\" rel=\"noreferrer noopener\" title=\"https:\/\/www.lexpress.fr\/monde\/amerique\/nvidia-et-amd-verseront-a-washington-15-de-leurs-revenus-sur-la-vente-de-puces-ia-a-la-chine-FBP54XKFHZA43FQ46TYRZAHUWE\/\">Nvidia et Advanced Micro Devices<\/a> (AMD), par exemple, avaient salu\u00e9 la pr\u00e9c\u00e9dente d\u00e9cision de l\u2019administration Trump de limiter ce type de restrictions et d\u2019autoriser la libre circulation des semi-conducteurs dans le monde entier. D\u00e9but mai, Washington avait ainsi annul\u00e9 une <a href=\"https:\/\/www.lexpress.fr\/economie\/high-tech\/semi-conducteurs-derriere-le-colossal-plan-americain-une-nouvelle-geopolitique-se-dessine_2177970.html\" target=\"_blank\" rel=\"noreferrer noopener\" title=\"https:\/\/www.lexpress.fr\/economie\/high-tech\/semi-conducteurs-derriere-le-colossal-plan-americain-une-nouvelle-geopolitique-se-dessine_2177970.html\">r\u00e8gle de l\u2019\u00e8re Biden<\/a> qui restreignait le nombre de puces que de nombreux pays \u00e9trangers pouvaient acheter. P\u00e9kin, par exemple, avait notamment obtenu un assouplissement des exportations de semi-conducteurs de haute pr\u00e9cision en provenance des \u00c9tats-Unis \u00e0 la suite de cette mesure.<\/p>\n<p>Terres rares<\/p>\n<p class=\"paragraph article-body-paragraph article__item   \">Parall\u00e8lement, le pr\u00e9sident am\u00e9ricain a aussi revitalis\u00e9 le <a href=\"https:\/\/www.lexpress.fr\/economie\/droits-de-douane-si-donald-trump-veut-faire-nimporte-quoi-quil-le-fasse-TWTWH4VFR5CLXLTAHQVH5AFFSQ\/\" target=\"_blank\" rel=\"noreferrer noopener\" title=\"https:\/\/www.lexpress.fr\/economie\/droits-de-douane-si-donald-trump-veut-faire-nimporte-quoi-quil-le-fasse-TWTWH4VFR5CLXLTAHQVH5AFFSQ\/\">bras de fer commercial<\/a> avec la Chine. Lundi, lors d\u2019un point presse au bureau Ovale, il a notamment menac\u00e9 d\u2019augmenter les droits de douane sur les produits chinois entrant aux Etats-Unis si P\u00e9kin n\u2019acc\u00e9l\u00e9rait pas ses exportations d\u2019aimants en terres rares. \u00ab\u00a0Ils doivent nous donner des aimants. S\u2019ils ne nous en donnent pas alors nous leur imposerons des droits de douane autour de 200 %. Mais je pense que nous n\u2019aurons pas de probl\u00e8me avec \u00e7a\u00a0\u00bb, a d\u00e9clar\u00e9 Donald Trump.<\/p>\n<\/p>\n<p class=\"paragraph article-body-paragraph article__item   \">La Chine est le premier producteur mondial de <a href=\"https:\/\/www.lexpress.fr\/monde\/asie\/chine-un-quasi-monopole-sur-les-terres-rares-et-des-annees-de-ravage-sur-lenvironnement-6TQMXN5QYVCQ7OJAHBMEGJQ4UY\/\" target=\"_blank\" rel=\"noreferrer noopener\" title=\"https:\/\/www.lexpress.fr\/monde\/asie\/chine-un-quasi-monopole-sur-les-terres-rares-et-des-annees-de-ravage-sur-lenvironnement-6TQMXN5QYVCQ7OJAHBMEGJQ4UY\/\">terres rares<\/a>, qui permettent notamment de fabriquer des aimants essentiels \u00e0 l\u2019industrie automobile, l\u2019\u00e9lectronique ou encore l\u2019armement. Mais l\u2019\u00c9tat chinois a impos\u00e9 d\u00e9but avril une <a href=\"https:\/\/www.lexpress.fr\/monde\/asie\/terres-rares-face-aux-restrictions-a-lexportation-chinoise-les-fabricants-occidentaux-cherchent-des-RGPETSXCWVHHHFGQX4M2GRO2VU\/\" target=\"_blank\" rel=\"noreferrer noopener\" title=\"https:\/\/www.lexpress.fr\/monde\/asie\/terres-rares-face-aux-restrictions-a-lexportation-chinoise-les-fabricants-occidentaux-cherchent-des-RGPETSXCWVHHHFGQX4M2GRO2VU\/\">licence pour l\u2019exportation<\/a> de ces mat\u00e9riaux strat\u00e9giques, per\u00e7ue comme une mesure de r\u00e9torsion face aux droits de douane am\u00e9ricains.<\/p>\n<p class=\"paragraph article-body-paragraph article__item   \">P\u00e9kin et Washington s\u2019\u00e9taient alors lanc\u00e9s dans une v\u00e9ritable guerre commerciale, r\u00e9pondant chacun aux hausses de droits de douane de l\u2019autre, pour atteindre 125 % et 145 % de part et d\u2019autre. Depuis, les n\u00e9gociations entre les deux premi\u00e8res puissances mondiales ont permis d\u2019abaisser les tensions et le gouvernement chinois s\u2019est engag\u00e9 \u00e0 acc\u00e9l\u00e9rer la d\u00e9livrance de licences pour un certain nombre d\u2019entreprises am\u00e9ricaines.<\/p>\n<p>Un bras de fer qui \u00ab\u00a0d\u00e9truirait la Chine\u00a0\u00bb<\/p>\n<p class=\"paragraph article-body-paragraph article__item   \">\u00ab\u00a0Je pense que nous avons une relation g\u00e9niale avec la Chine, j\u2019ai parl\u00e9 assez r\u00e9cemment avec le pr\u00e9sident Xi (Jinping) et, \u00e0 un moment dans l\u2019ann\u00e9e, nous devrions nous rendre en Chine\u00a0\u00bb, a ajout\u00e9 Donald Trump. S\u2019il a reconnu que <a href=\"https:\/\/www.lexpress.fr\/economie\/la-chine-devant-les-etats-unis-en-2049-un-objectif-plus-que-jamais-contrarie-P6QV7FVFAFGDFBJD7JJQFFXTM4\/\" target=\"_blank\" rel=\"noreferrer noopener\" title=\"https:\/\/www.lexpress.fr\/economie\/la-chine-devant-les-etats-unis-en-2049-un-objectif-plus-que-jamais-contrarie-P6QV7FVFAFGDFBJD7JJQFFXTM4\/\">P\u00e9kin<\/a> disposait \u00ab\u00a0d\u2019atouts dans sa manche\u00a0\u00bb, il a cependant rappel\u00e9 que \u00ab\u00a0nous en avons d\u2019assez incroyables \u00e9galement. Mais je ne veux pas jouer ces cartes car si je le faisais, cela d\u00e9truirait la Chine\u00a0\u00bb a-t-il pr\u00e9venu.<\/p>\n<p><strong class=\"article-body-link-list__item text-gray-800 article-body-link-list__item--one-item\">LIRE AUSSI : <a class=\"article-body-link-list__item-link\" href=\"https:\/\/www.lexpress.fr\/economie\/politique-economique\/dans-le-match-face-aux-etats-unis-la-chine-a-t-elle-atteint-son-plafond-de-verre-economique-AYWIZPBBSVETBNU7HAPWQLQTOY\/\" target=\"_blank\" rel=\"noreferrer noopener\">Dans le match face aux Etats-Unis, la Chine a-t-elle atteint son plafond de verre \u00e9conomique ?<\/a><\/strong><\/p>\n<p class=\"paragraph article-body-paragraph article__item    article__text__endpicto\">Des responsables am\u00e9ricains et chinois se sont rencontr\u00e9s \u00e0 trois reprises ces derniers mois, afin d\u2019aplanir un certain nombre de sujets li\u00e9s \u00e0 leurs relations commerciales. <a href=\"https:\/\/www.lexpress.fr\/monde\/droits-de-douane-de-donald-trump-la-chine-obtient-un-sursis-de-90-jours-QOU2GWO7CBF7LIGGQKBDSAZT4M\/\" target=\"_blank\" rel=\"noreferrer noopener\" title=\"https:\/\/www.lexpress.fr\/monde\/droits-de-douane-de-donald-trump-la-chine-obtient-un-sursis-de-90-jours-QOU2GWO7CBF7LIGGQKBDSAZT4M\/\">A l\u2019issue de ces rencontres<\/a>, les deux pays ont convenu de maintenir \u00e0 respectivement 30 % et 10 % les droits de douanes qu\u2019ils s\u2019imposent mutuellement, pour une dur\u00e9e de 90 jours. Cette derni\u00e8re a d\u00e9j\u00e0 \u00e9t\u00e9 prolong\u00e9e une deuxi\u00e8me fois jusqu\u2019en novembre prochain.<\/p>\n","protected":false},"excerpt":{"rendered":"Donald Trump n\u2019en a pas fini avec les surtaxes. Le pr\u00e9sident am\u00e9ricain a menac\u00e9 lundi 25 ao\u00fbt d\u2019imposer&hellip;\n","protected":false},"author":2,"featured_media":345119,"comment_status":"","ping_status":"","sticky":false,"template":"","format":"standard","meta":{"footnotes":""},"categories":[1586],"tags":[11,782,1777,674,1779,1011,27,74,12,25,1778,364],"class_list":{"0":"post-345118","1":"post","2":"type-post","3":"status-publish","4":"format-standard","5":"has-post-thumbnail","7":"category-europe","8":"tag-actualites","9":"tag-ameriques","10":"tag-eu","11":"tag-europe","12":"tag-european-union","13":"tag-fr","14":"tag-france","15":"tag-monde","16":"tag-news","17":"tag-republique-francaise","18":"tag-ue","19":"tag-union-europeenne"},"share_on_mastodon":{"url":"https:\/\/pubeurope.com\/@fr\/115095011493453474","error":""},"_links":{"self":[{"href":"https:\/\/www.europesays.com\/fr\/wp-json\/wp\/v2\/posts\/345118","targetHints":{"allow":["GET"]}}],"collection":[{"href":"https:\/\/www.europesays.com\/fr\/wp-json\/wp\/v2\/posts"}],"about":[{"href":"https:\/\/www.europesays.com\/fr\/wp-json\/wp\/v2\/types\/post"}],"author":[{"embeddable":true,"href":"https:\/\/www.europesays.com\/fr\/wp-json\/wp\/v2\/users\/2"}],"replies":[{"embeddable":true,"href":"https:\/\/www.europesays.com\/fr\/wp-json\/wp\/v2\/comments?post=345118"}],"version-history":[{"count":0,"href":"https:\/\/www.europesays.com\/fr\/wp-json\/wp\/v2\/posts\/345118\/revisions"}],"wp:featuredmedia":[{"embeddable":true,"href":"https:\/\/www.europesays.com\/fr\/wp-json\/wp\/v2\/media\/345119"}],"wp:attachment":[{"href":"https:\/\/www.europesays.com\/fr\/wp-json\/wp\/v2\/media?parent=345118"}],"wp:term":[{"taxonomy":"category","embeddable":true,"href":"https:\/\/www.europesays.com\/fr\/wp-json\/wp\/v2\/categories?post=345118"},{"taxonomy":"post_tag","embeddable":true,"href":"https:\/\/www.europesays.com\/fr\/wp-json\/wp\/v2\/tags?post=345118"}],"curies":[{"name":"wp","href":"https:\/\/api.w.org\/{rel}","templated":true}]}}