{"id":345125,"date":"2025-08-26T12:18:07","date_gmt":"2025-08-26T12:18:07","guid":{"rendered":"https:\/\/www.europesays.com\/fr\/345125\/"},"modified":"2025-08-26T12:18:07","modified_gmt":"2025-08-26T12:18:07","slug":"les-francaises-arrachent-leur-qualification-pour-les-huitiemes-de-finale-du-championnat-du-monde-face-a-la-grece-lequipe","status":"publish","type":"post","link":"https:\/\/www.europesays.com\/fr\/345125\/","title":{"rendered":"Les Fran\u00e7aises arrachent leur qualification pour les huiti\u00e8mes de finale du Championnat du monde face \u00e0 la Gr\u00e8ce &#8211; L&#039;\u00c9quipe"},"content":{"rendered":"<ol>\n<li><a href=\"https:\/\/news.google.com\/rss\/articles\/CBMi-gFBVV95cUxPd2dSNU42c3lDSkpIUXRrRXZHSEFNZVI2TnNjSkRYaHZkUlRlNE4zS1FSQ1hodXJVOVRSWWRzUnZZd1RDN2VpS1lCTjFqaGgyckNTbXpMSUdxVnJTVXBfOWRNUmUwRzdYWFNuX2xsaFNmVU4yejVZYTBQSUxRQ18yUGNvQVpHMEdsRmFMQ3pnMXlwWGVVclctQlJ6dU41V2JHdklwZ2Y4UE9OaUdBci1kM0twYVZzUkNXX0JNZFR3Yk5HajJ6azRLOGstbWxEWC1wRGVjb2w3QWsxQVZGemhqSERGREN3bVo2NWhCb1YxeUN1Q19tWjc2TzhB?oc=5\" target=\"_blank\" rel=\"noopener\">Les Fran\u00e7aises arrachent leur qualification pour les huiti\u00e8mes de finale du Championnat du monde face \u00e0 la Gr\u00e8ce<\/a>&nbsp;&nbsp;L&rsquo;\u00c9quipe<\/li>\n<li><a href=\"https:\/\/news.google.com\/rss\/articles\/CBMikgJBVV95cUxPY0pJbDhzU3JmZG91QVE5eTkzamlNanJCRFV2VUJfclhHQlRucVR2QXhGdEFLQmhIZFR1Zl82X0gwb1J1anpNWXViaDgtS0lPX1JIWmJ4WnVMM0VvdWhmUFJuSUVSUUZHZlBJLXNmTzZWdnoya2NLc2RVYm9vWExOUTBFcTEtamdHS2JMa0tMOWgzQWt2cXZaajFGLThLQ0hFUTZ5ZkNRclpLUHpmbUc4dFZsVmRBMi12M3ZQb1UxUk9lQU9FNkV0elJTVlNSb080UU56d0drdVZHNnVsSzIwVUNHVzA0NGcxZXA4ZV9GLTlCbjdwYlhNZE93dXYzc2RwREM5YWdRMFJ2MVN4d3B4Y1Z3?oc=5\" target=\"_blank\" rel=\"noopener\">Mondial de Volley. Les Bleues s\u2019offrent une qualification historique en 8es en battant la Gr\u00e8ce<\/a>&nbsp;&nbsp;Ouest-France<\/li>\n<li><a href=\"https:\/\/news.google.com\/rss\/articles\/CBMi6gFBVV95cUxOczlmQkJ4bFFIVjM2RlBKejdlU2FqU0ROWUxyQngwUlNqbnJtcGNxdURiaWh1TDlUeFcya2V5dTA1Yk11ajZwdlBrQUN5OE1jaVJRTFp1QmFlN25sTHhLUDZvRXY4eThuemNoUE14cWRZZ1loZXlWNmVZVERRWGp5X1NmWURLSDlIT2xUQUE1eWxCR3BZMlY3SzdVdzNqQXpiVGI5Y3cyeUp4N1UzTnhkbTBDSGI2QzFRUFVib3RxYWFVNG44UUl5c0E2LWV0RXE2S0RpQ2w0WHVqVi03SS1JTFFNOEtTRm1wY2c?oc=5\" target=\"_blank\" rel=\"noopener\">L&rsquo;improbable balle de set de l&rsquo;\u00c9quipe de France face \u00e0 la Gr\u00e8ce &#8211; Volley &#8211; Ch. monde (F)<\/a>&nbsp;&nbsp;Orange Actualit\u00e9s | Sports<\/li>\n<li><a href=\"https:\/\/news.google.com\/rss\/articles\/CBMiyAFBVV95cUxObS1HTk1Ra1pEU3hSRXVGX1FZYnVJZGdUd2ZobUxjenRtUUp5VmFzOFFTbU9ObW1pYi1VRmZiSXJCSzJZYi1scUhyOGJESUc4V0s1WjRUTkVxSklBcnNIQndFellFUENENndmSno2MnpEZHBIZ0VjZGp5N0FqbEVKeEJPM3VoZk9WZU9DMlVyb3VZT2k1SVcxTDhNX0F0Zms3LU1xVVQtamJCYU4yckFNTkxjUlFXMzkxdkQyLXZpVGRqa1JnR2I3ZQ?oc=5\" target=\"_blank\" rel=\"noopener\">Volley-ball : Mission accomplie pour les Bleues, qualifi\u00e9es pour les 8es du Mondial<\/a>&nbsp;&nbsp;Midi Libre<\/li>\n<li><a href=\"https:\/\/news.google.com\/rss\/articles\/CBMixwFBVV95cUxQTDAzaFJyMDBGTlNVUG1IMVRuWFc5ZGZpM3ZXd0J5b09QdXp4eWdZRFFMdGpHMU50MFVqTFFYckg1dy05R1Y5R2RDRjcyZzktbzUzYkZscmVUbzdrXzVOQlk5c1IweEJqWEFmanYtSmtBdGhGZDdGZFI0WFJKcWFpYU9NYUNLUWczM2t1Z0QxaGZna2FTaTBRaFVIbnk2MVMtdEhCREV1eXNobVNGYW5TSDk2R2pnZVFCV1VlWFFwX0N0MkFjRXln?oc=5\" target=\"_blank\" rel=\"noopener\">Championnat du monde de volley : Juliette Gelin, une fonceuse chez les Bleues<\/a>&nbsp;&nbsp;lanouvellerepublique.fr<\/li>\n<\/ol>\n","protected":false},"excerpt":{"rendered":"Les Fran\u00e7aises arrachent leur qualification pour les huiti\u00e8mes de finale du Championnat du monde face \u00e0 la Gr\u00e8ce&nbsp;&nbsp;L&rsquo;\u00c9quipe&hellip;\n","protected":false},"author":2,"featured_media":1445,"comment_status":"","ping_status":"","sticky":false,"template":"","format":"standard","meta":{"footnotes":""},"categories":[1417],"tags":[1011,27,60,1470,1469],"class_list":{"0":"post-345125","1":"post","2":"type-post","3":"status-publish","4":"format-standard","5":"has-post-thumbnail","7":"category-volley","8":"tag-fr","9":"tag-france","10":"tag-sports","11":"tag-volley","12":"tag-volleyball"},"share_on_mastodon":{"url":"https:\/\/pubeurope.com\/@fr\/115095031260397917","error":""},"_links":{"self":[{"href":"https:\/\/www.europesays.com\/fr\/wp-json\/wp\/v2\/posts\/345125","targetHints":{"allow":["GET"]}}],"collection":[{"href":"https:\/\/www.europesays.com\/fr\/wp-json\/wp\/v2\/posts"}],"about":[{"href":"https:\/\/www.europesays.com\/fr\/wp-json\/wp\/v2\/types\/post"}],"author":[{"embeddable":true,"href":"https:\/\/www.europesays.com\/fr\/wp-json\/wp\/v2\/users\/2"}],"replies":[{"embeddable":true,"href":"https:\/\/www.europesays.com\/fr\/wp-json\/wp\/v2\/comments?post=345125"}],"version-history":[{"count":0,"href":"https:\/\/www.europesays.com\/fr\/wp-json\/wp\/v2\/posts\/345125\/revisions"}],"wp:featuredmedia":[{"embeddable":true,"href":"https:\/\/www.europesays.com\/fr\/wp-json\/wp\/v2\/media\/1445"}],"wp:attachment":[{"href":"https:\/\/www.europesays.com\/fr\/wp-json\/wp\/v2\/media?parent=345125"}],"wp:term":[{"taxonomy":"category","embeddable":true,"href":"https:\/\/www.europesays.com\/fr\/wp-json\/wp\/v2\/categories?post=345125"},{"taxonomy":"post_tag","embeddable":true,"href":"https:\/\/www.europesays.com\/fr\/wp-json\/wp\/v2\/tags?post=345125"}],"curies":[{"name":"wp","href":"https:\/\/api.w.org\/{rel}","templated":true}]}}