{"id":345126,"date":"2025-08-26T12:19:11","date_gmt":"2025-08-26T12:19:11","guid":{"rendered":"https:\/\/www.europesays.com\/fr\/345126\/"},"modified":"2025-08-26T12:19:11","modified_gmt":"2025-08-26T12:19:11","slug":"will-skelton-quitte-laustralie-et-revient-a-la-rochelle-lequipe","status":"publish","type":"post","link":"https:\/\/www.europesays.com\/fr\/345126\/","title":{"rendered":"Will Skelton quitte l&#039;Australie et revient \u00e0 La Rochelle &#8211; L&#039;\u00c9quipe"},"content":{"rendered":"<ol>\n<li><a href=\"https:\/\/news.google.com\/rss\/articles\/CBMipwFBVV95cUxQVFh6bld3OWF4QkJ5QWZCbGo1TDl0WGJtLU01ODhvZHdpRXdsaUdSMGJ5U0VsVW1mZ3F5VWhyNVR5SmVERXNMaUUtZVlscTZHQjFIVVc5Rk9OWDZqSHIzaGtKRnVmMk9qa1VWaEcxRW9Xc2UtU0VFZzdmZi13MUxPdjlSa0pHYXdaWVJIbmxia1ZoMWVqb3llY3RoNEhqLXNQM0JESUZKQQ?oc=5\" target=\"_blank\" rel=\"nofollow noopener\">Will Skelton quitte l&rsquo;Australie et revient \u00e0 La Rochelle<\/a>&nbsp;&nbsp;L&rsquo;\u00c9quipe<\/li>\n<li><a href=\"https:\/\/news.google.com\/rss\/articles\/CBMiwgFBVV95cUxQcnFMODZMR0FMR3doM3hLX1c1c0wyVmpOdFdlOExWY3hGM25JU3lmLVRCOFEzWHR0QjVXb0FRWXl2TnIzR0lYZWRFWk84SFhfQUVpSGFjM2VXZE8xY2xwYmlPdXM5QTd1bE1ZWHJEV01pSHJ2bVEwMTJacHlQc3o3dTNPR3dGNXZ0a0MwbHMtR3NNY3oxMkJPdHFzN1laRTJaQjFabWNxSW8yVExVSlJTVWlvbk1tRGhVU05vb0l1WmE4dw?oc=5\" target=\"_blank\" rel=\"nofollow noopener\">Rugby Championship. Fin de comp\u00e9tition pour Skelton qui rentre \u00e0 La Rochelle<\/a>&nbsp;&nbsp;Rugbyrama<\/li>\n<li><a href=\"https:\/\/news.google.com\/rss\/articles\/CBMi8gFBVV95cUxOclRCcVZjdVdFM3o4R3dQem1pUWZSa29TeXI1YV8wVXRDRDRpYWU0UE1uR1B1bEd2UDlhSHktZzNqekh4ZWUwWFZodWI2U2RTZ0l6LXFLM3kzSTJoWG5rN0F5amo0dDRJU3BLV2dFQXhXMUtfVE5NYnRTeXdEOVdGcGhXb2hjWU1ObTh2SktmZEFaNU1lYy14NlBsUDc4S2FmSE81RVh2VXpJa1NJUVBRS0ZGMmFWdm1YLXlmQi1KQmFVMEFMV2ZYVHFSUlVyeXp2UldlQ2ctYlZBbUpRT2tEVkt5YlhEbjNoMlVqSGhSWXlSUQ?oc=5\" target=\"_blank\" rel=\"nofollow noopener\">Stade Rochelais : le club a demand\u00e9 \u00e0 l\u2019Australie de lib\u00e9rer Skelton, le colosse va rater la suite du Rugby Championship<\/a>&nbsp;&nbsp;Quinze Mondial<\/li>\n<li><a href=\"https:\/\/news.google.com\/rss\/articles\/CBMiigFBVV95cUxPWm95Vkh6RlRPbFZTUzJuU0dBNVd2bnkzRkEwMWVLU0hWVnAxZ1dfMTE2MnNsV3I1VnNpRDhnYXVLNmFtZmpuR2ZObFBiSm4yQUJwcVM3WG9PQlBLbGVIc01xNDd3UXQzT2p0cmx4VHRGUi1VQTJwV2doNnpkZkhBSDZzTVh4aEhlZlE?oc=5\" target=\"_blank\" rel=\"nofollow noopener\">Skelton dit au revoir aux Wallabies, retour \u00e0 La Rochelle<\/a>&nbsp;&nbsp;Quinze Ovalie<\/li>\n<li><a href=\"https:\/\/news.google.com\/rss\/articles\/CBMiiwFBVV95cUxPMDgwU2Y3WjJWSkY3WnRWenFyOThiS1BITG5mREwwZEZ1dTBVVzRwOC11VVQwZmtMcTd1cTE4VnQ1dTYyQlhMUWFoTVVUQ3dPM3NrYUlWUmhaNkNLMnpsWU1XQmpXUjVaNUlMS3JOaGRJcy1lclJIWm5sUGxMbjhlRTRuTWxfVTVFbGtZ?oc=5\" target=\"_blank\" rel=\"nofollow noopener\">Deux Rochelais au Rugby Championship<\/a>&nbsp;&nbsp;Stade Rochelais<\/li>\n<\/ol>\n","protected":false},"excerpt":{"rendered":"Will Skelton quitte l&rsquo;Australie et revient \u00e0 La Rochelle&nbsp;&nbsp;L&rsquo;\u00c9quipe Rugby Championship. Fin de comp\u00e9tition pour Skelton qui rentre&hellip;\n","protected":false},"author":2,"featured_media":345127,"comment_status":"","ping_status":"","sticky":false,"template":"","format":"standard","meta":{"footnotes":""},"categories":[1416],"tags":[1011,27,479,1468,60],"class_list":{"0":"post-345126","1":"post","2":"type-post","3":"status-publish","4":"format-standard","5":"has-post-thumbnail","7":"category-rugby","8":"tag-fr","9":"tag-france","10":"tag-rugby","11":"tag-rugby-football","12":"tag-sports"},"share_on_mastodon":{"url":"https:\/\/pubeurope.com\/@fr\/115095035205700009","error":""},"_links":{"self":[{"href":"https:\/\/www.europesays.com\/fr\/wp-json\/wp\/v2\/posts\/345126","targetHints":{"allow":["GET"]}}],"collection":[{"href":"https:\/\/www.europesays.com\/fr\/wp-json\/wp\/v2\/posts"}],"about":[{"href":"https:\/\/www.europesays.com\/fr\/wp-json\/wp\/v2\/types\/post"}],"author":[{"embeddable":true,"href":"https:\/\/www.europesays.com\/fr\/wp-json\/wp\/v2\/users\/2"}],"replies":[{"embeddable":true,"href":"https:\/\/www.europesays.com\/fr\/wp-json\/wp\/v2\/comments?post=345126"}],"version-history":[{"count":0,"href":"https:\/\/www.europesays.com\/fr\/wp-json\/wp\/v2\/posts\/345126\/revisions"}],"wp:featuredmedia":[{"embeddable":true,"href":"https:\/\/www.europesays.com\/fr\/wp-json\/wp\/v2\/media\/345127"}],"wp:attachment":[{"href":"https:\/\/www.europesays.com\/fr\/wp-json\/wp\/v2\/media?parent=345126"}],"wp:term":[{"taxonomy":"category","embeddable":true,"href":"https:\/\/www.europesays.com\/fr\/wp-json\/wp\/v2\/categories?post=345126"},{"taxonomy":"post_tag","embeddable":true,"href":"https:\/\/www.europesays.com\/fr\/wp-json\/wp\/v2\/tags?post=345126"}],"curies":[{"name":"wp","href":"https:\/\/api.w.org\/{rel}","templated":true}]}}