{"id":345128,"date":"2025-08-26T12:20:11","date_gmt":"2025-08-26T12:20:11","guid":{"rendered":"https:\/\/www.europesays.com\/fr\/345128\/"},"modified":"2025-08-26T12:20:11","modified_gmt":"2025-08-26T12:20:11","slug":"la-fierte-de-jacquemot-malgre-le-stress","status":"publish","type":"post","link":"https:\/\/www.europesays.com\/fr\/345128\/","title":{"rendered":"La fiert\u00e9 de Jacquemot, \u00ab\u00a0malgr\u00e9 le stress\u00a0\u00bb"},"content":{"rendered":"<p class=\"date\">\n                                                            Paul Rouget, Media365 : publi\u00e9 le mardi 26 ao\u00fbt 2025 \u00e0 11h45\n                                                    <\/p>\n<p>Apr\u00e8s avoir atteint le deuxi\u00e8me tour de l&rsquo;US Open pour la premi\u00e8re fois de sa carri\u00e8re, Elsa Jacquemot est ensuite revenue sur son \u00ab\u00a0gros match\u00a0\u00bb, et fait part de sa fiert\u00e9.<\/p>\n<p>Apr\u00e8s <a href=\"https:\/\/sports.orange.fr\/tennis\/us-open\/article\/us-open-f-parry-sans-pitie-avec-la-neo-retraitee-kvitova-CNT000002kl6Fm.html\" rel=\"nofollow noopener\" target=\"_blank\">Diane Parry, qui a envoy\u00e9 Petra Kvitova \u00e0 la retraite<\/a>, une autre jeune Fran\u00e7aise a r\u00e9ussi \u00e0 franchir le premier tour de l&rsquo;US Open lundi. Mais contrairement \u00e0 sa compatriote, Elsa Jacquemot n&rsquo;avait elle jamais r\u00e9ussi \u00e0 passer un tour dans le grand tableau du Majeur new-yorkais. C&rsquo;est d\u00e9sormais chose faite, puisque <a href=\"https:\/\/sports.orange.fr\/tennis\/us-open\/article\/us-open-f-la-belle-performance-de-jacquemot-CNT000002klfGG.html\" rel=\"nofollow noopener\" target=\"_blank\">la Lyonnaise de 22 ans est venue \u00e0 bout de la Tch\u00e8que Marie Bouzkova<\/a>, en deux manches et 1h34 de jeu (6-4, 6-3).<\/p>\n<p>Un joli succ\u00e8s, face \u00e0 une joueuse bien mieux class\u00e9e qu&rsquo;elle (91e, le meilleur classement de sa carri\u00e8re, contre 44e), qui la ravit, forc\u00e9ment. \u00ab Ce n&rsquo;\u00e9tait pas un match \u00e9vident, je suis vraiment contente de ce match parce que c&rsquo;est une grosse joueuse, elle joue tr\u00e8s bien, elle fait de tr\u00e8s bons r\u00e9sultats en ce moment. J&rsquo;ai fait un gros match malgr\u00e9 le stress parce que ce n&rsquo;est pas \u00e9vident de jouer des premiers tours comme \u00e7a donc vraiment fi\u00e8re et contente de moi \u00bb, a-t-elle ensuite expliqu\u00e9, rapporte L&rsquo;Equipe.<\/p>\n<p>Comme \u00e0 Wimbledon<\/p>\n<p>La voil\u00e0 donc, pour la premi\u00e8re fois de sa carri\u00e8re, au deuxi\u00e8me tour de l&rsquo;US Open, ce qu&rsquo;elle avait d\u00e9j\u00e0 r\u00e9ussi \u00e0 faire lors du dernier Wimbledon, apr\u00e8s avoir atteint le troisi\u00e8me \u00e0 Roland-Garros, o\u00f9 son aventure avait \u00e9t\u00e9 stopp\u00e9e par la r\u00e9v\u00e9lation Lo\u00efs Boisson. Au prochain tour, Jacquemot aura fort \u00e0 faire, puisqu&rsquo;elle retrouvera une vieille connaissance, finaliste en 2021 \u00e0 New York\u00a0: Leylah Fernandez.<\/p>\n<p>Les deux joueuses ne se sont jamais affront\u00e9es chez les\u00a0\u00ab\u00a0grandes\u00a0\u00bb, mais avaient \u00e9t\u00e9 face \u00e0 face dans le dernier carr\u00e9 du tournoi juniors de Roland-Garros en 2019. Un mauvais souvenir pour la Fran\u00e7aise. La Canadienne, qui avait d\u00fb \u00e9galement disputer son quart le m\u00eame jour en raison de la pluie, s&rsquo;\u00e9tait impos\u00e9e 6-0, 6-0, avant de dominer en finale Emma Navarro. Jacquemot lui succ\u00e9dera en soulevant le troph\u00e9e l&rsquo;ann\u00e9e suivante.<\/p>\n","protected":false},"excerpt":{"rendered":"Paul Rouget, Media365 : publi\u00e9 le mardi 26 ao\u00fbt 2025 \u00e0 11h45 Apr\u00e8s avoir atteint le deuxi\u00e8me tour&hellip;\n","protected":false},"author":2,"featured_media":345129,"comment_status":"","ping_status":"","sticky":false,"template":"","format":"standard","meta":{"footnotes":""},"categories":[1415],"tags":[1011,27,60,1467],"class_list":{"0":"post-345128","1":"post","2":"type-post","3":"status-publish","4":"format-standard","5":"has-post-thumbnail","7":"category-tennis","8":"tag-fr","9":"tag-france","10":"tag-sports","11":"tag-tennis"},"share_on_mastodon":{"url":"https:\/\/pubeurope.com\/@fr\/115095039012457182","error":""},"_links":{"self":[{"href":"https:\/\/www.europesays.com\/fr\/wp-json\/wp\/v2\/posts\/345128","targetHints":{"allow":["GET"]}}],"collection":[{"href":"https:\/\/www.europesays.com\/fr\/wp-json\/wp\/v2\/posts"}],"about":[{"href":"https:\/\/www.europesays.com\/fr\/wp-json\/wp\/v2\/types\/post"}],"author":[{"embeddable":true,"href":"https:\/\/www.europesays.com\/fr\/wp-json\/wp\/v2\/users\/2"}],"replies":[{"embeddable":true,"href":"https:\/\/www.europesays.com\/fr\/wp-json\/wp\/v2\/comments?post=345128"}],"version-history":[{"count":0,"href":"https:\/\/www.europesays.com\/fr\/wp-json\/wp\/v2\/posts\/345128\/revisions"}],"wp:featuredmedia":[{"embeddable":true,"href":"https:\/\/www.europesays.com\/fr\/wp-json\/wp\/v2\/media\/345129"}],"wp:attachment":[{"href":"https:\/\/www.europesays.com\/fr\/wp-json\/wp\/v2\/media?parent=345128"}],"wp:term":[{"taxonomy":"category","embeddable":true,"href":"https:\/\/www.europesays.com\/fr\/wp-json\/wp\/v2\/categories?post=345128"},{"taxonomy":"post_tag","embeddable":true,"href":"https:\/\/www.europesays.com\/fr\/wp-json\/wp\/v2\/tags?post=345128"}],"curies":[{"name":"wp","href":"https:\/\/api.w.org\/{rel}","templated":true}]}}