{"id":345134,"date":"2025-08-26T12:24:11","date_gmt":"2025-08-26T12:24:11","guid":{"rendered":"https:\/\/www.europesays.com\/fr\/345134\/"},"modified":"2025-08-26T12:24:11","modified_gmt":"2025-08-26T12:24:11","slug":"valentin-paret-peintre-abandonne-la-vuelta-traverse-les-hautes-alpes-et-arrive-en-isere-suivez-cette-etape-inedite-le-dauphine-libere","status":"publish","type":"post","link":"https:\/\/www.europesays.com\/fr\/345134\/","title":{"rendered":"Valentin Paret-Peintre abandonne, la Vuelta traverse les Hautes-Alpes et arrive en Is\u00e8re&#8230; Suivez cette \u00e9tape in\u00e9dite &#8211; Le Dauphin\u00e9 Lib\u00e9r\u00e9"},"content":{"rendered":"<ol>\n<li><a href=\"https:\/\/news.google.com\/rss\/articles\/CBMitAFBVV95cUxQS2toci0yZmhDUHA4cHhENzRiekhXeEszQ1NZYVFmYklBUFlGQVNkUXNVeXdEUmVJUTVFekx5V3BsQmlCZWdRT1MyUlhKQk9VQkdjaUpSeE9KWmNhNk1vYW1SNDh2eU9FZ09KY3IwWFo1dGNORkIyaVZ5QjFucDBKZ3c5U2lKSHFnSWNxV1F4czdoWGMxTDYyZkpGc2VuX0tLT3B5MnlaZ0pCdmFhTEtDMlZQeUg?oc=5\" target=\"_blank\" rel=\"noopener\">Valentin Paret-Peintre abandonne, la Vuelta traverse les Hautes-Alpes et arrive en Is\u00e8re&#8230; Suivez cette \u00e9tape in\u00e9dite<\/a>&nbsp;&nbsp;Le Dauphin\u00e9 Lib\u00e9r\u00e9<\/li>\n<li><a href=\"https:\/\/news.google.com\/rss\/articles\/CBMipgFBVV95cUxPQ3B2WUxhZFZxdzYtckhWUndsREVfaXpweFpQOUhoMWNpdm9UYU9selF5LWdRdUhiVlVQa1dyV01RdmRLVkhLMnhaMjI4a0xIUmFmUFIxRktrei16ZFpNNmRDTUx5eURFRDRWZFV5RGdMYWFfSjNyZEpoZUZTVW1EQ2NLOU1oczVRS2pfVUJEWHF4Tmcyb0s0XzYxOExiQlczcWxzcFNR?oc=5\" target=\"_blank\" rel=\"noopener\">\u00c9tape 4 Tour d&rsquo;Espagne en direct | Susa &#8211; Voiron<\/a>&nbsp;&nbsp;Eurosport<\/li>\n<li><a href=\"https:\/\/news.google.com\/rss\/articles\/CBMiogJBVV95cUxPeTRsZnlObW9JeXJPOW5JdEhfOXZMWHhIUllkMFVEcGxpQTJiWTVpbWZlQnBWY01RRXVwTTRneTUxWW1GRDE3SHFWQkRNT3FNRFRWcEk1X056b0k2a3F2MjVuSG9oQXhGU2d4RFhONmlaWnR2enhTdjNmb2dLcmpiSThyekJQMGtiaFBNX2lRQ1lja2JhYnlyNkRydXhVanFUc3dYSFFGMnRSdGlUV0ZiNm9ZemRKZGN3ZnVVdlhTZWlUVVNkT3Npa3FpUTNPWHc0bUhaeE9OeW9sdDFSWFpLRnJLRTFPbzR6RWVGeE0xbzR1aENua3NJZXJJVzJmbUsyN1o2NDk1UjZtaXRRbHpOdWFzX3l3blIwekcwdVhiVUd4UQ?oc=5\" target=\"_blank\" rel=\"noopener\">DIRECT. Vuelta 2025 : David Gaudu pour prendre le maillot rouge ? Suivez la quatri\u00e8me \u00e9tape en live<\/a>&nbsp;&nbsp;Ouest-France<\/li>\n<li><a href=\"https:\/\/news.google.com\/rss\/articles\/CBMivwJBVV95cUxNWXVHbTZhVW1uTE95UUJEMmkzMTVRckdPXzdVa0VOZXRIbVV0YlNma1o3aWVqVkxIbkpPNmZSZ25uM1otSE5Gb0dnY29vRXVPQ2hHcEZFWnAwOS13TkhPcHZ3a2JEYWpfTHFwSW5rY0MyZ3p5RDFGWFQzODhkSURfVjF3Mmx0ZlJCMjVESDBCRVVXQXdCR2hqNm02MGlFai10Rm8tUXU5YVhuWjNuOXdUempZQVJzZ0huTTZuOThCandOVXhyVDVBTk5UMGYweTFVTjE2MHl0bkFzVXlwX3dicW5CT3ZiOFptNUxDZlVIeFV1cHZGdVEzWGlqTUdvbDJOZUNwdWs1OUFweTBYT25sTW4xOTZwX19Ha2p0YWlCRTBMT2xWWTY4cEZSZkJjdE9jczRmRG9jSXJZV3lJZG1r?oc=5\" target=\"_blank\" rel=\"noopener\">\u00ab\u00a0On n&rsquo;y aurait jamais pens\u00e9 !\u00a0\u00bb : de passage pour la premi\u00e8re fois dans les Alpes fran\u00e7aises, la Vuelta r\u00e9jouit les habitants de Voiron, ville d&rsquo;arriv\u00e9e de la 4e \u00e9tape<\/a>&nbsp;&nbsp;France Info<\/li>\n<li><a href=\"https:\/\/news.google.com\/rss\/articles\/CBMiigJBVV95cUxQUXRVcGxzOXpTS1JiOWdBSDFXN0RKd3I3UUQtMDVoU3ltT3o0dnBzZ0NpMEZBalZYMlpDNi0yS3VBcDVLZ2Q3Mm9QNGlfRDRPMHZaajE3WWlrMnNQUzdBTXpyS3RLZU94Nlg1cUJvTURMWmlGenl4Qlhrd3g3VVJoT01kU2tBZ0xjZG13bkI1el9SVUZWa2cyV1NMenlLc05iSFMxZFpnS3NvYmd0bXNHd01SOWtfS0dEVEFyeFI4SkU3ZWhrNGltdjlKeDVfRXdfSjhtRFZpaDd2VFh5NExWeUdlRnJ1SUhFX0x1WHJBRXdIOTFGb2JZTW5JTEpVeG0tRER5RFBXQURCdw?oc=5\" target=\"_blank\" rel=\"noopener\">Pourquoi la circulation va \u00eatre tr\u00e8s compliqu\u00e9e au coeur de la Principaut\u00e9 d&rsquo;Andorre ces prochains jours<\/a>&nbsp;&nbsp;Actu.fr<\/li>\n<\/ol>\n","protected":false},"excerpt":{"rendered":"Valentin Paret-Peintre abandonne, la Vuelta traverse les Hautes-Alpes et arrive en Is\u00e8re&#8230; Suivez cette \u00e9tape in\u00e9dite&nbsp;&nbsp;Le Dauphin\u00e9 Lib\u00e9r\u00e9&hellip;\n","protected":false},"author":2,"featured_media":345135,"comment_status":"","ping_status":"","sticky":false,"template":"","format":"standard","meta":{"footnotes":""},"categories":[1411],"tags":[12923,9600,1154,207,112,113,4521,114,107,1701,9592,1011,27,329,1085,881,108,20384,48128,40558,48126,3294,48129,21292,23060,21900,35046,48130,16668,48125,16735,12277,517,60,38021,16262,48127,35595,7831,48131],"class_list":{"0":"post-345134","1":"post","2":"type-post","3":"status-publish","4":"format-standard","5":"has-post-thumbnail","7":"category-cyclisme","8":"tag-briancon","9":"tag-claix","10":"tag-cycling","11":"tag-cyclisme","12":"tag-edition-grenoble-agglomeration","13":"tag-edition-gresivaudan-oisans","14":"tag-edition-hautes-alpes-alpes-de-haute-provence","15":"tag-edition-voiron-saint-marcellin","16":"tag-fil-info","17":"tag-fil-info-sport","18":"tag-fontaine","19":"tag-fr","20":"tag-france","21":"tag-france-monde","22":"tag-gap","23":"tag-hautes-alpes","24":"tag-isere","25":"tag-la-grave","26":"tag-le-freney-doisans","27":"tag-le-monetier-les-bains","28":"tag-le-peage-de-vizille","29":"tag-le-pont-de-claix","30":"tag-livet-et-gavet","31":"tag-moirans","32":"tag-montgenevre","33":"tag-noyarey","34":"tag-saint-jean-de-moirans","35":"tag-saint-quentin-sur-isere","36":"tag-sassenage","37":"tag-serre-chevalier","38":"tag-seyssinet-pariset","39":"tag-seyssins","40":"tag-sport","41":"tag-sports","42":"tag-tullins","43":"tag-veurey-voroize","44":"tag-villar-darene","45":"tag-vizille","46":"tag-voiron","47":"tag-vourey"},"share_on_mastodon":{"url":"","error":"Validation failed: Text character limit of 500 exceeded"},"_links":{"self":[{"href":"https:\/\/www.europesays.com\/fr\/wp-json\/wp\/v2\/posts\/345134","targetHints":{"allow":["GET"]}}],"collection":[{"href":"https:\/\/www.europesays.com\/fr\/wp-json\/wp\/v2\/posts"}],"about":[{"href":"https:\/\/www.europesays.com\/fr\/wp-json\/wp\/v2\/types\/post"}],"author":[{"embeddable":true,"href":"https:\/\/www.europesays.com\/fr\/wp-json\/wp\/v2\/users\/2"}],"replies":[{"embeddable":true,"href":"https:\/\/www.europesays.com\/fr\/wp-json\/wp\/v2\/comments?post=345134"}],"version-history":[{"count":0,"href":"https:\/\/www.europesays.com\/fr\/wp-json\/wp\/v2\/posts\/345134\/revisions"}],"wp:featuredmedia":[{"embeddable":true,"href":"https:\/\/www.europesays.com\/fr\/wp-json\/wp\/v2\/media\/345135"}],"wp:attachment":[{"href":"https:\/\/www.europesays.com\/fr\/wp-json\/wp\/v2\/media?parent=345134"}],"wp:term":[{"taxonomy":"category","embeddable":true,"href":"https:\/\/www.europesays.com\/fr\/wp-json\/wp\/v2\/categories?post=345134"},{"taxonomy":"post_tag","embeddable":true,"href":"https:\/\/www.europesays.com\/fr\/wp-json\/wp\/v2\/tags?post=345134"}],"curies":[{"name":"wp","href":"https:\/\/api.w.org\/{rel}","templated":true}]}}