{"id":345137,"date":"2025-08-26T12:26:12","date_gmt":"2025-08-26T12:26:12","guid":{"rendered":"https:\/\/www.europesays.com\/fr\/345137\/"},"modified":"2025-08-26T12:26:12","modified_gmt":"2025-08-26T12:26:12","slug":"les-choses-ont-change-le-prince-harry-serait-sur-le-point-de-trahir-une-promesse-faite-a-son-frere-william-il-y-a-pres-de-dix-ans","status":"publish","type":"post","link":"https:\/\/www.europesays.com\/fr\/345137\/","title":{"rendered":"\u00ab\u00a0Les choses ont chang\u00e9\u00a0\u00bb\u00a0: le prince Harry serait sur le point de trahir une promesse faite \u00e0 son fr\u00e8re William il y a pr\u00e8s de dix ans"},"content":{"rendered":"<p class=\"ap-StoryElement ap-StoryElement--mb ap-StoryText\">Les ann\u00e9es passent, et les tensions persistent entre les Windsor et le prince Harry, exil\u00e9 aux \u00c9tats-Unis. Malgr\u00e9 quelques tentatives de rapprochement initi\u00e9es par l&rsquo;\u00e9poux de Meghan Markle, les relations en sont toujours au m\u00eame stade avec son p\u00e8re et son fr\u00e8re, c&rsquo;est-\u00e0-dire qu&rsquo;elles sont quasiment inexistantes.<\/p>\n<p class=\"ap-StoryElement ap-StoryElement--mb ap-StoryText\">Et les choses ne semblent pas pr\u00e8s de s&rsquo;arranger, si l&rsquo;on en croit les nouveaux projets du prince Harry. Le duc de Sussex et sa femme viennent en effet de signer un nouveau contrat avec Netflix, qui augure de futures cr\u00e9ations audiovisuelles. Et en ce qui concerne le prince William, c&rsquo;est un projet en particulier qui devrait le contrarier.<\/p>\n","protected":false},"excerpt":{"rendered":"Les ann\u00e9es passent, et les tensions persistent entre les Windsor et le prince Harry, exil\u00e9 aux \u00c9tats-Unis. Malgr\u00e9&hellip;\n","protected":false},"author":2,"featured_media":345138,"comment_status":"","ping_status":"","sticky":false,"template":"","format":"standard","meta":{"footnotes":""},"categories":[1359],"tags":[48132,58,59,1011,27,4879,973,267,3936,48133,521],"class_list":{"0":"post-345137","1":"post","2":"type-post","3":"status-publish","4":"format-standard","5":"has-post-thumbnail","7":"category-people","8":"tag-diana","9":"tag-divertissement","10":"tag-entertainment","11":"tag-fr","12":"tag-france","13":"tag-hommage","14":"tag-people","15":"tag-prince-harry","16":"tag-prince-william","17":"tag-promesse","18":"tag-serie"},"share_on_mastodon":{"url":"https:\/\/pubeurope.com\/@fr\/115095062803512418","error":""},"_links":{"self":[{"href":"https:\/\/www.europesays.com\/fr\/wp-json\/wp\/v2\/posts\/345137","targetHints":{"allow":["GET"]}}],"collection":[{"href":"https:\/\/www.europesays.com\/fr\/wp-json\/wp\/v2\/posts"}],"about":[{"href":"https:\/\/www.europesays.com\/fr\/wp-json\/wp\/v2\/types\/post"}],"author":[{"embeddable":true,"href":"https:\/\/www.europesays.com\/fr\/wp-json\/wp\/v2\/users\/2"}],"replies":[{"embeddable":true,"href":"https:\/\/www.europesays.com\/fr\/wp-json\/wp\/v2\/comments?post=345137"}],"version-history":[{"count":0,"href":"https:\/\/www.europesays.com\/fr\/wp-json\/wp\/v2\/posts\/345137\/revisions"}],"wp:featuredmedia":[{"embeddable":true,"href":"https:\/\/www.europesays.com\/fr\/wp-json\/wp\/v2\/media\/345138"}],"wp:attachment":[{"href":"https:\/\/www.europesays.com\/fr\/wp-json\/wp\/v2\/media?parent=345137"}],"wp:term":[{"taxonomy":"category","embeddable":true,"href":"https:\/\/www.europesays.com\/fr\/wp-json\/wp\/v2\/categories?post=345137"},{"taxonomy":"post_tag","embeddable":true,"href":"https:\/\/www.europesays.com\/fr\/wp-json\/wp\/v2\/tags?post=345137"}],"curies":[{"name":"wp","href":"https:\/\/api.w.org\/{rel}","templated":true}]}}