{"id":345139,"date":"2025-08-26T12:27:19","date_gmt":"2025-08-26T12:27:19","guid":{"rendered":"https:\/\/www.europesays.com\/fr\/345139\/"},"modified":"2025-08-26T12:27:19","modified_gmt":"2025-08-26T12:27:19","slug":"rapport-bethenod-15-pistes-pour-consolider-la-scene-francaise","status":"publish","type":"post","link":"https:\/\/www.europesays.com\/fr\/345139\/","title":{"rendered":"Rapport Bethenod\u00a0: 15 pistes pour consolider la sc\u00e8ne fran\u00e7aise"},"content":{"rendered":"<p>Fort de son exp\u00e9rience \u00e0 la direction de grandes institutions apr\u00e8s avoir \u00e9t\u00e9 d\u00e9l\u00e9gu\u00e9 aux arts plastiques, Martin Bethenod a remis le 25 juillet un rapport \u00e0 la ministre de la Culture sur le renforcement de la sc\u00e8ne artistique fran\u00e7aise.<\/p>\n<p>On se souvient de l\u2019\u00e9moi qu\u2019avait caus\u00e9 il y a d\u00e9j\u00e0 un quart de si\u00e8cle (2001) le rapport d\u2019Alain Quemin sur le pouvoir prescripteur de la sc\u00e8ne artistique fran\u00e7aise. Un pays qui avait lanc\u00e9 l\u2019impressionnisme, le surr\u00e9alisme, l\u2019Art d\u00e9co et les Nouveaux R\u00e9alistes, qui accueillait jusqu\u2019au d\u00e9but des ann\u00e9es 1950 la fine fleur des artistes mondiaux et les plus grosses maisons de ventes, avait d\u00e9sormais une pr\u00e9sence\u00a0internationale quasi nulle. Pas un seul artiste fran\u00e7ais dans le Top 20 mondial, bien peu dans le Top 100 ! Depuis, la situation s\u2019est clairement am\u00e9lior\u00e9e, en raison de mesures structurelles (comme la cr\u00e9ation de l\u2019ADIAF et du prix Marcel Duchamp en 2000), les mesures en faveur du m\u00e9c\u00e9nat (loi Aillagon de 2003) et l\u2019implication des grands collectionneurs (ouverture de la Fondation Louis Vuitton et de la Collection Pinault, mont\u00e9e en puissance de la Fondation Cartier, naissance de Lafayette Anticipations et de Reiffers Art Initiatives, cr\u00e9ation de la bourse Emerige) et g\u00e9opolitiques (le Brexit a rendu Paris tr\u00e8s attirant pour les grosses galeries internationales).<\/p>\n<p>90 sp\u00e9cialistes auditionn\u00e9s<\/p>\n<p>Pourtant, certains signes indiquent que cet \u00e9tat de gr\u00e2ce &#8211;\u00a0si c\u2019en est un &#8211; reste tr\u00e8s fragile\u00a0: les artistes fran\u00e7ais ne repr\u00e9sentent que 1 % du contingent d\u2019Art Basel Miami Beach, leur situation \u00e9conomique reste pr\u00e9caire (comme l\u2019avait soulign\u00e9 le rapport Racine de 2020) et la r\u00e9cente vague de fermeture de galeries en France est un sympt\u00f4me inqui\u00e9tant. D\u2019o\u00f9 la demande en mars dernier par la ministre de la Culture, Rachida Dati, d\u2019un rapport sur les mesures pour renforcer cette sc\u00e8ne, confi\u00e9 \u00e0 Martin Bethenod. N\u00e9 en 1966, celui-ci a men\u00e9 une carri\u00e8re entre public et priv\u00e9, entre\u2026<\/p>\n","protected":false},"excerpt":{"rendered":"Fort de son exp\u00e9rience \u00e0 la direction de grandes institutions apr\u00e8s avoir \u00e9t\u00e9 d\u00e9l\u00e9gu\u00e9 aux arts plastiques, Martin&hellip;\n","protected":false},"author":2,"featured_media":345140,"comment_status":"","ping_status":"","sticky":false,"template":"","format":"standard","meta":{"footnotes":""},"categories":[1358],"tags":[1348,1384,1385,1386,58,59,1011,27,48135,417,48134],"class_list":{"0":"post-345139","1":"post","2":"type-post","3":"status-publish","4":"format-standard","5":"has-post-thumbnail","7":"category-arts-et-design","8":"tag-arts","9":"tag-arts-and-design","10":"tag-arts-et-design","11":"tag-design","12":"tag-divertissement","13":"tag-entertainment","14":"tag-fr","15":"tag-france","16":"tag-martin-bethenod","17":"tag-rachida-dati","18":"tag-scene-artistique"},"share_on_mastodon":{"url":"https:\/\/pubeurope.com\/@fr\/115095066665538378","error":""},"_links":{"self":[{"href":"https:\/\/www.europesays.com\/fr\/wp-json\/wp\/v2\/posts\/345139","targetHints":{"allow":["GET"]}}],"collection":[{"href":"https:\/\/www.europesays.com\/fr\/wp-json\/wp\/v2\/posts"}],"about":[{"href":"https:\/\/www.europesays.com\/fr\/wp-json\/wp\/v2\/types\/post"}],"author":[{"embeddable":true,"href":"https:\/\/www.europesays.com\/fr\/wp-json\/wp\/v2\/users\/2"}],"replies":[{"embeddable":true,"href":"https:\/\/www.europesays.com\/fr\/wp-json\/wp\/v2\/comments?post=345139"}],"version-history":[{"count":0,"href":"https:\/\/www.europesays.com\/fr\/wp-json\/wp\/v2\/posts\/345139\/revisions"}],"wp:featuredmedia":[{"embeddable":true,"href":"https:\/\/www.europesays.com\/fr\/wp-json\/wp\/v2\/media\/345140"}],"wp:attachment":[{"href":"https:\/\/www.europesays.com\/fr\/wp-json\/wp\/v2\/media?parent=345139"}],"wp:term":[{"taxonomy":"category","embeddable":true,"href":"https:\/\/www.europesays.com\/fr\/wp-json\/wp\/v2\/categories?post=345139"},{"taxonomy":"post_tag","embeddable":true,"href":"https:\/\/www.europesays.com\/fr\/wp-json\/wp\/v2\/tags?post=345139"}],"curies":[{"name":"wp","href":"https:\/\/api.w.org\/{rel}","templated":true}]}}