{"id":345141,"date":"2025-08-26T12:28:10","date_gmt":"2025-08-26T12:28:10","guid":{"rendered":"https:\/\/www.europesays.com\/fr\/345141\/"},"modified":"2025-08-26T12:28:10","modified_gmt":"2025-08-26T12:28:10","slug":"gabriel-attal-prepare-un-livre-programmatique-et-personnel-pour-2026","status":"publish","type":"post","link":"https:\/\/www.europesays.com\/fr\/345141\/","title":{"rendered":"Gabriel Attal pr\u00e9pare un livre programmatique et personnel pour 2026"},"content":{"rendered":"<p>    Article r\u00e9serv\u00e9 aux abonn\u00e9s<\/p>\n<p class=\"intro\">EXCLUSIF. Cet \u00e9t\u00e9, le pr\u00e9sident de Renaissance a commenc\u00e9 l\u2019\u00e9criture d\u2019un premier livre \u00ab\u00a0pour dire aux Fran\u00e7ais ce qu\u2019il a (j\u2019ai) appris\u00a0\u00bb de ces ann\u00e9es au gouvernement. La sortie en librairie est pr\u00e9vue d\u00e9but 2026.<\/p>\n<p>Gabriel Attal a mis \u00e0 profit son \u00e9t\u00e9 pour entamer l\u2019\u00e9criture d\u2019un livre politique. Attendu pour la rentr\u00e9e 2026, cet ouvrage sera\u00a0\u00e0 la fois un r\u00e9cit personnel et programmatique.<\/p>\n<p>    La suite apr\u00e8s cette publicit\u00e9<\/p>\n<p>\u00ab\u00a0<a href=\"https:\/\/www.parismatch.com\/actu\/politique\/gabriel-attal-je-travaille-a-une-proposition-pour-2027-avec-un-projet-clair-256057\" rel=\"nofollow noopener\" target=\"_blank\">J\u2019ai exerc\u00e9 beaucoup de responsabilit\u00e9s\u00a0: \u00e9lu local, d\u00e9put\u00e9, ministre, Premier ministre\u2026 <\/a>J\u2019ai agi sur de nombreux dossiers. Ce livre est une mani\u00e8re de dire aux Fran\u00e7ais ce que j\u2019ai appris, ce que j\u2019ai vu des forces et des limites de notre syst\u00e8me, et surtout ce que nous devons changer<a href=\"https:\/\/www.parismatch.com\/actu\/politique\/gabriel-attal-je-travaille-a-une-proposition-pour-2027-avec-un-projet-clair-256057\" rel=\"nofollow noopener\" target=\"_blank\">\u00a0<\/a>\u00bb, confie-t-il \u00e0 Paris Match.<\/p>\n<p>Pour \u00ab\u00a0se livrer un peu plus que d\u2019habitude\u00a0\u00bb<\/p>\n<p>Le pr\u00e9sident de Renaissance compte revenir sur les principales r\u00e9formes qu\u2019il a men\u00e9es au cours de sa carri\u00e8re\u00a0: notamment le Service national universel, la lutte contre la fraude \u00e0 Bercy, le \u00ab choc des savoirs \u00bb \u00e0 l\u2019\u00c9ducation nationale, la r\u00e9ponse \u00e0 la crise agricole ou encore la justice des mineurs \u00e0 Matignon.<\/p>\n<p>L\u2019ancien chef du gouvernement indique \u00e9galement vouloir y partager ses inspirations, ses r\u00e9f\u00e9rences et ses convictions profondes. Une fa\u00e7on, dit-il, de \u00ab<a href=\"https:\/\/www.parismatch.com\/actu\/politique\/gabriel-attal-je-travaille-a-une-proposition-pour-2027-avec-un-projet-clair-256057\" rel=\"nofollow noopener\" target=\"_blank\">\u00a0se livrer un peu plus que d\u2019habitude\u00a0<\/a>\u00bb et de tracer des perspectives pour l\u2019avenir.<\/p>\n<p>Car il l\u2019assume d\u00e9sormais\u00a0: il pr\u00e9pare \u00ab\u00a0<a href=\"https:\/\/www.parismatch.com\/actu\/politique\/gabriel-attal-je-travaille-a-une-proposition-pour-2027-avec-un-projet-clair-256057\" rel=\"nofollow noopener\" target=\"_blank\">une proposition pour 2027, avec un projet clair\u00a0<\/a>\u00bb.<\/p>\n","protected":false},"excerpt":{"rendered":"Article r\u00e9serv\u00e9 aux abonn\u00e9s EXCLUSIF. Cet \u00e9t\u00e9, le pr\u00e9sident de Renaissance a commenc\u00e9 l\u2019\u00e9criture d\u2019un premier livre \u00ab\u00a0pour&hellip;\n","protected":false},"author":2,"featured_media":345142,"comment_status":"","ping_status":"","sticky":false,"template":"","format":"standard","meta":{"footnotes":""},"categories":[1357],"tags":[1379,58,59,1011,27,1380],"class_list":{"0":"post-345141","1":"post","2":"type-post","3":"status-publish","4":"format-standard","5":"has-post-thumbnail","7":"category-livres","8":"tag-books","9":"tag-divertissement","10":"tag-entertainment","11":"tag-fr","12":"tag-france","13":"tag-livres"},"share_on_mastodon":{"url":"https:\/\/pubeurope.com\/@fr\/115095070670147911","error":""},"_links":{"self":[{"href":"https:\/\/www.europesays.com\/fr\/wp-json\/wp\/v2\/posts\/345141","targetHints":{"allow":["GET"]}}],"collection":[{"href":"https:\/\/www.europesays.com\/fr\/wp-json\/wp\/v2\/posts"}],"about":[{"href":"https:\/\/www.europesays.com\/fr\/wp-json\/wp\/v2\/types\/post"}],"author":[{"embeddable":true,"href":"https:\/\/www.europesays.com\/fr\/wp-json\/wp\/v2\/users\/2"}],"replies":[{"embeddable":true,"href":"https:\/\/www.europesays.com\/fr\/wp-json\/wp\/v2\/comments?post=345141"}],"version-history":[{"count":0,"href":"https:\/\/www.europesays.com\/fr\/wp-json\/wp\/v2\/posts\/345141\/revisions"}],"wp:featuredmedia":[{"embeddable":true,"href":"https:\/\/www.europesays.com\/fr\/wp-json\/wp\/v2\/media\/345142"}],"wp:attachment":[{"href":"https:\/\/www.europesays.com\/fr\/wp-json\/wp\/v2\/media?parent=345141"}],"wp:term":[{"taxonomy":"category","embeddable":true,"href":"https:\/\/www.europesays.com\/fr\/wp-json\/wp\/v2\/categories?post=345141"},{"taxonomy":"post_tag","embeddable":true,"href":"https:\/\/www.europesays.com\/fr\/wp-json\/wp\/v2\/tags?post=345141"}],"curies":[{"name":"wp","href":"https:\/\/api.w.org\/{rel}","templated":true}]}}