{"id":345143,"date":"2025-08-26T12:29:09","date_gmt":"2025-08-26T12:29:09","guid":{"rendered":"https:\/\/www.europesays.com\/fr\/345143\/"},"modified":"2025-08-26T12:29:09","modified_gmt":"2025-08-26T12:29:09","slug":"impossible-de-marcher-apres-un-week-end-en-couple-olivier-colas-familles-nombreuses-pris-en-charge-par-les-medecins","status":"publish","type":"post","link":"https:\/\/www.europesays.com\/fr\/345143\/","title":{"rendered":"\u00ab\u00a0Impossible de marcher\u00a0\u00bb : Apr\u00e8s un week-end en couple, Olivier Colas (Familles nombreuses) pris en charge par les m\u00e9decins"},"content":{"rendered":"<p>La suite apr\u00e8s la publicit\u00e9<\/p>\n<p>La famille Colas n&rsquo;est pas \u00e9pargn\u00e9e. C&rsquo;est \u00e0 l&rsquo;antenne de <a href=\"https:\/\/www.purepeople.com\/article\/familles-nombreuses-la-vie-en-xxl-les-candidats-sont-ils-remuneres-reponse-franche-d-une-maman_a440503\/1\" rel=\"nofollow noopener\" target=\"_blank\">Familles nombreuses, la vie en XXL<\/a> que la tribu a \u00e9t\u00e9 r\u00e9v\u00e9l\u00e9e. Il est ainsi question de partager le quotidien du clan de <strong>Delphine et Olivier Colas<\/strong>, parents d&rsquo;une belle famille recompos\u00e9e de cinq enfants. Mais comme beaucoup, ils publient \u00e9galement sur leurs aventures sur les r\u00e9seaux sociaux. Derni\u00e8rement, le couple a pris la d\u00e9cision de souffler uniquement \u00e0 deux, sans les enfants, le temps d&rsquo;un week-end \u00e0 Annecy, non loin de leur domicile. Mais <a href=\"https:\/\/www.purepeople.com\/article\/on-a-du-annuler-on-rentre-direct-le-sejour-a-deux-de-delphine-colas-familles-nombreuses-tourne-au-vinaigre_a541750\/1\" rel=\"nofollow noopener\" target=\"_blank\">tout ne s&rsquo;est pas d\u00e9roul\u00e9 comme ils l&rsquo;esp\u00e9raient<\/a>. Sur Instagram, Delphine Colas raconte et donne des nouvelles.<\/p>\n<p>A la maison, ils sont sept. Alors, forc\u00e9ment, le couple a besoin de se retrouver par moment. C&rsquo;est ainsi qu&rsquo;Olivier et Delphine Colas se sont octroy\u00e9s une parenth\u00e8se en amoureux, laissant Selena et Gabriel, que Delphine a eus d&rsquo;une pr\u00e9c\u00e9dente relation, ainsi que les trois derniers Paul, Louise et Alba. Mais le s\u00e9jour a tourn\u00e9 au vinaigre. \u00ab\u00a0<strong>On a d\u00fb annuler le bateau cet apr\u00e8s-midi, on rentre direct<\/strong>. Je suis malade depuis 4 heures du matin. J&rsquo;ai mang\u00e9 un tataki de thon hier soir, peut-\u00eatre \u00e0 cause de \u00e7a&#8230; Mais malade malade, et des douleurs abdominales \u00e0 la limite du supportable. Ce sera pour l&rsquo;ann\u00e9e prochaine la journ\u00e9e bateau en amoureux\u00a0\u00bb, avait expliqu\u00e9 la m\u00e8re de famille. Fort heureusement, dans son malheur, elle pouvait compter sur le soutien de son cher et tendre Olivier, qui avait fonc\u00e9 \u00e0 la pharmacie acheter de quoi la soulager.<\/p>\n<p>Familles nombreuses : Apr\u00e8s Delphine Colas, au tour de son ch\u00e9ri Olivier d&rsquo;\u00eatre malade<\/p>\n<p>Mais lundi 25 ao\u00fbt, quelques heures apr\u00e8s cette premi\u00e8re prise de parole, <a href=\"https:\/\/www.purepeople.com\/article\/familles-nombreuses-une-mere-face-a-la-mort-de-son-bebe-confidences-dechirantes_a493731\/1\" rel=\"nofollow noopener\" target=\"_blank\">celle qui avait fait face \u00e0 la mort de son b\u00e9b\u00e9<\/a> annonce qu&rsquo;Olivier est lui aussi malade. \u00ab\u00a0D\u00e9cid\u00e9ment, c&rsquo;est la s\u00e9rie !\u00a0\u00bb, l\u00e2che-t-elle en story sur le r\u00e9seau social de partage d&rsquo;images. Et d&rsquo;en dire plus sur l&rsquo;\u00e9tat de sant\u00e9 de son amoureux : \u00ab\u00a0<strong>Olivier est hospitalis\u00e9<\/strong>. Grosse crise de douleurs lombaires qui ne se calment pas m\u00eame avec les m\u00e9dicaments les plus forts, <strong>impossible de marcher<\/strong>, mettre un pied devant l&rsquo;autre est irr\u00e9aliste. Il est r\u00e9sistant \u00e0 la douleur. Mais l\u00e0, je peux vous dire que c&rsquo;\u00e9tait terrible.\u00a0\u00bb Une situation compliqu\u00e9e, d&rsquo;autant plus qu&rsquo;aux derni\u00e8res nouvelles, aucun diagnostic n&rsquo;a encore \u00e9t\u00e9 pos\u00e9. \u00ab\u00a0J&rsquo;esp\u00e8re qu&rsquo;ils vont trouver ce qu&rsquo;il a\u00a0\u00bb, conclut la brune de 43 ans. De son c\u00f4t\u00e9, Olivier, s\u00fbrement encore trop mal pour le faire, ne s&rsquo;est pas exprim\u00e9 sur les r\u00e9seaux sociaux.<\/p>\n","protected":false},"excerpt":{"rendered":"La suite apr\u00e8s la publicit\u00e9 La famille Colas n&rsquo;est pas \u00e9pargn\u00e9e. C&rsquo;est \u00e0 l&rsquo;antenne de Familles nombreuses, la&hellip;\n","protected":false},"author":2,"featured_media":345144,"comment_status":"","ping_status":"","sticky":false,"template":"","format":"standard","meta":{"footnotes":""},"categories":[1356],"tags":[58,59,1011,27,252,1364],"class_list":{"0":"post-345143","1":"post","2":"type-post","3":"status-publish","4":"format-standard","5":"has-post-thumbnail","7":"category-television","8":"tag-divertissement","9":"tag-entertainment","10":"tag-fr","11":"tag-france","12":"tag-television","13":"tag-tv"},"share_on_mastodon":{"url":"https:\/\/pubeurope.com\/@fr\/115095074643667470","error":""},"_links":{"self":[{"href":"https:\/\/www.europesays.com\/fr\/wp-json\/wp\/v2\/posts\/345143","targetHints":{"allow":["GET"]}}],"collection":[{"href":"https:\/\/www.europesays.com\/fr\/wp-json\/wp\/v2\/posts"}],"about":[{"href":"https:\/\/www.europesays.com\/fr\/wp-json\/wp\/v2\/types\/post"}],"author":[{"embeddable":true,"href":"https:\/\/www.europesays.com\/fr\/wp-json\/wp\/v2\/users\/2"}],"replies":[{"embeddable":true,"href":"https:\/\/www.europesays.com\/fr\/wp-json\/wp\/v2\/comments?post=345143"}],"version-history":[{"count":0,"href":"https:\/\/www.europesays.com\/fr\/wp-json\/wp\/v2\/posts\/345143\/revisions"}],"wp:featuredmedia":[{"embeddable":true,"href":"https:\/\/www.europesays.com\/fr\/wp-json\/wp\/v2\/media\/345144"}],"wp:attachment":[{"href":"https:\/\/www.europesays.com\/fr\/wp-json\/wp\/v2\/media?parent=345143"}],"wp:term":[{"taxonomy":"category","embeddable":true,"href":"https:\/\/www.europesays.com\/fr\/wp-json\/wp\/v2\/categories?post=345143"},{"taxonomy":"post_tag","embeddable":true,"href":"https:\/\/www.europesays.com\/fr\/wp-json\/wp\/v2\/tags?post=345143"}],"curies":[{"name":"wp","href":"https:\/\/api.w.org\/{rel}","templated":true}]}}