{"id":345159,"date":"2025-08-26T12:37:12","date_gmt":"2025-08-26T12:37:12","guid":{"rendered":"https:\/\/www.europesays.com\/fr\/345159\/"},"modified":"2025-08-26T12:37:12","modified_gmt":"2025-08-26T12:37:12","slug":"meurtre-de-lisa-17-ans-en-moins-de-dix-minutes-ce-crime-atroce-qui-fait-se-soulever-les-neerlandaises","status":"publish","type":"post","link":"https:\/\/www.europesays.com\/fr\/345159\/","title":{"rendered":"Meurtre de Lisa, 17 ans, \u00ab\u00a0en moins de dix minutes\u00a0\u00bb : ce crime atroce qui fait se soulever les N\u00e9erlandaises"},"content":{"rendered":"<p>Depuis une semaine, les <a href=\"https:\/\/www.closermag.fr\/politique\/brigitte-macron-aux-pays-bas-la-premiere-dame-degaine-une-nouvelle-couleur-accord-parfait-avec-maxima-3558403\" rel=\"nofollow noopener\" target=\"_blank\"><br \/>\nPays-Bas<\/a> n\u2019en reviennent pas. Lisa, 17 ans, a \u00e9t\u00e9 <strong>tu\u00e9e<br \/>\nalors qu\u2019elle rentrait d\u2019une soir\u00e9e<\/strong>, \u00e0 <a href=\"https:\/\/www.closermag.fr\/people\/marion-rousse-desesperee-par-le-passe-temps-favori-de-son-fils-nino-il-aime-un-peu-trop-3568493\" rel=\"nofollow noopener\" target=\"_blank\"><br \/>\nv\u00e9lo<\/a>, pr\u00e8s d\u2019Amsterdam. Quelques minutes avant le drame,<br \/>\nl\u2019adolescente avait appel\u00e9 le 112, inqui\u00e8te d\u2019\u00eatre suivie. Les<br \/>\nsecours ont localis\u00e9 l\u2019appel\u2026 trop tard. Son corps a \u00e9t\u00e9 retrouv\u00e9 \u00e0<br \/>\nDuivendrecht, non loin de la Johan Cruijff Arena. Le choc est<br \/>\nimmense, la col\u00e8re aussi.<\/p>\n<p>Rapidement, l\u2019enqu\u00eate s\u2019acc\u00e9l\u00e8re : un homme de 22 ans, d\u00e9j\u00e0<br \/>\ninterpell\u00e9 pour une <strong>infraction sexuelle grave<\/strong>, est<br \/>\narr\u00eat\u00e9 et entendu par la police. Les autorit\u00e9s n\u00e9erlandaises<br \/>\nconfirment travailler sur des recoupements d\u2019affaires survenus dans<br \/>\nle m\u00eame secteur, tout en appelant au calme. Dans les rues<br \/>\nd\u2019<a href=\"https:\/\/www.closermag.fr\/vecu\/il-quitte-laeroport-en-expliquant-a-ses-amis-avoir-oublie-son-passeport-ils-ne-le-reverront-plus-3543998\" rel=\"nofollow noopener\" target=\"_blank\">Amsterdam<\/a><br \/>\net sur les pistes cyclables, les fleurs s\u2019accumulent, les bougies<br \/>\nse multiplient, et un slogan s\u2019impose : \u00ab\u00a0le droit \u00e0 la nuit\u00a0\u00bb.<\/p>\n<blockquote class=\"instagram-media\" style=\"background: #ffffff;border: 0;margin: 1px;width: 100%;padding: 0;max-width: 500px;\" data-instgrm-permalink=\"https:\/\/www.instagram.com\/p\/DNnH76Uol2b\/?utm_source=ig_embed\" data-instgrm-version=\"14\"\/><p>\nMeurtre de Lisa : naissance d&rsquo;un<br \/>\nhashtag pour la solidarit\u00e9<\/p>\n<p>Dans la foul\u00e9e, un hashtag explose : #rechtopdenacht (\u00ab\u00a0droit \u00e0<br \/>\nla nuit\u00a0\u00bb). Des milliers de N\u00e9erlandaises racontent leur<br \/>\n<strong>peur de rentrer seules<\/strong>, leurs d\u00e9tours, leurs cl\u00e9s<br \/>\nserr\u00e9es dans la paume, leurs textos \u00ab\u00a0Tu es bien arriv\u00e9e ?\u00a0\u00bb. Des<br \/>\nmarches \u00ab\u00a0Reclaim the Night\u00a0\u00bb s\u2019organisent, des clubs d\u2019Amsterdam<br \/>\ns\u2019engagent \u00e0 mieux accompagner les sorties nocturnes, et un texte<br \/>\nde l\u2019actrice et autrice Nienke \u2019s Gravemade devient viral,<br \/>\nmartelant que la libert\u00e9 ne s\u2019arr\u00eate pas \u00e0 la tomb\u00e9e du jour.<\/p>\n<p>Sur X et Instagram, l\u2019expression #rechtopdenacht s\u2019affiche<br \/>\npartout : dans les bios, sur des pancartes, au marqueur sur des<br \/>\ntote bags. Les t\u00e9moignages affluent, crus, pr\u00e9cis, puissants. Le<br \/>\nmessage est clair : \u00ab\u00a0La nuit aussi nous appartient.\u00a0\u00bb Les m\u00e9dias du<br \/>\npays et d\u2019ailleurs relaient ce cri, devenu un mouvement en quelques<br \/>\nheures, qui d\u00e9passe les fronti\u00e8res n\u00e9erlandaises et r\u00e9veille un<br \/>\nd\u00e9bat europ\u00e9en sur la s\u00e9curit\u00e9 des femmes dans l\u2019espace public.<\/p>\n<p><script async src=\"\/\/www.instagram.com\/embed.js\"><\/script><\/p>\n","protected":false},"excerpt":{"rendered":"Depuis une semaine, les Pays-Bas n\u2019en reviennent pas. Lisa, 17 ans, a \u00e9t\u00e9 tu\u00e9e alors qu\u2019elle rentrait d\u2019une&hellip;\n","protected":false},"author":2,"featured_media":345160,"comment_status":"","ping_status":"","sticky":false,"template":"","format":"standard","meta":{"footnotes":""},"categories":[5],"tags":[11,548,1011,27,14,18,12,28],"class_list":{"0":"post-345159","1":"post","2":"type-post","3":"status-publish","4":"format-standard","5":"has-post-thumbnail","7":"category-international","8":"tag-actualites","9":"tag-article-simple","10":"tag-fr","11":"tag-france","12":"tag-international","13":"tag-mort","14":"tag-news","15":"tag-world"},"share_on_mastodon":{"url":"https:\/\/pubeurope.com\/@fr\/115095106059957640","error":""},"_links":{"self":[{"href":"https:\/\/www.europesays.com\/fr\/wp-json\/wp\/v2\/posts\/345159","targetHints":{"allow":["GET"]}}],"collection":[{"href":"https:\/\/www.europesays.com\/fr\/wp-json\/wp\/v2\/posts"}],"about":[{"href":"https:\/\/www.europesays.com\/fr\/wp-json\/wp\/v2\/types\/post"}],"author":[{"embeddable":true,"href":"https:\/\/www.europesays.com\/fr\/wp-json\/wp\/v2\/users\/2"}],"replies":[{"embeddable":true,"href":"https:\/\/www.europesays.com\/fr\/wp-json\/wp\/v2\/comments?post=345159"}],"version-history":[{"count":0,"href":"https:\/\/www.europesays.com\/fr\/wp-json\/wp\/v2\/posts\/345159\/revisions"}],"wp:featuredmedia":[{"embeddable":true,"href":"https:\/\/www.europesays.com\/fr\/wp-json\/wp\/v2\/media\/345160"}],"wp:attachment":[{"href":"https:\/\/www.europesays.com\/fr\/wp-json\/wp\/v2\/media?parent=345159"}],"wp:term":[{"taxonomy":"category","embeddable":true,"href":"https:\/\/www.europesays.com\/fr\/wp-json\/wp\/v2\/categories?post=345159"},{"taxonomy":"post_tag","embeddable":true,"href":"https:\/\/www.europesays.com\/fr\/wp-json\/wp\/v2\/tags?post=345159"}],"curies":[{"name":"wp","href":"https:\/\/api.w.org\/{rel}","templated":true}]}}