{"id":345164,"date":"2025-08-26T12:40:21","date_gmt":"2025-08-26T12:40:21","guid":{"rendered":"https:\/\/www.europesays.com\/fr\/345164\/"},"modified":"2025-08-26T12:40:21","modified_gmt":"2025-08-26T12:40:21","slug":"saint-just-malmont-se-prepare-pour-son-week-end-de-fete-patronale-du-6-au-8-septembre","status":"publish","type":"post","link":"https:\/\/www.europesays.com\/fr\/345164\/","title":{"rendered":"Saint-Just-Malmont se pr\u00e9pare pour son week-end de f\u00eate patronale du 6 au 8 septembre"},"content":{"rendered":"<p><strong>La f\u00eate patronale de Saint-Just-Malmont se d\u00e9clinera pendant trois jours avec man\u00e8ges, d\u00e9fil\u00e9 et repas.<\/strong><\/p>\n<p>La f\u00eate se d\u00e9roulera principalement samedi 6 et dimanche 7 septembre \u00e0 l&rsquo;ancien stade de Saint-Just-Malmont.<\/p>\n<p>Samedi, le corso des classes en 5 sera anim\u00e9 par la Band&rsquo;\u00e0 Banda \u00e0 17 heures. La buvette sera tenue par le comit\u00e9 des f\u00eates.<\/p>\n<p>A 19 heures, le repas campagnard \u00e0 10 \u20ac sera accompagn\u00e9 par le groupe \u201fCom&rsquo;Y Couizin\u00a0\u00bb.<\/p>\n<p>Dimanche 7 septembre, le r\u00e9veil se fera en fanfare par la Jeune Rubani\u00e8re \u00e0 partir de 7 heures. La journ\u00e9e sera occup\u00e9e par les man\u00e8ges, la buvette sera tenue par Saint-Just P\u00e9tanque.<\/p>\n<p>Et lundi 8 septembre, ce sera double service pour la soupe aux choux avec un repas \u00e0 10 \u20ac, un premier \u00e0 partir de 8 heures et un autre \u00e0 19 heures par la Boule Amicale au boulodrome.<\/p>\n","protected":false},"excerpt":{"rendered":"La f\u00eate patronale de Saint-Just-Malmont se d\u00e9clinera pendant trois jours avec man\u00e8ges, d\u00e9fil\u00e9 et repas. La f\u00eate se&hellip;\n","protected":false},"author":2,"featured_media":345165,"comment_status":"","ping_status":"","sticky":false,"template":"","format":"standard","meta":{"footnotes":""},"categories":[9653],"tags":[1111,2281,11,2430,1777,674,2282,1011,27,2280,2284,2285,2283,12,25,4001],"class_list":{"0":"post-345164","1":"post","2":"type-post","3":"status-publish","4":"format-standard","5":"has-post-thumbnail","7":"category-saint-etienne","8":"tag-actu","9":"tag-actualite-43","10":"tag-actualites","11":"tag-auvergne-rhone-alpes","12":"tag-eu","13":"tag-europe","14":"tag-faits-divers-auvergne","15":"tag-fr","16":"tag-france","17":"tag-information-haute-loire","18":"tag-infos-43","19":"tag-journal-haute-loire","20":"tag-la-commere-43","21":"tag-news","22":"tag-republique-francaise","23":"tag-saint-etienne"},"share_on_mastodon":{"url":"https:\/\/pubeurope.com\/@fr\/115095117806922574","error":""},"_links":{"self":[{"href":"https:\/\/www.europesays.com\/fr\/wp-json\/wp\/v2\/posts\/345164","targetHints":{"allow":["GET"]}}],"collection":[{"href":"https:\/\/www.europesays.com\/fr\/wp-json\/wp\/v2\/posts"}],"about":[{"href":"https:\/\/www.europesays.com\/fr\/wp-json\/wp\/v2\/types\/post"}],"author":[{"embeddable":true,"href":"https:\/\/www.europesays.com\/fr\/wp-json\/wp\/v2\/users\/2"}],"replies":[{"embeddable":true,"href":"https:\/\/www.europesays.com\/fr\/wp-json\/wp\/v2\/comments?post=345164"}],"version-history":[{"count":0,"href":"https:\/\/www.europesays.com\/fr\/wp-json\/wp\/v2\/posts\/345164\/revisions"}],"wp:featuredmedia":[{"embeddable":true,"href":"https:\/\/www.europesays.com\/fr\/wp-json\/wp\/v2\/media\/345165"}],"wp:attachment":[{"href":"https:\/\/www.europesays.com\/fr\/wp-json\/wp\/v2\/media?parent=345164"}],"wp:term":[{"taxonomy":"category","embeddable":true,"href":"https:\/\/www.europesays.com\/fr\/wp-json\/wp\/v2\/categories?post=345164"},{"taxonomy":"post_tag","embeddable":true,"href":"https:\/\/www.europesays.com\/fr\/wp-json\/wp\/v2\/tags?post=345164"}],"curies":[{"name":"wp","href":"https:\/\/api.w.org\/{rel}","templated":true}]}}