{"id":345172,"date":"2025-08-26T12:46:16","date_gmt":"2025-08-26T12:46:16","guid":{"rendered":"https:\/\/www.europesays.com\/fr\/345172\/"},"modified":"2025-08-26T12:46:16","modified_gmt":"2025-08-26T12:46:16","slug":"vols-a-la-roulotte-dans-une-commune-proche-de-montpellier-un-mineur-de-17-ans-interpelle","status":"publish","type":"post","link":"https:\/\/www.europesays.com\/fr\/345172\/","title":{"rendered":"Vols \u00e0 la roulotte dans une commune proche de Montpellier\u00a0: un mineur de 17 ans interpell\u00e9"},"content":{"rendered":"<p>\n                                                                Le jeune homme, qui circulait sur un scooter vol\u00e9, encha\u00eenait les larcins. Les t\u00e9moignages des habitants et la coop\u00e9ration des forces de l\u2019ordre ont permis de l\u2019appr\u00e9hender.\n                            <\/p>\n<p>L\u2019auteur de plusieurs vols \u00e0 la roulotte dans la commune de Grabels, au nord de Montpellier, a \u00e9t\u00e9 interpell\u00e9 mercredi 20\u00a0ao\u00fbt gr\u00e2ce aux t\u00e9moignages fournis par des habitants, et \u00e0 l\u2019action conjugu\u00e9e de la police municipale et des gendarmes de la brigade de Saint-G\u00e9ly-du-Fesc.<\/p>\n<p>V\u00e9los, num\u00e9raire\u2026<\/p>\n<p>Se d\u00e9pla\u00e7ant au guidon d\u2019un scooter d\u00e9clar\u00e9 vol\u00e9, le mis en cause encha\u00eenait les larcins en se servant dans des voitures. Il avait en outre vol\u00e9 deux v\u00e9los. Plusieurs centaines d\u2019euros en liquide ont par ailleurs \u00e9t\u00e9 retrouv\u00e9es sur lui.<\/p>\n<p>Il s\u2019agit d\u2019un ressortissant \u00e9tranger, mineur non accompagn\u00e9 \u00e2g\u00e9 de 17 ans. Il a \u00e9t\u00e9 remis \u00e0 un foyer et est convoqu\u00e9 devant le juge des enfants le 22\u00a0octobre prochain.<\/p>\n","protected":false},"excerpt":{"rendered":"Le jeune homme, qui circulait sur un scooter vol\u00e9, encha\u00eenait les larcins. Les t\u00e9moignages des habitants et la&hellip;\n","protected":false},"author":2,"featured_media":345173,"comment_status":"","ping_status":"","sticky":false,"template":"","format":"standard","meta":{"footnotes":""},"categories":[9599],"tags":[1111,11,1777,674,1011,27,2208,12,2680,25],"class_list":{"0":"post-345172","1":"post","2":"type-post","3":"status-publish","4":"format-standard","5":"has-post-thumbnail","7":"category-montpellier","8":"tag-actu","9":"tag-actualites","10":"tag-eu","11":"tag-europe","12":"tag-fr","13":"tag-france","14":"tag-montpellier","15":"tag-news","16":"tag-occitanie","17":"tag-republique-francaise"},"share_on_mastodon":{"url":"https:\/\/pubeurope.com\/@fr\/115095141312317408","error":""},"_links":{"self":[{"href":"https:\/\/www.europesays.com\/fr\/wp-json\/wp\/v2\/posts\/345172","targetHints":{"allow":["GET"]}}],"collection":[{"href":"https:\/\/www.europesays.com\/fr\/wp-json\/wp\/v2\/posts"}],"about":[{"href":"https:\/\/www.europesays.com\/fr\/wp-json\/wp\/v2\/types\/post"}],"author":[{"embeddable":true,"href":"https:\/\/www.europesays.com\/fr\/wp-json\/wp\/v2\/users\/2"}],"replies":[{"embeddable":true,"href":"https:\/\/www.europesays.com\/fr\/wp-json\/wp\/v2\/comments?post=345172"}],"version-history":[{"count":0,"href":"https:\/\/www.europesays.com\/fr\/wp-json\/wp\/v2\/posts\/345172\/revisions"}],"wp:featuredmedia":[{"embeddable":true,"href":"https:\/\/www.europesays.com\/fr\/wp-json\/wp\/v2\/media\/345173"}],"wp:attachment":[{"href":"https:\/\/www.europesays.com\/fr\/wp-json\/wp\/v2\/media?parent=345172"}],"wp:term":[{"taxonomy":"category","embeddable":true,"href":"https:\/\/www.europesays.com\/fr\/wp-json\/wp\/v2\/categories?post=345172"},{"taxonomy":"post_tag","embeddable":true,"href":"https:\/\/www.europesays.com\/fr\/wp-json\/wp\/v2\/tags?post=345172"}],"curies":[{"name":"wp","href":"https:\/\/api.w.org\/{rel}","templated":true}]}}