{"id":345174,"date":"2025-08-26T12:47:20","date_gmt":"2025-08-26T12:47:20","guid":{"rendered":"https:\/\/www.europesays.com\/fr\/345174\/"},"modified":"2025-08-26T12:47:20","modified_gmt":"2025-08-26T12:47:20","slug":"un-jeune-homme-interpelle-apres-avoir-utilise-une-methode-etonnante-pour-voler","status":"publish","type":"post","link":"https:\/\/www.europesays.com\/fr\/345174\/","title":{"rendered":"un jeune homme interpell\u00e9 apr\u00e8s avoir utilis\u00e9 une m\u00e9thode \u00e9tonnante pour voler"},"content":{"rendered":"<p>            Par<br \/>\n        <strong><br \/>\n            <a href=\"https:\/\/actu.fr\/auteur\/lea-pippinato\" title=\"Consulter tous les articles de L\u00e9a Pippinato\" target=\"_blank\" rel=\"noopener\">L\u00e9a Pippinato<\/a><br \/>\n        <\/strong><\/p>\n<p>        Publi\u00e9 le<\/p>\n<p>            26 ao\u00fbt 2025 \u00e0 10h42        <\/p>\n<p><strong>Dans la nuit de ce samedi 23 ao\u00fbt 2025<\/strong>, un lyc\u00e9en sort d\u2019un bar du centre historique de Montpellier. Il marche avec un ami lorsque, soudain, un individu l\u2019approche. L\u2019homme se met \u00e0 <strong>danser<\/strong> autour de lui. Le geste semble anodin, presque amusant. Mais il cache en r\u00e9alit\u00e9 une <strong>man\u0153uvre de vol<\/strong>.<\/p>\n<p>    <a href=\"https:\/\/www.google.com\/maps\/embed?pb=!1m18!1m12!1m3!1d23114.090373704526!2d3.8371328!3d43.6011008!2m3!1f0!2f0!3f0!3m2!1i1024!2i768!4f13.1!3m3!1m2!1s0x12b6af07764d6921%3A0xa44ea64f0246bb92!2sCtre%20Historique%2C%2034000%20Montpellier!5e0!3m2!1sfr!2sfr!4v1756153247151!5m2!1sfr!2sfr\" title=\"Ouvrie le lien\" target=\"_blank\" rel=\"noopener\">Cliquez ici pour visualiser le contenu<\/a><\/p>\n<p class=\" wall-content\">L\u2019adolescent re\u00e7oit un coup au thorax. L\u2019agresseur saisit sa cha\u00eene et tente de la lui arracher. La victime, d\u00e9j\u00e0 confront\u00e9e \u00e0 ce type de stratag\u00e8me, comprend imm\u00e9diatement la situation. Il r\u00e9clame son collier. \u00c0 sa surprise, l\u2019auteur finit par lui rendre le bijou.<\/p>\n<p>Le man\u00e8ge r\u00e9p\u00e9t\u00e9 sur d\u2019autres passants<\/p>\n<p class=\" wall-content\">Le jeune homme observe alors son agresseur. Celui-ci s\u2019\u00e9loigne de quelques pas puis reprend la m\u00eame mise en sc\u00e8ne autour d\u2019autres personnes. Le lyc\u00e9en d\u00e9cide de pr\u00e9venir la <strong>police nationale<\/strong>. Quelques minutes plus tard, les agents parviennent \u00e0 interpeller le suspect. N\u00e9 en 2007, sans domicile fixe, il a d\u00e9j\u00e0 fait parler de lui. <strong>Le 19 ao\u00fbt<\/strong>, seulement quatre jours plus t\u00f4t, il avait vol\u00e9 un <strong>collier<\/strong> dans des circonstances similaires. L\u2019adolescent est aussi sous le coup d\u2019une obligation de quitter l\u2019espace Schengen. Le jeune interpell\u00e9 a \u00e9t\u00e9 plac\u00e9 en garde \u00e0 vue et pr\u00e9sent\u00e9 <strong>ce dimanche 24 ao\u00fbt<\/strong> devant le tribunal judiciaire de Montpellier dans le cadre d\u2019une comparution imm\u00e9diate.<\/p>\n<p class=\" wall-content\">Personnalisez votre actualit\u00e9 en ajoutant vos villes et m\u00e9dias en favori avec <a href=\"https:\/\/moncompte.actu.fr\" title=\"D\u00e9couvez Mon Actu\" rel=\"nofollow noopener\" data-trk=\"{&quot;cta&quot;:{&quot;action&quot;:&quot;https:\\\/\\\/moncompte.actu.fr&quot;,&quot;category&quot;:&quot;mon compte&quot;,&quot;from&quot;:&quot;article footer&quot;,&quot;name&quot;:&quot;Mon actu&quot;,&quot;type&quot;:&quot;cta&quot;}}\" target=\"_blank\">Mon Actu<\/a>.<\/p>\n","protected":false},"excerpt":{"rendered":"Par L\u00e9a Pippinato Publi\u00e9 le 26 ao\u00fbt 2025 \u00e0 10h42 Dans la nuit de ce samedi 23 ao\u00fbt&hellip;\n","protected":false},"author":2,"featured_media":345175,"comment_status":"","ping_status":"","sticky":false,"template":"","format":"standard","meta":{"footnotes":""},"categories":[9599],"tags":[1111,11,1777,674,118,1011,27,2208,12,2680,1072,25],"class_list":{"0":"post-345174","1":"post","2":"type-post","3":"status-publish","4":"format-standard","5":"has-post-thumbnail","7":"category-montpellier","8":"tag-actu","9":"tag-actualites","10":"tag-eu","11":"tag-europe","12":"tag-faits-divers","13":"tag-fr","14":"tag-france","15":"tag-montpellier","16":"tag-news","17":"tag-occitanie","18":"tag-police","19":"tag-republique-francaise"},"share_on_mastodon":{"url":"https:\/\/pubeurope.com\/@fr\/115095145588840929","error":""},"_links":{"self":[{"href":"https:\/\/www.europesays.com\/fr\/wp-json\/wp\/v2\/posts\/345174","targetHints":{"allow":["GET"]}}],"collection":[{"href":"https:\/\/www.europesays.com\/fr\/wp-json\/wp\/v2\/posts"}],"about":[{"href":"https:\/\/www.europesays.com\/fr\/wp-json\/wp\/v2\/types\/post"}],"author":[{"embeddable":true,"href":"https:\/\/www.europesays.com\/fr\/wp-json\/wp\/v2\/users\/2"}],"replies":[{"embeddable":true,"href":"https:\/\/www.europesays.com\/fr\/wp-json\/wp\/v2\/comments?post=345174"}],"version-history":[{"count":0,"href":"https:\/\/www.europesays.com\/fr\/wp-json\/wp\/v2\/posts\/345174\/revisions"}],"wp:featuredmedia":[{"embeddable":true,"href":"https:\/\/www.europesays.com\/fr\/wp-json\/wp\/v2\/media\/345175"}],"wp:attachment":[{"href":"https:\/\/www.europesays.com\/fr\/wp-json\/wp\/v2\/media?parent=345174"}],"wp:term":[{"taxonomy":"category","embeddable":true,"href":"https:\/\/www.europesays.com\/fr\/wp-json\/wp\/v2\/categories?post=345174"},{"taxonomy":"post_tag","embeddable":true,"href":"https:\/\/www.europesays.com\/fr\/wp-json\/wp\/v2\/tags?post=345174"}],"curies":[{"name":"wp","href":"https:\/\/api.w.org\/{rel}","templated":true}]}}