{"id":345176,"date":"2025-08-26T12:48:12","date_gmt":"2025-08-26T12:48:12","guid":{"rendered":"https:\/\/www.europesays.com\/fr\/345176\/"},"modified":"2025-08-26T12:48:12","modified_gmt":"2025-08-26T12:48:12","slug":"une-femme-prise-au-piege-dans-sa-voiture","status":"publish","type":"post","link":"https:\/\/www.europesays.com\/fr\/345176\/","title":{"rendered":"une femme prise au pi\u00e8ge dans sa voiture"},"content":{"rendered":"<p>            Par<br \/>\n        <strong><br \/>\n            <a href=\"https:\/\/actu.fr\/auteur\/thomas-rideau\" title=\"Consulter tous les articles de Thomas Rideau\" rel=\"nofollow noopener\" target=\"_blank\">Thomas Rideau<\/a><br \/>\n        <\/strong><\/p>\n<p>        Publi\u00e9 le<\/p>\n<p>            26 ao\u00fbt 2025 \u00e0 14h30<br \/>\n        ; mis \u00e0 jour le 26 ao\u00fbt 2025 \u00e0 14h33    <\/p>\n<p>Un <strong>grave accident<\/strong> de la route a eu lieu \u00e0 <a href=\"https:\/\/actu.fr\/normandie\/saint-pierre-de-varengeville_76636\" rel=\"nofollow noopener\" target=\"_blank\">Saint-Pierre-de-Varengeville (Seine-Maritime)<\/a>, vers 12h30, ce mardi 26\u00a0ao\u00fbt 2025. <strong>Trois victimes<\/strong> sont \u00e0 d\u00e9plorer et deux ont \u00e9t\u00e9 transport\u00e9es en urgence au CHU de Rouen, apprend-on du Service d\u00e9partemental d\u2019incendie et de secours.<\/p>\n<p>Pi\u00e9g\u00e9e dans sa voiture<\/p>\n<p class=\" wall-content\">Les faits ont eu lieu route de Barentin. Sur place, <a href=\"https:\/\/actu.fr\/tag\/pompiers\" rel=\"nofollow noopener\" target=\"_blank\">les pompiers<\/a> constatent qu\u2019un choc a eu lieu entre deux voitures, a priori \u00e0 relative faible allure. Mais la conductrice de l\u2019un des v\u00e9hicules s\u2019est retrouv\u00e9e pi\u00e9g\u00e9e au sein de sa voiture. Les pompiers ont d\u00fb la d\u00e9sincarc\u00e9rer.<\/p>\n<p class=\" wall-content\">La conductrice,<strong> \u00e2g\u00e9e de 58\u00a0ans<\/strong>, et sa passag\u00e8re, \u00e2g\u00e9e de 78\u00a0ans, ont \u00e9t\u00e9 conduites en urgence relative au CHU de Rouen. Une autre personne concern\u00e9e par l\u2019accident, un homme de 88\u00a0ans s\u2019en sort indemne.<\/p>\n<p>Suivez l\u2019actualit\u00e9 de Rouen <a href=\"https:\/\/www.whatsapp.com\/channel\/0029VaKfnf99hXF2ddApFB1D\" rel=\"nofollow noopener\" target=\"_blank\">sur notre cha\u00eene WhatsApp<\/a> et <a href=\"https:\/\/www.tiktok.com\/@76actu.fr?lang=fr\" rel=\"nofollow noopener\" target=\"_blank\">sur notre compte TikTok<\/a><\/p>\n<p class=\" wall-content\">Personnalisez votre actualit\u00e9 en ajoutant vos villes et m\u00e9dias en favori avec <a href=\"https:\/\/moncompte.actu.fr\" title=\"D\u00e9couvez Mon Actu\" rel=\"nofollow noopener\" data-trk=\"{&quot;cta&quot;:{&quot;action&quot;:&quot;https:\\\/\\\/moncompte.actu.fr&quot;,&quot;category&quot;:&quot;mon compte&quot;,&quot;from&quot;:&quot;article footer&quot;,&quot;name&quot;:&quot;Mon actu&quot;,&quot;type&quot;:&quot;cta&quot;}}\" target=\"_blank\">Mon Actu<\/a>.<\/p>\n<p>                    <script async src=\"\/\/www.tiktok.com\/embed.js\"><\/script><\/p>\n","protected":false},"excerpt":{"rendered":"Par Thomas Rideau Publi\u00e9 le 26 ao\u00fbt 2025 \u00e0 14h30 ; mis \u00e0 jour le 26 ao\u00fbt 2025&hellip;\n","protected":false},"author":2,"featured_media":345177,"comment_status":"","ping_status":"","sticky":false,"template":"","format":"standard","meta":{"footnotes":""},"categories":[9587],"tags":[119,1111,11,1777,674,118,1011,27,12,5161,1311,25,9590],"class_list":{"0":"post-345176","1":"post","2":"type-post","3":"status-publish","4":"format-standard","5":"has-post-thumbnail","7":"category-rouen","8":"tag-accident","9":"tag-actu","10":"tag-actualites","11":"tag-eu","12":"tag-europe","13":"tag-faits-divers","14":"tag-fr","15":"tag-france","16":"tag-news","17":"tag-normandie","18":"tag-pompiers","19":"tag-republique-francaise","20":"tag-rouen"},"share_on_mastodon":{"url":"https:\/\/pubeurope.com\/@fr\/115095149177439684","error":""},"_links":{"self":[{"href":"https:\/\/www.europesays.com\/fr\/wp-json\/wp\/v2\/posts\/345176","targetHints":{"allow":["GET"]}}],"collection":[{"href":"https:\/\/www.europesays.com\/fr\/wp-json\/wp\/v2\/posts"}],"about":[{"href":"https:\/\/www.europesays.com\/fr\/wp-json\/wp\/v2\/types\/post"}],"author":[{"embeddable":true,"href":"https:\/\/www.europesays.com\/fr\/wp-json\/wp\/v2\/users\/2"}],"replies":[{"embeddable":true,"href":"https:\/\/www.europesays.com\/fr\/wp-json\/wp\/v2\/comments?post=345176"}],"version-history":[{"count":0,"href":"https:\/\/www.europesays.com\/fr\/wp-json\/wp\/v2\/posts\/345176\/revisions"}],"wp:featuredmedia":[{"embeddable":true,"href":"https:\/\/www.europesays.com\/fr\/wp-json\/wp\/v2\/media\/345177"}],"wp:attachment":[{"href":"https:\/\/www.europesays.com\/fr\/wp-json\/wp\/v2\/media?parent=345176"}],"wp:term":[{"taxonomy":"category","embeddable":true,"href":"https:\/\/www.europesays.com\/fr\/wp-json\/wp\/v2\/categories?post=345176"},{"taxonomy":"post_tag","embeddable":true,"href":"https:\/\/www.europesays.com\/fr\/wp-json\/wp\/v2\/tags?post=345176"}],"curies":[{"name":"wp","href":"https:\/\/api.w.org\/{rel}","templated":true}]}}