{"id":345178,"date":"2025-08-26T12:49:25","date_gmt":"2025-08-26T12:49:25","guid":{"rendered":"https:\/\/www.europesays.com\/fr\/345178\/"},"modified":"2025-08-26T12:49:25","modified_gmt":"2025-08-26T12:49:25","slug":"son-pilote-se-rebelle-contre-les-policiers","status":"publish","type":"post","link":"https:\/\/www.europesays.com\/fr\/345178\/","title":{"rendered":"son pilote se rebelle contre les policiers"},"content":{"rendered":"<p>\t\t\t\t\t Les policiers sont alors intervenus pour proc\u00e9der \u00e0 son interpellation. Le pilote a oppos\u00e9 une vive r\u00e9sistance, aid\u00e9 par les autres individus qui ont port\u00e9 des coups de pied aux fonctionnaires. Finalement, le jeune homme a \u00e9t\u00e9 neutralis\u00e9 puis interpell\u00e9. Il a \u00e9t\u00e9 plac\u00e9 en garde \u00e0 vue dans la foul\u00e9e et sa moto, non signal\u00e9e vol\u00e9e, a \u00e9t\u00e9 emmen\u00e9e \u00e0 la fourrri\u00e8re. <\/p>\n<p>Dans la confusion, un autre participant aux violences a perdu son t\u00e9l\u00e9phone portable en prenant la fuite. L&rsquo;appareil, r\u00e9cup\u00e9r\u00e9 par les forces de l\u2019ordre., a permis de l&rsquo;identifi\u00e9 le fuyard qui sera interpell\u00e9 ult\u00e9rieurement. <\/p>\n<p>Une plainte a \u00e9t\u00e9 d\u00e9pos\u00e9e pour violences sur personne d\u00e9positaire de l\u2019autorit\u00e9 publique.\n\t\t\t\t <\/p>\n","protected":false},"excerpt":{"rendered":"Les policiers sont alors intervenus pour proc\u00e9der \u00e0 son interpellation. Le pilote a oppos\u00e9 une vive r\u00e9sistance, aid\u00e9&hellip;\n","protected":false},"author":2,"featured_media":345179,"comment_status":"","ping_status":"","sticky":false,"template":"","format":"standard","meta":{"footnotes":""},"categories":[9587],"tags":[1111,11,1777,674,1011,27,1934,12,5161,25,9590,5163],"class_list":{"0":"post-345178","1":"post","2":"type-post","3":"status-publish","4":"format-standard","5":"has-post-thumbnail","7":"category-rouen","8":"tag-actu","9":"tag-actualites","10":"tag-eu","11":"tag-europe","12":"tag-fr","13":"tag-france","14":"tag-infos-locales","15":"tag-news","16":"tag-normandie","17":"tag-republique-francaise","18":"tag-rouen","19":"tag-seine-maritime"},"share_on_mastodon":{"url":"https:\/\/pubeurope.com\/@fr\/115095153103420083","error":""},"_links":{"self":[{"href":"https:\/\/www.europesays.com\/fr\/wp-json\/wp\/v2\/posts\/345178","targetHints":{"allow":["GET"]}}],"collection":[{"href":"https:\/\/www.europesays.com\/fr\/wp-json\/wp\/v2\/posts"}],"about":[{"href":"https:\/\/www.europesays.com\/fr\/wp-json\/wp\/v2\/types\/post"}],"author":[{"embeddable":true,"href":"https:\/\/www.europesays.com\/fr\/wp-json\/wp\/v2\/users\/2"}],"replies":[{"embeddable":true,"href":"https:\/\/www.europesays.com\/fr\/wp-json\/wp\/v2\/comments?post=345178"}],"version-history":[{"count":0,"href":"https:\/\/www.europesays.com\/fr\/wp-json\/wp\/v2\/posts\/345178\/revisions"}],"wp:featuredmedia":[{"embeddable":true,"href":"https:\/\/www.europesays.com\/fr\/wp-json\/wp\/v2\/media\/345179"}],"wp:attachment":[{"href":"https:\/\/www.europesays.com\/fr\/wp-json\/wp\/v2\/media?parent=345178"}],"wp:term":[{"taxonomy":"category","embeddable":true,"href":"https:\/\/www.europesays.com\/fr\/wp-json\/wp\/v2\/categories?post=345178"},{"taxonomy":"post_tag","embeddable":true,"href":"https:\/\/www.europesays.com\/fr\/wp-json\/wp\/v2\/tags?post=345178"}],"curies":[{"name":"wp","href":"https:\/\/api.w.org\/{rel}","templated":true}]}}