{"id":345180,"date":"2025-08-26T12:50:10","date_gmt":"2025-08-26T12:50:10","guid":{"rendered":"https:\/\/www.europesays.com\/fr\/345180\/"},"modified":"2025-08-26T12:50:10","modified_gmt":"2025-08-26T12:50:10","slug":"les-transports-en-commun-gratuits-pendant-une-journee-voici-quand","status":"publish","type":"post","link":"https:\/\/www.europesays.com\/fr\/345180\/","title":{"rendered":"les transports en commun gratuits pendant une journ\u00e9e, voici quand"},"content":{"rendered":"<p>            Par<br \/>\n        <strong><br \/>\n            <a href=\"https:\/\/actu.fr\/auteur\/emma-ressegaire\" title=\"Consulter tous les articles de Emma Ressegaire\" target=\"_blank\" rel=\"noopener\">Emma Ressegaire<\/a><br \/>\n        <\/strong><\/p>\n<p>        Publi\u00e9 le<\/p>\n<p>            26 ao\u00fbt 2025 \u00e0 14h21        <\/p>\n<p>Bonne nouvelle ! Le r\u00e9seau de transports en commun de l\u2019aire grenobloise (<a href=\"https:\/\/actu.fr\/grenoble\/\" target=\"_blank\" rel=\"noopener\">Grenoble<\/a>, Pays Voironnais, Gr\u00e9sivaudan), M r\u00e9so, annonce la gratuit\u00e9 des transports <strong>le lundi 1er septembre prochain<\/strong>.\u00a0<\/p>\n<p class=\" wall-content\">\u00ab\u00a0La rentr\u00e9e du bon pied et l\u2019occasion d\u2019essayer les transports en commun\u00a0\u00bb, indique M r\u00e9so sur son site internet.<\/p>\n<p class=\" wall-content\">\u00c0 noter que cette gratuit\u00e9 <strong>ne concerne pas les cars de la R\u00e9gion ni les TER<\/strong>.<\/p>\n<p>Les horaires des agences ajust\u00e9s<\/p>\n<p class=\" wall-content\">Pour celles et ceux qui n\u2019ont toujours pas fait <strong>leur abonnement avant cette nouvelle rentr\u00e9e<\/strong>, M r\u00e9so r\u00e9ajuste, du jeudi 28 ao\u00fbt au mercredi 3 septembre, certains horaires des agences de mobilit\u00e9 M :<\/p>\n<ul class=\" wall-content\">\n<li>Agences M Grand\u2019place et Centre-Ville de Grenoble : du lundi au vendredi de 8h \u00e0 19h30 et le samedi de 9h \u00e0 17h ;<\/li>\n<li>Agence M StationMobile de Grenoble : du lundi au vendredi de 8h \u00e0 19h30 et ouverture exceptionnelle samedi 30 ao\u00fbt de 9h \u00e0 17h ;<\/li>\n<li>Agence M de Crolles : du lundi au samedi de 8h \u00e0 18h30 ;<\/li>\n<li>Agence M de Voiron : du lundi au vendredi de 8h \u00e0 12h et de 14h \u00e0 18h et le samedi de 9h \u00e0 12h ;<\/li>\n<li>Agence M Le Square de Grenoble : du lundi au samedi de 8h \u00e0 18h30 ;<\/li>\n<li>Relais M du campus : du lundi au vendredi de 7h \u00e0 19h.<\/li>\n<\/ul>\n<p class=\" wall-content\">Personnalisez votre actualit\u00e9 en ajoutant vos villes et m\u00e9dias en favori avec <a href=\"https:\/\/moncompte.actu.fr\" title=\"D\u00e9couvez Mon Actu\" rel=\"nofollow noopener\" data-trk=\"{&quot;cta&quot;:{&quot;action&quot;:&quot;https:\\\/\\\/moncompte.actu.fr&quot;,&quot;category&quot;:&quot;mon compte&quot;,&quot;from&quot;:&quot;article footer&quot;,&quot;name&quot;:&quot;Mon actu&quot;,&quot;type&quot;:&quot;cta&quot;}}\" target=\"_blank\">Mon Actu<\/a>.<\/p>\n","protected":false},"excerpt":{"rendered":"Par Emma Ressegaire Publi\u00e9 le 26 ao\u00fbt 2025 \u00e0 14h21 Bonne nouvelle ! Le r\u00e9seau de transports en&hellip;\n","protected":false},"author":2,"featured_media":52147,"comment_status":"","ping_status":"","sticky":false,"template":"","format":"standard","meta":{"footnotes":""},"categories":[9566],"tags":[1111,11,2430,1777,674,1011,27,2731,12,25,104,2803,8194],"class_list":{"0":"post-345180","1":"post","2":"type-post","3":"status-publish","4":"format-standard","5":"has-post-thumbnail","7":"category-grenoble","8":"tag-actu","9":"tag-actualites","10":"tag-auvergne-rhone-alpes","11":"tag-eu","12":"tag-europe","13":"tag-fr","14":"tag-france","15":"tag-grenoble","16":"tag-news","17":"tag-republique-francaise","18":"tag-societe","19":"tag-transport","20":"tag-transport-de-lagglomeration-grenobloise-tag"},"share_on_mastodon":{"url":"https:\/\/pubeurope.com\/@fr\/115095157207439889","error":""},"_links":{"self":[{"href":"https:\/\/www.europesays.com\/fr\/wp-json\/wp\/v2\/posts\/345180","targetHints":{"allow":["GET"]}}],"collection":[{"href":"https:\/\/www.europesays.com\/fr\/wp-json\/wp\/v2\/posts"}],"about":[{"href":"https:\/\/www.europesays.com\/fr\/wp-json\/wp\/v2\/types\/post"}],"author":[{"embeddable":true,"href":"https:\/\/www.europesays.com\/fr\/wp-json\/wp\/v2\/users\/2"}],"replies":[{"embeddable":true,"href":"https:\/\/www.europesays.com\/fr\/wp-json\/wp\/v2\/comments?post=345180"}],"version-history":[{"count":0,"href":"https:\/\/www.europesays.com\/fr\/wp-json\/wp\/v2\/posts\/345180\/revisions"}],"wp:featuredmedia":[{"embeddable":true,"href":"https:\/\/www.europesays.com\/fr\/wp-json\/wp\/v2\/media\/52147"}],"wp:attachment":[{"href":"https:\/\/www.europesays.com\/fr\/wp-json\/wp\/v2\/media?parent=345180"}],"wp:term":[{"taxonomy":"category","embeddable":true,"href":"https:\/\/www.europesays.com\/fr\/wp-json\/wp\/v2\/categories?post=345180"},{"taxonomy":"post_tag","embeddable":true,"href":"https:\/\/www.europesays.com\/fr\/wp-json\/wp\/v2\/tags?post=345180"}],"curies":[{"name":"wp","href":"https:\/\/api.w.org\/{rel}","templated":true}]}}